{"id":10099,"date":"2024-06-04T12:18:49","date_gmt":"2024-06-04T10:18:49","guid":{"rendered":"https:\/\/www.designreisen.de\/magazin\/?p=10099"},"modified":"2025-03-03T16:48:52","modified_gmt":"2025-03-03T15:48:52","slug":"das-sind-die-besten-reiseziele-im-juni","status":"publish","type":"post","link":"https:\/\/www.designreisen.de\/magazin\/das-sind-die-besten-reiseziele-im-juni\/","title":{"rendered":"Das sind die besten Reiseziele im Juni"},"content":{"rendered":"\n<p>Mit warmen bis hei\u00dfen Temperaturen in ganz <a href=\"https:\/\/www.designreisen.de\/luxusreisen\/europa\">Europa<\/a> gibt es kaum Destinationen, die sich nicht als gute Reiseziele im Juni eignen w\u00fcrden. Und auch global betrachtet, ist der Juni ein \u00fcberaus guter Zeitpunkt f\u00fcr einen Urlaub mit viel Sonne, Strand und Meer. Da f\u00e4llt die Wahl oft schwer. Gl\u00fccklicherweise sind die Reisedesigner von Designreisen wahre Experten und Expertinnen auf ihrem Gebiet und helfen bei der Entscheidungsfindung. Welche <a href=\"https:\/\/www.designreisen.de\/luxusreisen\/reiseziele\">Reiseziele<\/a> im Juni weshalb auf ihrer Bucketlist stehen, verraten sie hier.<\/p>\n\n\n\n<div style=\"height:20px\" aria-hidden=\"true\" class=\"wp-block-spacer\"><\/div>\n\n\n\n<h2 class=\"wp-block-heading\"><strong>Mauritius<\/strong><\/h2>\n\n\n\n<div class=\"wp-block-columns is-layout-flex wp-container-core-columns-is-layout-9d6595d7 wp-block-columns-is-layout-flex\">\n<div class=\"wp-block-column is-layout-flow wp-block-column-is-layout-flow\"><\/div>\n\n\n\n<div class=\"wp-block-column is-layout-flow wp-block-column-is-layout-flow\"><\/div>\n<\/div>\n\n\n\n<h3 class=\"wp-block-heading\"><strong>Auf einen Blick<\/strong><\/h3>\n\n\n\n<p><strong>F\u00fcr wen geeignet:<\/strong> Familien, Paare, Golfer<br><strong>Beste Reisezeit:<\/strong> Juni und September bis Dezember<br><strong>Empfohlene Reisedauer:<\/strong> mind. 7 Tage<\/p>\n\n\n\n<figure class=\"wp-block-image size-full\"><img loading=\"lazy\" decoding=\"async\" width=\"1500\" height=\"1000\" src=\"https:\/\/www.designreisen.de\/magazin\/wp-content\/uploads\/2024\/04\/reiseziele-im-juni-5.webp\" alt=\"Mauritius\" class=\"wp-image-10035 animated\" srcset=\"https:\/\/www.designreisen.de\/magazin\/wp-content\/uploads\/2024\/04\/reiseziele-im-juni-5.webp 1500w, https:\/\/www.designreisen.de\/magazin\/wp-content\/uploads\/2024\/04\/reiseziele-im-juni-5-450x300.webp 450w, https:\/\/www.designreisen.de\/magazin\/wp-content\/uploads\/2024\/04\/reiseziele-im-juni-5-1024x683.webp 1024w, https:\/\/www.designreisen.de\/magazin\/wp-content\/uploads\/2024\/04\/reiseziele-im-juni-5-768x512.webp 768w\" sizes=\"auto, (max-width: 1500px) 100vw, 1500px\" \/><figcaption class=\"wp-element-caption\">\u00a9 Unsplash<\/figcaption><\/figure>\n\n\n\n<h3 class=\"wp-block-heading\"><strong>Erlebnisse und Highlights auf Mauritius<\/strong><\/h3>\n\n\n\n<p>Der Juni z\u00e4hlt zu den untersch\u00e4tzten Monaten im Inselparadies. Weil jetzt schon viele Reisende die Stranddestinationen <a href=\"https:\/\/www.designreisen.de\/luxusreisen\/europa\">Europas<\/a> im Visier haben, herrscht jetzt auf <a href=\"https:\/\/www.designreisen.de\/luxusreisen\/mauritius\">Mauritius<\/a> eine Art &#8222;Secret Season&#8220;. Die hei\u00dfesten Temperaturen sind vorbei, es regnet nur selten, der Andrang wird weniger und die Preise f\u00fcr Hotels sind etwas g\u00fcnstiger. <strong>Reisedesignerin Franziska H\u00f6rger<\/strong> kennt die Insel wie ihre Westentasche. Sie empfiehlt unter anderem, sich dem Eiland \u00fcber seine K\u00fcche zu n\u00e4hern. Mauritius ist ein Schmelztiegel decr Kulturen. Entsprechend vielf\u00e4ltig pr\u00e4sentiert sich die Auswahl unterschiedlichster Gerichte. Bei einer Tour mit &#8222;Tastebuddies&#8220; kann man ganz tief in einheimisches Streetfood eintauchen und nebenbei sehr viel \u00fcber die Geschichte Mauritius&#8216; erfahren.<\/p>\n\n\n\n<p>Wer sich zu den leidenschaftlichen <a href=\"https:\/\/www.designreisen.de\/luxusreisen\/golfers-paradise\">Golfern<\/a> z\u00e4hlt, ist ebenfalls richtig. Dank ihrer Lage, eingebettet in das \u00fcppipge Tropengr\u00fcn der Traumdestination gelingen hier Abschl\u00e4ge mit besonders guten Aussichten. Die Natur ist bei jedem Schritt nicht nur Begleiterin, sondern bietet auch einige spielerische Herausforderungen. Zus\u00e4tzlich ansprechend ist, dass es f\u00fcr jedes spielerische Niveau den passenden Platz gibt. Egal, ob man die Platzreifepr\u00fcfung machen m\u00f6chte oder ehrgeizige sportliche Ziele verfolgt. Verantwortlich daf\u00fcr zeichnen einige der weltweit f\u00fchrenden Golfarchitekten.<\/p>\n\n\n\n<p>Neben Sonne und Strand sollten auch weitere typische Highlights wie beispielsweise die Besteigung des Le Morne auf dem Programm stehen. Guides bringen einen fr\u00fch morgens hinauf auf den Gipfel der historisch bedeutsamen Erhebung. Der Aufstieg mag anstrengend sein, aber von oben genie\u00dft man eine tolle Aussicht und kann den &#8222;Underwater Waterfall&#8220; erahnen. Die &#8222;Seven Colored Earth&#8220;, der Wasserfall von Chamarel und ein Rum Tasting sind weitere Must Dos auf Mauritius. <\/p>\n\n\n\n<h3 class=\"wp-block-heading\"><strong>Hoteltipp auf Mauritius<\/strong><\/h3>\n\n\n\n<p><strong>One&amp;Only Le Saint G\u00e9ran<\/strong><\/p>\n\n\n\n<figure class=\"wp-block-image size-full\"><img loading=\"lazy\" decoding=\"async\" width=\"1500\" height=\"1015\" src=\"https:\/\/www.designreisen.de\/magazin\/wp-content\/uploads\/2024\/04\/reiseziele-im-juni-2.webp\" alt=\"\" class=\"wp-image-10037 animated\" srcset=\"https:\/\/www.designreisen.de\/magazin\/wp-content\/uploads\/2024\/04\/reiseziele-im-juni-2.webp 1500w, https:\/\/www.designreisen.de\/magazin\/wp-content\/uploads\/2024\/04\/reiseziele-im-juni-2-443x300.webp 443w, https:\/\/www.designreisen.de\/magazin\/wp-content\/uploads\/2024\/04\/reiseziele-im-juni-2-1024x693.webp 1024w, https:\/\/www.designreisen.de\/magazin\/wp-content\/uploads\/2024\/04\/reiseziele-im-juni-2-768x520.webp 768w\" sizes=\"auto, (max-width: 1500px) 100vw, 1500px\" \/><figcaption class=\"wp-element-caption\">\u00a9 One&amp;Only<\/figcaption><\/figure>\n\n\n\n<p>An der Nordostk\u00fcste erwartet mit dem <a href=\"https:\/\/www.designreisen.de\/luxusreisen\/belle-mare-oneonly-le-saint-geran\">One&amp;Only Le Saint G\u00e9ran<\/a> die G\u00e4ste ein au\u00dfergew\u00f6hnlich luxuri\u00f6ses Hotel auf <a href=\"https:\/\/www.designreisen.de\/luxusreisen\/mauritius\">Mauritius<\/a>. Hier wohnt man in niedrigen Bungalows, die sich umgeben von viel Gr\u00fcn unter hohen Palmen ducken. Das exklusive Ambiente und die hervorragende K\u00fcche sind nur ein Teil des au\u00dfergew\u00f6hnlichen One&amp;Only Erlebnisses. \u00dcberaus gro\u00dfz\u00fcgige Suiten, abwechslungsreiche Wassersportm\u00f6glichkeiten von Kitesurfen bis Wasserskifahren und Tiefenentspannung im ESPA Spa sind weitere Argumente. Und wenn das noch nicht reicht: Der Kinderclub erm\u00f6glicht es kleinen G\u00e4sten in der Ferne neue Freunde zu finden.<\/p>\n\n\n\n<div style=\"height:20px\" aria-hidden=\"true\" class=\"wp-block-spacer\"><\/div>\n\n\n<div class=\"gb-container gb-container-f6c38bae\">\n\n<a class=\"gb-button gb-button-d7e70273 gb-button-text\" href=\"https:\/\/www.designreisen.de\/luxusreisen\/belle-mare-oneonly-le-saint-geran#reise-planen\" target=\"_blank\" rel=\"noopener noreferrer\">Angebot anfordern<\/a>\n\n<\/div>\n\n\n<div style=\"height:40px\" aria-hidden=\"true\" class=\"wp-block-spacer\"><\/div>\n\n\n\n<h2 class=\"wp-block-heading\"><strong>Kreta<\/strong><\/h2>\n\n\n\n<div class=\"wp-block-columns is-layout-flex wp-container-core-columns-is-layout-9d6595d7 wp-block-columns-is-layout-flex\">\n<div class=\"wp-block-column is-layout-flow wp-block-column-is-layout-flow\"><\/div>\n\n\n\n<div class=\"wp-block-column is-layout-flow wp-block-column-is-layout-flow\">\n<figure class=\"wp-block-image size-large\"><img loading=\"lazy\" decoding=\"async\" width=\"1024\" height=\"1024\" src=\"https:\/\/www.designreisen.de\/magazin\/wp-content\/uploads\/2024\/04\/metz-4-1024x1024.webp\" alt=\"\" class=\"wp-image-10067 animated\" srcset=\"https:\/\/www.designreisen.de\/magazin\/wp-content\/uploads\/2024\/04\/metz-4-1024x1024.webp 1024w, https:\/\/www.designreisen.de\/magazin\/wp-content\/uploads\/2024\/04\/metz-4-300x300.webp 300w, https:\/\/www.designreisen.de\/magazin\/wp-content\/uploads\/2024\/04\/metz-4-150x150.webp 150w, https:\/\/www.designreisen.de\/magazin\/wp-content\/uploads\/2024\/04\/metz-4-768x768.webp 768w, https:\/\/www.designreisen.de\/magazin\/wp-content\/uploads\/2024\/04\/metz-4.webp 1500w\" sizes=\"auto, (max-width: 1024px) 100vw, 1024px\" \/><\/figure>\n<\/div>\n\n\n\n<div class=\"wp-block-column is-layout-flow wp-block-column-is-layout-flow\"><\/div>\n<\/div>\n\n\n\n<div class=\"wp-block-columns is-layout-flex wp-container-core-columns-is-layout-9d6595d7 wp-block-columns-is-layout-flex\">\n<div class=\"wp-block-column is-layout-flow wp-block-column-is-layout-flow\"><\/div>\n\n\n\n<div class=\"wp-block-column is-layout-flow wp-block-column-is-layout-flow\">\n<p class=\"has-text-align-center has-text-color has-link-color wp-elements-f71f52949e27771d6358aa068dc2affc\" style=\"color:#998659\"><strong>Ihre Reisedesignerin<\/strong><\/p>\n\n\n\n<p class=\"has-text-align-center\">Elisa Anastasiadis<br>Expertin f\u00fcr Griechenland<\/p>\n<\/div>\n\n\n\n<div class=\"wp-block-column is-layout-flow wp-block-column-is-layout-flow\"><\/div>\n<\/div>\n\n\n\n<h3 class=\"wp-block-heading\"><strong>Auf einen Blick<\/strong><\/h3>\n\n\n\n<p><strong>F\u00fcr wen geeignet:<\/strong> Familien, Paare<br><strong>Beste Reisezeit:<\/strong> Mai, Juni, September, Oktober<br><strong>Empfohlene Reisedauer:<\/strong> ab 5 Tage<\/p>\n\n\n\n<figure class=\"wp-block-image size-full\"><img loading=\"lazy\" decoding=\"async\" width=\"1500\" height=\"1000\" src=\"https:\/\/www.designreisen.de\/magazin\/wp-content\/uploads\/2024\/04\/reiseziele-im-juni-6.webp\" alt=\"Kreta\" class=\"wp-image-10036 animated\" srcset=\"https:\/\/www.designreisen.de\/magazin\/wp-content\/uploads\/2024\/04\/reiseziele-im-juni-6.webp 1500w, https:\/\/www.designreisen.de\/magazin\/wp-content\/uploads\/2024\/04\/reiseziele-im-juni-6-450x300.webp 450w, https:\/\/www.designreisen.de\/magazin\/wp-content\/uploads\/2024\/04\/reiseziele-im-juni-6-1024x683.webp 1024w, https:\/\/www.designreisen.de\/magazin\/wp-content\/uploads\/2024\/04\/reiseziele-im-juni-6-768x512.webp 768w\" sizes=\"auto, (max-width: 1500px) 100vw, 1500px\" \/><figcaption class=\"wp-element-caption\">\u00a9 Unsplash<\/figcaption><\/figure>\n\n\n\n<h3 class=\"wp-block-heading\"><strong>Erlebnisse und Highlights auf Kreta<\/strong><\/h3>\n\n\n\n<p>Unsere Reisedesignerin und Insiderin <strong>Elisa Anastasiadis<\/strong> empfiehlt <a href=\"https:\/\/www.designreisen.de\/luxusreisen\/kreta\">Kreta<\/a> vor allem im sp\u00e4ten Fr\u00fchling und im Herbst. Im Mai und Juni herrschen bereits ideale Badetemperaturen. Und dennoch ist es am Vormittag noch nicht zu hei\u00df f\u00fcr ausgedehnte Sightseeing-Touren. Denn bei einem Urlaub auf Kreta sollte unbedingt ein Besuch von Agios Nikolaos am pittoresken Voulismeni-See auf dem Programm stehen. Tags\u00fcber kann man hier wunderbar einkaufen. Und nat\u00fcrlich die byzantinische Kapelle St. Nikolaus besuchen. Abends verwandelt sich das St\u00e4dtchen in einen Hotspot zum Ausgehen. Die kleine K\u00fcstenstadt Elounda hingegen ist ein Top-Tipp f\u00fcr Fisch-Fans. Hier gibt es zahlreiche Tavernen, wo fangfrischer Fisch auf der Karte steht. Baden in der Kolokytha Bucht ist ein besonderes Erlebnis.<\/p>\n\n\n\n<p>Das traditionelle Fischerdorf Plaka ist ein weiterer Hotspot f\u00fcr Fischliebhaber geworden. Hausgemachte Speisen und lokale K\u00f6stlichkeiten kommen in den Tavernen auf den Tisch. Zudem genie\u00dft man tolle Ausblicke auf die Insel Spinalonga aus der Mirabello-Bucht. Kritsa ist eines der \u00e4ltesten und malerischsten D\u00f6rfer Kretas. Es liegt wie ein Amphitheater auf einem Felsenh\u00fcgel und erm\u00f6glicht Blicke \u00fcber endlose Olivenhaine. Das Dorf stellt preisgekr\u00f6ntes natives Oliven\u00f6l extra her. Lokale Produkte wie dieses, Kr\u00e4uter und Honig kann man in den zahlreichen Gesch\u00e4ften kaufen.<\/p>\n\n\n\n<h3 class=\"wp-block-heading\"><strong>Hoteltipp auf Kreta<\/strong><\/h3>\n\n\n\n<p><strong>Daios Cove<\/strong><\/p>\n\n\n\n<figure class=\"wp-block-image size-full\"><img loading=\"lazy\" decoding=\"async\" width=\"1500\" height=\"1000\" src=\"https:\/\/www.designreisen.de\/magazin\/wp-content\/uploads\/2024\/04\/reiseziele-im-juni-3.webp\" alt=\"Daios Cove\" class=\"wp-image-10038 animated\" srcset=\"https:\/\/www.designreisen.de\/magazin\/wp-content\/uploads\/2024\/04\/reiseziele-im-juni-3.webp 1500w, https:\/\/www.designreisen.de\/magazin\/wp-content\/uploads\/2024\/04\/reiseziele-im-juni-3-450x300.webp 450w, https:\/\/www.designreisen.de\/magazin\/wp-content\/uploads\/2024\/04\/reiseziele-im-juni-3-1024x683.webp 1024w, https:\/\/www.designreisen.de\/magazin\/wp-content\/uploads\/2024\/04\/reiseziele-im-juni-3-768x512.webp 768w\" sizes=\"auto, (max-width: 1500px) 100vw, 1500px\" \/><figcaption class=\"wp-element-caption\">\u00a9 Daios Cove<\/figcaption><\/figure>\n\n\n\n<p>Schon seit seiner Er\u00f6ffnung geh\u00f6rt das <a href=\"https:\/\/www.designreisen.de\/luxusreisen\/kreta-daios-cove\">Luxushotel<\/a> auf Kreta zu den besten H\u00e4usern <a href=\"https:\/\/www.designreisen.de\/magazin\/schoensten-griechischen-inseln-fuer-luxusreisende\/\">der Inseln<\/a>. Vielfach ausgezeichnet, ist die anspruchsvolle Architektur eine Hommage an die Geschichte der Umgebung. Das Resort f\u00fcgt sich fast nahtlos in das 35 Hektar gro\u00dfe Areal ein und liegt einfach traumhaft. Denn hier k\u00f6nnen die G\u00e4ste in einer privaten Bucht baden, am feinsandigem Strand die Sonne genie\u00dfen und sich verw\u00f6hnen lassen. Aus den minimalistisch-eleganten Suiten blickt man hinaus auf das glitzernd blaue Meer und l\u00e4sst die Seele baumeln. Einige der Unterk\u00fcnfte haben sogar einen Privatstrand. Kulinarisch darf man sich auf lokale, saisonale Zutaten, verarbeitet zu Hochgen\u00fcssen, freuen.<\/p>\n\n\n\n<div style=\"height:20px\" aria-hidden=\"true\" class=\"wp-block-spacer\"><\/div>\n\n\n<div class=\"gb-container gb-container-6fffd93a\">\n\n<a class=\"gb-button gb-button-f1dd9d7b gb-button-text\" href=\"https:\/\/www.designreisen.de\/luxusreisen\/kreta-daios-cove#reise-planen\" target=\"_blank\" rel=\"noopener noreferrer\">Angebot anfordern<\/a>\n\n<\/div>\n\n\n<div style=\"height:40px\" aria-hidden=\"true\" class=\"wp-block-spacer\"><\/div>\n\n\n\n<h2 class=\"wp-block-heading\"><strong>Apulien<\/strong><\/h2>\n\n\n\n<div class=\"wp-block-columns is-layout-flex wp-container-core-columns-is-layout-9d6595d7 wp-block-columns-is-layout-flex\">\n<div class=\"wp-block-column is-layout-flow wp-block-column-is-layout-flow\"><\/div>\n\n\n\n<div class=\"wp-block-column is-layout-flow wp-block-column-is-layout-flow\">\n<figure class=\"wp-block-image size-large\"><img loading=\"lazy\" decoding=\"async\" width=\"1024\" height=\"1024\" src=\"https:\/\/www.designreisen.de\/magazin\/wp-content\/uploads\/2024\/04\/kuegler-1-1024x1024.webp\" alt=\"\" class=\"wp-image-10068 animated\" srcset=\"https:\/\/www.designreisen.de\/magazin\/wp-content\/uploads\/2024\/04\/kuegler-1-1024x1024.webp 1024w, https:\/\/www.designreisen.de\/magazin\/wp-content\/uploads\/2024\/04\/kuegler-1-300x300.webp 300w, https:\/\/www.designreisen.de\/magazin\/wp-content\/uploads\/2024\/04\/kuegler-1-150x150.webp 150w, https:\/\/www.designreisen.de\/magazin\/wp-content\/uploads\/2024\/04\/kuegler-1-768x768.webp 768w, https:\/\/www.designreisen.de\/magazin\/wp-content\/uploads\/2024\/04\/kuegler-1.webp 1500w\" sizes=\"auto, (max-width: 1024px) 100vw, 1024px\" \/><\/figure>\n<\/div>\n\n\n\n<div class=\"wp-block-column is-layout-flow wp-block-column-is-layout-flow\"><\/div>\n<\/div>\n\n\n\n<div class=\"wp-block-columns is-layout-flex wp-container-core-columns-is-layout-9d6595d7 wp-block-columns-is-layout-flex\">\n<div class=\"wp-block-column is-layout-flow wp-block-column-is-layout-flow\"><\/div>\n\n\n\n<div class=\"wp-block-column is-layout-flow wp-block-column-is-layout-flow\">\n<p class=\"has-text-align-center has-text-color has-link-color wp-elements-f71f52949e27771d6358aa068dc2affc\" style=\"color:#998659\"><strong>Ihre Reisedesignerin<\/strong><\/p>\n\n\n\n<p class=\"has-text-align-center\">Michaela K\u00fcgler<br>Expertin f\u00fcr Apulien<\/p>\n<\/div>\n\n\n\n<div class=\"wp-block-column is-layout-flow wp-block-column-is-layout-flow\"><\/div>\n<\/div>\n\n\n\n<h3 class=\"wp-block-heading\"><strong>Auf einen Blick<\/strong><\/h3>\n\n\n\n<p><strong>F\u00fcr wen geeignet:<\/strong> Familien, Paare, Singles<br><strong>Beste Reisezeit:<\/strong> M\u00e4rz bis Oktober<br><strong>Empfohlene Reisedauer:<\/strong> ab 5 Tage<\/p>\n\n\n\n<figure class=\"wp-block-image size-full\"><img loading=\"lazy\" decoding=\"async\" width=\"1500\" height=\"844\" src=\"https:\/\/www.designreisen.de\/magazin\/wp-content\/uploads\/2024\/04\/reiseziele-im-juni-7.webp\" alt=\"Apulien\" class=\"wp-image-10034 animated\" srcset=\"https:\/\/www.designreisen.de\/magazin\/wp-content\/uploads\/2024\/04\/reiseziele-im-juni-7.webp 1500w, https:\/\/www.designreisen.de\/magazin\/wp-content\/uploads\/2024\/04\/reiseziele-im-juni-7-450x253.webp 450w, https:\/\/www.designreisen.de\/magazin\/wp-content\/uploads\/2024\/04\/reiseziele-im-juni-7-1024x576.webp 1024w, https:\/\/www.designreisen.de\/magazin\/wp-content\/uploads\/2024\/04\/reiseziele-im-juni-7-768x432.webp 768w\" sizes=\"auto, (max-width: 1500px) 100vw, 1500px\" \/><figcaption class=\"wp-element-caption\">\u00a9 Unsplash<\/figcaption><\/figure>\n\n\n\n<h3 class=\"wp-block-heading\"><strong>Michaela K\u00fcgles Tipps f\u00fcr Highlights in Apulien<\/strong><\/h3>\n\n\n\n<p>Keine Frage, <a href=\"https:\/\/www.designreisen.de\/magazin\/rom-geheimtipps-fuer-luxusreisende\/\">Rom<\/a> oder <a href=\"https:\/\/www.designreisen.de\/magazin\/familienurlaub-auf-sardinien-tipps\/\">Sardinien<\/a> sind wundersch\u00f6ne Reiseziele in <a href=\"https:\/\/www.designreisen.de\/luxusreisen\/italien\">Italien<\/a>. Aber auch der Absatz des &#8222;Stiefels&#8220; begeistert. Hier finden sich unber\u00fchrte Natur, wei\u00df get\u00fcnchte H\u00e4user und authentische Gastfreundschaft, wie Reisedesignerin <strong>Michaela K\u00fcgler<\/strong> best\u00e4tigt. Bis vor wenigen Jahren war das sonnige Apulien sogar noch ein Geheimtipp. Doch immer mehr Menschen sch\u00e4tzen die Gegend f\u00fcr ihre Schn\u00f6rkellosigkeit und f\u00fcr das echte Dolce Vita. Und dazu geh\u00f6rt nat\u00fcrlich auch die traditionsreiche Kulinarik. Handgemachte Pasta, frische Meeresfr\u00fcchte, hochwertiges Oliven\u00f6l und Burrata wird das Herz von Gourmets erobern. Auch Weinkenner kommen in Apulien auf ihre Kosten.<\/p>\n\n\n\n<p>Idyllische Orte wie Ostuni, das lebhafte Bari und das barocke Lecce eignen sich hervorragend f\u00fcr Sightseeing, zum Einkaufen lokaler K\u00f6stlichkeiten und um Souvenirs zu erstehen. Die Menschen in Apulien leben Gastfreundschaft und nehmen Besucher gern in ihre Mitte auf. Selbstverst\u00e4ndlich eignet sich Apulien auch als eines jener Reiseziele im Juni, die Sonne, Strand und Meer bieten. Apuliens K\u00fcste ist 800 Kilometer lang. Das macht sie zur drittl\u00e4ngsten in ganz <a href=\"https:\/\/www.designreisen.de\/magazin\/italien-geheimtipps-fuer-luxusreisende\/\">Italien<\/a>. Drei der sch\u00f6nsten Str\u00e4nde sind jener von Polignano a Mare, Baia San Felice und Torre dell&#8217;Orso.<\/p>\n\n\n\n<p>In Polignano a Mare badet man im sanften Wasser der sandig-felsigen Bucht vor einer Kulisse aus wei\u00df get\u00fcnchten H\u00e4uschen, die auf dem Felsr\u00fccken in den Himmel ragen. Die Halbinsel Gargano eignet sich hervorragend f\u00fcr Wanderungen durch dichte W\u00e4lder. Und im Anschluss k\u00fchlt man sich dann am besten in der Baia San Felice ab. In der Kleinstadt Melendugno liegt mit dem Torre dell&#8217;Orso ein besonders sch\u00f6ner Strand. Er ist von Pinien umgeben und bietet zahlreiche H\u00f6hlen und Grotten. <\/p>\n\n\n\n<h3 class=\"wp-block-heading\"><strong>Hoteltipps in Apulien<\/strong><\/h3>\n\n\n\n<p><strong>Borgo Egnazia<\/strong><\/p>\n\n\n\n<figure class=\"wp-block-image size-full\"><img loading=\"lazy\" decoding=\"async\" width=\"1500\" height=\"1000\" src=\"https:\/\/www.designreisen.de\/magazin\/wp-content\/uploads\/2024\/04\/reiseziele-im-juni-4.webp\" alt=\"Borgo Egnazia\" class=\"wp-image-10039 animated\" srcset=\"https:\/\/www.designreisen.de\/magazin\/wp-content\/uploads\/2024\/04\/reiseziele-im-juni-4.webp 1500w, https:\/\/www.designreisen.de\/magazin\/wp-content\/uploads\/2024\/04\/reiseziele-im-juni-4-450x300.webp 450w, https:\/\/www.designreisen.de\/magazin\/wp-content\/uploads\/2024\/04\/reiseziele-im-juni-4-1024x683.webp 1024w, https:\/\/www.designreisen.de\/magazin\/wp-content\/uploads\/2024\/04\/reiseziele-im-juni-4-768x512.webp 768w\" sizes=\"auto, (max-width: 1500px) 100vw, 1500px\" \/><figcaption class=\"wp-element-caption\">\u00a9 Borgo Egnazia<\/figcaption><\/figure>\n\n\n\n<p>Nur 400 Meter von der adriatischen K\u00fcste entfernt, im Herzen Apuliens, liegt das <a href=\"https:\/\/www.designreisen.de\/luxusreisen\/apulien-borgo-egnazia\">Borgo Egnazia<\/a>. Dabei handelt es sich um das einzige richtige &#8222;Resort&#8220; der Gegend. Und dann gleich um ein sehr luxuri\u00f6ses! Urlaubsfeeling stellt sich dank der zahlreichen Pools und vielf\u00e4ltigen Sportm\u00f6glichkeiten quasi von selbst ein. Die Architektur erinnert stark an die Masseria, die f\u00fcr S\u00fcditalien typischen Gutsh\u00e4user. Das Anwesen ist einem apulischen Dorf (&#8222;borgo&#8220;) nachempfunden. Heller Tuffstein, innen wie au\u00dfen, dazu edle Materialien und elegant-geschmackvolles Design treffen aufeinander. Es entsteht ein wunderbarer Kontrast zum satten Blau des Himmels und des Meeres. Das Itria-Tal mit seinen flachen H\u00fcgeln, das zum UNESCO-Weltkulturerbe z\u00e4hlende Trulli-Dorf Alberobello oder das barocke Lecce, eine der sch\u00f6nsten St\u00e4dte Italiens, sowie Bari und Ostuni, sind mit dem Auto von hier aus gut erreichbar.<\/p>\n\n\n\n<div style=\"height:20px\" aria-hidden=\"true\" class=\"wp-block-spacer\"><\/div>\n\n\n<div class=\"gb-container gb-container-84368e20\">\n\n<a class=\"gb-button gb-button-1afb2194 gb-button-text\" href=\"https:\/\/www.designreisen.de\/luxusreisen\/apulien-borgo-egnazia#reise-planen\" target=\"_blank\" rel=\"noopener noreferrer\">Angebot anfordern<\/a>\n\n<\/div>\n\n\n<div style=\"height:40px\" aria-hidden=\"true\" class=\"wp-block-spacer\"><\/div>\n\n\n\n<h2 class=\"wp-block-heading\"><strong>Dubrovnik<\/strong><\/h2>\n\n\n\n<div class=\"wp-block-columns is-layout-flex wp-container-core-columns-is-layout-9d6595d7 wp-block-columns-is-layout-flex\">\n<div class=\"wp-block-column is-layout-flow wp-block-column-is-layout-flow\"><\/div>\n\n\n\n<div class=\"wp-block-column is-layout-flow wp-block-column-is-layout-flow\">\n<figure class=\"wp-block-image size-large\"><img loading=\"lazy\" decoding=\"async\" width=\"1024\" height=\"1024\" src=\"https:\/\/www.designreisen.de\/magazin\/wp-content\/uploads\/2024\/04\/kuegler-1-1024x1024.webp\" alt=\"\" class=\"wp-image-10068 animated\" srcset=\"https:\/\/www.designreisen.de\/magazin\/wp-content\/uploads\/2024\/04\/kuegler-1-1024x1024.webp 1024w, https:\/\/www.designreisen.de\/magazin\/wp-content\/uploads\/2024\/04\/kuegler-1-300x300.webp 300w, https:\/\/www.designreisen.de\/magazin\/wp-content\/uploads\/2024\/04\/kuegler-1-150x150.webp 150w, https:\/\/www.designreisen.de\/magazin\/wp-content\/uploads\/2024\/04\/kuegler-1-768x768.webp 768w, https:\/\/www.designreisen.de\/magazin\/wp-content\/uploads\/2024\/04\/kuegler-1.webp 1500w\" sizes=\"auto, (max-width: 1024px) 100vw, 1024px\" \/><\/figure>\n<\/div>\n\n\n\n<div class=\"wp-block-column is-layout-flow wp-block-column-is-layout-flow\"><\/div>\n<\/div>\n\n\n\n<div class=\"wp-block-columns is-layout-flex wp-container-core-columns-is-layout-9d6595d7 wp-block-columns-is-layout-flex\">\n<div class=\"wp-block-column is-layout-flow wp-block-column-is-layout-flow\"><\/div>\n\n\n\n<div class=\"wp-block-column is-layout-flow wp-block-column-is-layout-flow\">\n<p class=\"has-text-align-center has-text-color has-link-color wp-elements-f71f52949e27771d6358aa068dc2affc\" style=\"color:#998659\"><strong>Ihre Reisedesignerin<\/strong><\/p>\n\n\n\n<p class=\"has-text-align-center\">Michaela K\u00fcgler<br>Expertin f\u00fcr Kroatien<\/p>\n<\/div>\n\n\n\n<div class=\"wp-block-column is-layout-flow wp-block-column-is-layout-flow\"><\/div>\n<\/div>\n\n\n\n<h3 class=\"wp-block-heading\"><strong>Auf einen Blick<\/strong><\/h3>\n\n\n\n<p><strong>F\u00fcr wen geeignet:<\/strong> Paare, Familien<br><strong>Beste Reisezeit:<\/strong> Juni bis September<br><strong>Empfohlene Reisedauer:<\/strong> ab 7 Tagen<\/p>\n\n\n\n<figure class=\"wp-block-image size-full\"><img loading=\"lazy\" decoding=\"async\" width=\"1500\" height=\"999\" src=\"https:\/\/www.designreisen.de\/magazin\/wp-content\/uploads\/2024\/04\/reiseziele-im-juni-8.webp\" alt=\"Dubrovnik\" class=\"wp-image-10033 animated\" srcset=\"https:\/\/www.designreisen.de\/magazin\/wp-content\/uploads\/2024\/04\/reiseziele-im-juni-8.webp 1500w, https:\/\/www.designreisen.de\/magazin\/wp-content\/uploads\/2024\/04\/reiseziele-im-juni-8-450x300.webp 450w, https:\/\/www.designreisen.de\/magazin\/wp-content\/uploads\/2024\/04\/reiseziele-im-juni-8-1024x682.webp 1024w, https:\/\/www.designreisen.de\/magazin\/wp-content\/uploads\/2024\/04\/reiseziele-im-juni-8-768x511.webp 768w\" sizes=\"auto, (max-width: 1500px) 100vw, 1500px\" \/><figcaption class=\"wp-element-caption\">\u00a9 Unsplash<\/figcaption><\/figure>\n\n\n\n<h3 class=\"wp-block-heading\"><strong>Erlebnisse und Highlights in Dubrovnik<\/strong><\/h3>\n\n\n\n<p><a href=\"https:\/\/www.designreisen.de\/luxusreisen\/kroatien\">Kroatien<\/a> war schon immer ein faszinierendes Reiseziel. Atemberaubende K\u00fcsten, historische St\u00e4dte und eine lange Geschichte beeindrucken Reisende aus aller Welt, wei\u00df auch Reisedesignerin <strong>Michaela K\u00fcgler<\/strong>. Das <a href=\"https:\/\/www.designreisen.de\/magazin\/urlaub-in-kroatien-luxusreise\/\">Land<\/a> ist vielf\u00e4ltig, sch\u00f6n und auch in kulinarischer Hinsicht ein Highlight. Als besonderes Juwel an der Adria gilt <a href=\"https:\/\/www.designreisen.de\/luxusreisen\/dubrovnik\/\">Dubrovnik<\/a>. Die Altstadt mit ihrer imposanten Stadtmauer aus dem Mittelalter ist Teil des UNESCO Welterbes und diente schon zahlreichen Filmen als Kulisse. Zu internationalem Weltruhm gelangte die Stadt f\u00fcr ihre Rolle als &#8222;K\u00f6nigsmund&#8220; in der Erfolgsserie &#8222;Game of Thrones&#8220;. Malerische Pl\u00e4tze, Kopfsteinpflaster, Ausblicke aufs Meer: Wer w\u00fcrde hier nicht ins Schw\u00e4rmen geraten?<\/p>\n\n\n\n<p>Neben einem Besuch der Festung Lovrijenac und des Franziskanerklosters mit seiner beeindruckenden Bibliothek sollte man auch an einigen der  zahlreichen Kirchen halten und einen Blick ins Innere wagen. Nat\u00fcrlich darf ein Abstecher zur Insel Lokrum nicht fehlen, die mit ihren \u00fcppigen G\u00e4rten und geheimnisvollen H\u00f6hlen zum Entspannen und Erkunden einl\u00e4dt. Und f\u00fcr Sonnenanbeter sind die Str\u00e4nde Banje und Copacabana ideale Orte, um das mediterrane Klima und kristallklares Wasser zu genie\u00dfen.<\/p>\n\n\n\n<h3 class=\"wp-block-heading\"><strong>Hoteltipp in Dubrovnik<\/strong><\/h3>\n\n\n\n<figure class=\"wp-block-image size-full\"><img loading=\"lazy\" decoding=\"async\" width=\"1500\" height=\"1124\" src=\"https:\/\/www.designreisen.de\/magazin\/wp-content\/uploads\/2024\/04\/reiseziele-im-juni-1.webp\" alt=\"Villa Dubrovnik\" class=\"wp-image-10040 animated\" srcset=\"https:\/\/www.designreisen.de\/magazin\/wp-content\/uploads\/2024\/04\/reiseziele-im-juni-1.webp 1500w, https:\/\/www.designreisen.de\/magazin\/wp-content\/uploads\/2024\/04\/reiseziele-im-juni-1-400x300.webp 400w, https:\/\/www.designreisen.de\/magazin\/wp-content\/uploads\/2024\/04\/reiseziele-im-juni-1-1024x767.webp 1024w, https:\/\/www.designreisen.de\/magazin\/wp-content\/uploads\/2024\/04\/reiseziele-im-juni-1-768x575.webp 768w\" sizes=\"auto, (max-width: 1500px) 100vw, 1500px\" \/><figcaption class=\"wp-element-caption\">\u00a9 Villa Dubrovnik<\/figcaption><\/figure>\n\n\n\n<p><strong>Villa Dubrovnik<\/strong><\/p>\n\n\n\n<p>Nur ein paar Gehminuten von der historischen Stadt entfernt, erwartet die <a href=\"https:\/\/www.designreisen.de\/luxusreisen\/dubrovnik-villa-dubrovnik\">Villa Dubrovnik<\/a> ihre G\u00e4ste. Sie liegt etwas versteckt, umgeben von viel Gr\u00fcn, direkt auf einem Felsvorsprung am Meer. Der Blick f\u00e4llt von den modernen und stilvollen Zimmern und Suiten &#8211; alle mit Balkon oder Terrasse &#8211; weit \u00fcbers Meer bis zum Horizont. Auch die Insel Lokrum stiehlt sich ins Panorama. Das Luxushotel in Dubrovnik verw\u00f6hnt mit einem wunderbaren Spa samt Innenpool, Bio-Sauna und Dampfbad sowie mit exquisiter K\u00fcche. Als Besonderer Ort gilt die Sky Bar. Es gibt kaum eine sch\u00f6nere Stelle f\u00fcr einen Sundowner als hier.<\/p>\n\n\n\n<div style=\"height:20px\" aria-hidden=\"true\" class=\"wp-block-spacer\"><\/div>\n\n\n<div class=\"gb-container gb-container-a1c99b0b\">\n\n<a class=\"gb-button gb-button-831aeef3 gb-button-text\" href=\"https:\/\/www.designreisen.de\/luxusreisen\/dubrovnik-villa-dubrovnik#reise-planen \" target=\"_blank\" rel=\"noopener noreferrer\">Angebot anfordern<\/a>\n\n<\/div>","protected":false},"excerpt":{"rendered":"<p>Mit warmen bis hei\u00dfen Temperaturen in ganz Europa gibt es kaum Destinationen, die sich nicht als gute Reiseziele im Juni eignen w\u00fcrden. Und auch global betrachtet, ist der Juni ein \u00fcberaus guter Zeitpunkt f\u00fcr einen Urlaub mit viel Sonne, Strand und Meer. Da f\u00e4llt die Wahl oft schwer. Gl\u00fccklicherweise sind die Reisedesigner von Designreisen wahre [&hellip;]<\/p>\n","protected":false},"author":38,"featured_media":10042,"comment_status":"open","ping_status":"open","sticky":false,"template":"","format":"standard","meta":{"_acf_changed":false,"footnotes":""},"categories":[194],"tags":[],"class_list":["post-10099","post","type-post","status-publish","format-standard","has-post-thumbnail","hentry","category-places-to-be"],"acf":[],"yoast_head":"<!-- This site is optimized with the Yoast SEO plugin v27.5 - https:\/\/yoast.com\/product\/yoast-seo-wordpress\/ -->\n<title>Reiseziele im Juni: Was jetzt auf die Bucketlist muss - Connection to Paradise | Luxusreiseblog<\/title>\n<meta name=\"description\" content=\"Es gibt kaum Destinationen, die sich nicht als beste Reiseziele im Juni anbieten w\u00fcrden. Da f\u00e4llt die Wahl oft schwer. Hier unsere Tipps.\" \/>\n<meta name=\"robots\" content=\"index, follow, max-snippet:-1, max-image-preview:large, max-video-preview:-1\" \/>\n<link rel=\"canonical\" href=\"https:\/\/www.designreisen.de\/magazin\/das-sind-die-besten-reiseziele-im-juni\/\" \/>\n<meta property=\"og:locale\" content=\"de_DE\" \/>\n<meta property=\"og:type\" content=\"article\" \/>\n<meta property=\"og:title\" content=\"Reiseziele im Juni: Was jetzt auf die Bucketlist muss - Connection to Paradise | Luxusreiseblog\" \/>\n<meta property=\"og:description\" content=\"Es gibt kaum Destinationen, die sich nicht als beste Reiseziele im Juni anbieten w\u00fcrden. Da f\u00e4llt die Wahl oft schwer. Hier unsere Tipps.\" \/>\n<meta property=\"og:url\" content=\"https:\/\/www.designreisen.de\/magazin\/das-sind-die-besten-reiseziele-im-juni\/\" \/>\n<meta property=\"og:site_name\" content=\"Connection to Paradise | Luxusreiseblog\" \/>\n<meta property=\"article:publisher\" content=\"https:\/\/www.facebook.com\/Designreisen\/\" \/>\n<meta property=\"article:published_time\" content=\"2024-06-04T10:18:49+00:00\" \/>\n<meta property=\"article:modified_time\" content=\"2025-03-03T15:48:52+00:00\" \/>\n<meta property=\"og:image\" content=\"https:\/\/www.designreisen.de\/magazin\/wp-content\/uploads\/2024\/04\/reiseziele-im-juni-1-1.webp\" \/>\n\t<meta property=\"og:image:width\" content=\"1500\" \/>\n\t<meta property=\"og:image:height\" content=\"1124\" \/>\n\t<meta property=\"og:image:type\" content=\"image\/webp\" \/>\n<meta name=\"author\" content=\"Alexander P\u00f6hlmann\" \/>\n<meta name=\"twitter:card\" content=\"summary_large_image\" \/>\n<meta name=\"twitter:label1\" content=\"Verfasst von\" \/>\n\t<meta name=\"twitter:data1\" content=\"Alexander P\u00f6hlmann\" \/>\n\t<meta name=\"twitter:label2\" content=\"Gesch\u00e4tzte Lesezeit\" \/>\n\t<meta name=\"twitter:data2\" content=\"11\u00a0Minuten\" \/>\n<script type=\"application\/ld+json\" class=\"yoast-schema-graph\">{\"@context\":\"https:\\\/\\\/schema.org\",\"@graph\":[{\"@type\":\"Article\",\"@id\":\"https:\\\/\\\/www.designreisen.de\\\/magazin\\\/das-sind-die-besten-reiseziele-im-juni\\\/#article\",\"isPartOf\":{\"@id\":\"https:\\\/\\\/www.designreisen.de\\\/magazin\\\/das-sind-die-besten-reiseziele-im-juni\\\/\"},\"author\":{\"name\":\"Alexander P\u00f6hlmann\",\"@id\":\"https:\\\/\\\/www.designreisen.de\\\/magazin\\\/#\\\/schema\\\/person\\\/2f5ce35d1742fec2d0babfdaadf6df8e\"},\"headline\":\"Das sind die besten Reiseziele im Juni\",\"datePublished\":\"2024-06-04T10:18:49+00:00\",\"dateModified\":\"2025-03-03T15:48:52+00:00\",\"mainEntityOfPage\":{\"@id\":\"https:\\\/\\\/www.designreisen.de\\\/magazin\\\/das-sind-die-besten-reiseziele-im-juni\\\/\"},\"wordCount\":1670,\"commentCount\":0,\"image\":{\"@id\":\"https:\\\/\\\/www.designreisen.de\\\/magazin\\\/das-sind-die-besten-reiseziele-im-juni\\\/#primaryimage\"},\"thumbnailUrl\":\"https:\\\/\\\/www.designreisen.de\\\/magazin\\\/wp-content\\\/uploads\\\/2024\\\/04\\\/reiseziele-im-juni-1-1.webp\",\"articleSection\":[\"Places To Be\"],\"inLanguage\":\"de\",\"potentialAction\":[{\"@type\":\"CommentAction\",\"name\":\"Comment\",\"target\":[\"https:\\\/\\\/www.designreisen.de\\\/magazin\\\/das-sind-die-besten-reiseziele-im-juni\\\/#respond\"]}]},{\"@type\":\"WebPage\",\"@id\":\"https:\\\/\\\/www.designreisen.de\\\/magazin\\\/das-sind-die-besten-reiseziele-im-juni\\\/\",\"url\":\"https:\\\/\\\/www.designreisen.de\\\/magazin\\\/das-sind-die-besten-reiseziele-im-juni\\\/\",\"name\":\"Reiseziele im Juni: Was jetzt auf die Bucketlist muss - Connection to Paradise | Luxusreiseblog\",\"isPartOf\":{\"@id\":\"https:\\\/\\\/www.designreisen.de\\\/magazin\\\/#website\"},\"primaryImageOfPage\":{\"@id\":\"https:\\\/\\\/www.designreisen.de\\\/magazin\\\/das-sind-die-besten-reiseziele-im-juni\\\/#primaryimage\"},\"image\":{\"@id\":\"https:\\\/\\\/www.designreisen.de\\\/magazin\\\/das-sind-die-besten-reiseziele-im-juni\\\/#primaryimage\"},\"thumbnailUrl\":\"https:\\\/\\\/www.designreisen.de\\\/magazin\\\/wp-content\\\/uploads\\\/2024\\\/04\\\/reiseziele-im-juni-1-1.webp\",\"datePublished\":\"2024-06-04T10:18:49+00:00\",\"dateModified\":\"2025-03-03T15:48:52+00:00\",\"author\":{\"@id\":\"https:\\\/\\\/www.designreisen.de\\\/magazin\\\/#\\\/schema\\\/person\\\/2f5ce35d1742fec2d0babfdaadf6df8e\"},\"description\":\"Es gibt kaum Destinationen, die sich nicht als beste Reiseziele im Juni anbieten w\u00fcrden. Da f\u00e4llt die Wahl oft schwer. Hier unsere Tipps.\",\"breadcrumb\":{\"@id\":\"https:\\\/\\\/www.designreisen.de\\\/magazin\\\/das-sind-die-besten-reiseziele-im-juni\\\/#breadcrumb\"},\"inLanguage\":\"de\",\"potentialAction\":[{\"@type\":\"ReadAction\",\"target\":[\"https:\\\/\\\/www.designreisen.de\\\/magazin\\\/das-sind-die-besten-reiseziele-im-juni\\\/\"]}]},{\"@type\":\"ImageObject\",\"inLanguage\":\"de\",\"@id\":\"https:\\\/\\\/www.designreisen.de\\\/magazin\\\/das-sind-die-besten-reiseziele-im-juni\\\/#primaryimage\",\"url\":\"https:\\\/\\\/www.designreisen.de\\\/magazin\\\/wp-content\\\/uploads\\\/2024\\\/04\\\/reiseziele-im-juni-1-1.webp\",\"contentUrl\":\"https:\\\/\\\/www.designreisen.de\\\/magazin\\\/wp-content\\\/uploads\\\/2024\\\/04\\\/reiseziele-im-juni-1-1.webp\",\"width\":1500,\"height\":1124,\"caption\":\"Reiseziele im Juni\"},{\"@type\":\"BreadcrumbList\",\"@id\":\"https:\\\/\\\/www.designreisen.de\\\/magazin\\\/das-sind-die-besten-reiseziele-im-juni\\\/#breadcrumb\",\"itemListElement\":[{\"@type\":\"ListItem\",\"position\":1,\"name\":\"Home\",\"item\":\"https:\\\/\\\/www.designreisen.de\\\/magazin\\\/\"},{\"@type\":\"ListItem\",\"position\":2,\"name\":\"Das sind die besten Reiseziele im Juni\"}]},{\"@type\":\"WebSite\",\"@id\":\"https:\\\/\\\/www.designreisen.de\\\/magazin\\\/#website\",\"url\":\"https:\\\/\\\/www.designreisen.de\\\/magazin\\\/\",\"name\":\"Connection to Paradise | Luxusreiseblog\",\"description\":\"Der exklusive Reiseblog von DESIGNREISEN\",\"potentialAction\":[{\"@type\":\"SearchAction\",\"target\":{\"@type\":\"EntryPoint\",\"urlTemplate\":\"https:\\\/\\\/www.designreisen.de\\\/magazin\\\/?s={search_term_string}\"},\"query-input\":{\"@type\":\"PropertyValueSpecification\",\"valueRequired\":true,\"valueName\":\"search_term_string\"}}],\"inLanguage\":\"de\"},{\"@type\":\"Person\",\"@id\":\"https:\\\/\\\/www.designreisen.de\\\/magazin\\\/#\\\/schema\\\/person\\\/2f5ce35d1742fec2d0babfdaadf6df8e\",\"name\":\"Alexander P\u00f6hlmann\",\"image\":{\"@type\":\"ImageObject\",\"inLanguage\":\"de\",\"@id\":\"https:\\\/\\\/secure.gravatar.com\\\/avatar\\\/ad516503a11cd5ca435acc9bb6523536?s=96\",\"url\":\"https:\\\/\\\/secure.gravatar.com\\\/avatar\\\/ad516503a11cd5ca435acc9bb6523536?s=96\",\"contentUrl\":\"https:\\\/\\\/secure.gravatar.com\\\/avatar\\\/ad516503a11cd5ca435acc9bb6523536?s=96\",\"caption\":\"Alexander P\u00f6hlmann\"}}]}<\/script>\n<!-- \/ Yoast SEO plugin. -->","yoast_head_json":{"title":"Reiseziele im Juni: Was jetzt auf die Bucketlist muss - Connection to Paradise | Luxusreiseblog","description":"Es gibt kaum Destinationen, die sich nicht als beste Reiseziele im Juni anbieten w\u00fcrden. Da f\u00e4llt die Wahl oft schwer. Hier unsere Tipps.","robots":{"index":"index","follow":"follow","max-snippet":"max-snippet:-1","max-image-preview":"max-image-preview:large","max-video-preview":"max-video-preview:-1"},"canonical":"https:\/\/www.designreisen.de\/magazin\/das-sind-die-besten-reiseziele-im-juni\/","og_locale":"de_DE","og_type":"article","og_title":"Reiseziele im Juni: Was jetzt auf die Bucketlist muss - Connection to Paradise | Luxusreiseblog","og_description":"Es gibt kaum Destinationen, die sich nicht als beste Reiseziele im Juni anbieten w\u00fcrden. Da f\u00e4llt die Wahl oft schwer. Hier unsere Tipps.","og_url":"https:\/\/www.designreisen.de\/magazin\/das-sind-die-besten-reiseziele-im-juni\/","og_site_name":"Connection to Paradise | Luxusreiseblog","article_publisher":"https:\/\/www.facebook.com\/Designreisen\/","article_published_time":"2024-06-04T10:18:49+00:00","article_modified_time":"2025-03-03T15:48:52+00:00","og_image":[{"width":1500,"height":1124,"url":"https:\/\/www.designreisen.de\/magazin\/wp-content\/uploads\/2024\/04\/reiseziele-im-juni-1-1.webp","type":"image\/webp"}],"author":"Alexander P\u00f6hlmann","twitter_card":"summary_large_image","twitter_misc":{"Verfasst von":"Alexander P\u00f6hlmann","Gesch\u00e4tzte Lesezeit":"11\u00a0Minuten"},"schema":{"@context":"https:\/\/schema.org","@graph":[{"@type":"Article","@id":"https:\/\/www.designreisen.de\/magazin\/das-sind-die-besten-reiseziele-im-juni\/#article","isPartOf":{"@id":"https:\/\/www.designreisen.de\/magazin\/das-sind-die-besten-reiseziele-im-juni\/"},"author":{"name":"Alexander P\u00f6hlmann","@id":"https:\/\/www.designreisen.de\/magazin\/#\/schema\/person\/2f5ce35d1742fec2d0babfdaadf6df8e"},"headline":"Das sind die besten Reiseziele im Juni","datePublished":"2024-06-04T10:18:49+00:00","dateModified":"2025-03-03T15:48:52+00:00","mainEntityOfPage":{"@id":"https:\/\/www.designreisen.de\/magazin\/das-sind-die-besten-reiseziele-im-juni\/"},"wordCount":1670,"commentCount":0,"image":{"@id":"https:\/\/www.designreisen.de\/magazin\/das-sind-die-besten-reiseziele-im-juni\/#primaryimage"},"thumbnailUrl":"https:\/\/www.designreisen.de\/magazin\/wp-content\/uploads\/2024\/04\/reiseziele-im-juni-1-1.webp","articleSection":["Places To Be"],"inLanguage":"de","potentialAction":[{"@type":"CommentAction","name":"Comment","target":["https:\/\/www.designreisen.de\/magazin\/das-sind-die-besten-reiseziele-im-juni\/#respond"]}]},{"@type":"WebPage","@id":"https:\/\/www.designreisen.de\/magazin\/das-sind-die-besten-reiseziele-im-juni\/","url":"https:\/\/www.designreisen.de\/magazin\/das-sind-die-besten-reiseziele-im-juni\/","name":"Reiseziele im Juni: Was jetzt auf die Bucketlist muss - Connection to Paradise | Luxusreiseblog","isPartOf":{"@id":"https:\/\/www.designreisen.de\/magazin\/#website"},"primaryImageOfPage":{"@id":"https:\/\/www.designreisen.de\/magazin\/das-sind-die-besten-reiseziele-im-juni\/#primaryimage"},"image":{"@id":"https:\/\/www.designreisen.de\/magazin\/das-sind-die-besten-reiseziele-im-juni\/#primaryimage"},"thumbnailUrl":"https:\/\/www.designreisen.de\/magazin\/wp-content\/uploads\/2024\/04\/reiseziele-im-juni-1-1.webp","datePublished":"2024-06-04T10:18:49+00:00","dateModified":"2025-03-03T15:48:52+00:00","author":{"@id":"https:\/\/www.designreisen.de\/magazin\/#\/schema\/person\/2f5ce35d1742fec2d0babfdaadf6df8e"},"description":"Es gibt kaum Destinationen, die sich nicht als beste Reiseziele im Juni anbieten w\u00fcrden. Da f\u00e4llt die Wahl oft schwer. Hier unsere Tipps.","breadcrumb":{"@id":"https:\/\/www.designreisen.de\/magazin\/das-sind-die-besten-reiseziele-im-juni\/#breadcrumb"},"inLanguage":"de","potentialAction":[{"@type":"ReadAction","target":["https:\/\/www.designreisen.de\/magazin\/das-sind-die-besten-reiseziele-im-juni\/"]}]},{"@type":"ImageObject","inLanguage":"de","@id":"https:\/\/www.designreisen.de\/magazin\/das-sind-die-besten-reiseziele-im-juni\/#primaryimage","url":"https:\/\/www.designreisen.de\/magazin\/wp-content\/uploads\/2024\/04\/reiseziele-im-juni-1-1.webp","contentUrl":"https:\/\/www.designreisen.de\/magazin\/wp-content\/uploads\/2024\/04\/reiseziele-im-juni-1-1.webp","width":1500,"height":1124,"caption":"Reiseziele im Juni"},{"@type":"BreadcrumbList","@id":"https:\/\/www.designreisen.de\/magazin\/das-sind-die-besten-reiseziele-im-juni\/#breadcrumb","itemListElement":[{"@type":"ListItem","position":1,"name":"Home","item":"https:\/\/www.designreisen.de\/magazin\/"},{"@type":"ListItem","position":2,"name":"Das sind die besten Reiseziele im Juni"}]},{"@type":"WebSite","@id":"https:\/\/www.designreisen.de\/magazin\/#website","url":"https:\/\/www.designreisen.de\/magazin\/","name":"Connection to Paradise | Luxusreiseblog","description":"Der exklusive Reiseblog von DESIGNREISEN","potentialAction":[{"@type":"SearchAction","target":{"@type":"EntryPoint","urlTemplate":"https:\/\/www.designreisen.de\/magazin\/?s={search_term_string}"},"query-input":{"@type":"PropertyValueSpecification","valueRequired":true,"valueName":"search_term_string"}}],"inLanguage":"de"},{"@type":"Person","@id":"https:\/\/www.designreisen.de\/magazin\/#\/schema\/person\/2f5ce35d1742fec2d0babfdaadf6df8e","name":"Alexander P\u00f6hlmann","image":{"@type":"ImageObject","inLanguage":"de","@id":"https:\/\/secure.gravatar.com\/avatar\/ad516503a11cd5ca435acc9bb6523536?s=96","url":"https:\/\/secure.gravatar.com\/avatar\/ad516503a11cd5ca435acc9bb6523536?s=96","contentUrl":"https:\/\/secure.gravatar.com\/avatar\/ad516503a11cd5ca435acc9bb6523536?s=96","caption":"Alexander P\u00f6hlmann"}}]}},"_links":{"self":[{"href":"https:\/\/www.designreisen.de\/magazin\/wp-json\/wp\/v2\/posts\/10099","targetHints":{"allow":["GET"]}}],"collection":[{"href":"https:\/\/www.designreisen.de\/magazin\/wp-json\/wp\/v2\/posts"}],"about":[{"href":"https:\/\/www.designreisen.de\/magazin\/wp-json\/wp\/v2\/types\/post"}],"author":[{"embeddable":true,"href":"https:\/\/www.designreisen.de\/magazin\/wp-json\/wp\/v2\/users\/38"}],"replies":[{"embeddable":true,"href":"https:\/\/www.designreisen.de\/magazin\/wp-json\/wp\/v2\/comments?post=10099"}],"version-history":[{"count":2,"href":"https:\/\/www.designreisen.de\/magazin\/wp-json\/wp\/v2\/posts\/10099\/revisions"}],"predecessor-version":[{"id":10224,"href":"https:\/\/www.designreisen.de\/magazin\/wp-json\/wp\/v2\/posts\/10099\/revisions\/10224"}],"wp:featuredmedia":[{"embeddable":true,"href":"https:\/\/www.designreisen.de\/magazin\/wp-json\/wp\/v2\/media\/10042"}],"wp:attachment":[{"href":"https:\/\/www.designreisen.de\/magazin\/wp-json\/wp\/v2\/media?parent=10099"}],"wp:term":[{"taxonomy":"category","embeddable":true,"href":"https:\/\/www.designreisen.de\/magazin\/wp-json\/wp\/v2\/categories?post=10099"},{"taxonomy":"post_tag","embeddable":true,"href":"https:\/\/www.designreisen.de\/magazin\/wp-json\/wp\/v2\/tags?post=10099"}],"curies":[{"name":"wp","href":"https:\/\/api.w.org\/{rel}","templated":true}]}}