{"id":10398,"date":"2024-08-01T16:00:17","date_gmt":"2024-08-01T14:00:17","guid":{"rendered":"https:\/\/www.designreisen.de\/magazin\/?p=10398"},"modified":"2024-08-12T11:11:17","modified_gmt":"2024-08-12T09:11:17","slug":"airelles-chateau-de-versailles","status":"publish","type":"post","link":"https:\/\/www.designreisen.de\/magazin\/airelles-chateau-de-versailles\/","title":{"rendered":"Airelles: Luxusurlaub in Schloss Versailles"},"content":{"rendered":"\n<p>&#8222;Essen wie Gott in <a href=\"https:\/\/www.designreisen.de\/luxusreisen\/frankreich\">Frankreich<\/a>&#8220; ist l\u00e4ngst ein gefl\u00fcgeltes Wort geworden. Tats\u00e4chlich erm\u00f6glicht es das Airelles Ch\u00e2teau de Versailles nun aber auch, zu wohnen wie ein K\u00f6nig in Frankreich. Denn hier \u00fcbernachten G\u00e4ste in unmittelbarer Nachbarschaft zu Schloss Versailles auf den Palastgr\u00fcnden. Also mitten im Herz der franz\u00f6sischen Geschichte.<\/p>\n\n\n\n<h2 class=\"wp-block-heading\">Wohnen bei Schloss Versailles<\/h2>\n\n\n\n<p>Das 17. Jahrhundert ist l\u00e4ngst Geschichte. Doch das, was heute noch Zeugnis von ihm ablegt, ist alles andere als verblasst. Denn Schloss Versailles in der N\u00e4he von <a href=\"https:\/\/www.designreisen.de\/luxusreisen\/paris\">Paris<\/a> gilt als einer der monumentalsten Bauten dieser Epoche. Hier residierten einst die K\u00f6nige von Frankreich. Und bis ins 19. Jahrhundert diente dieses Beispiel barocker Pracht als Vorbild f\u00fcr viele weitere Schl\u00f6sser <a href=\"https:\/\/www.designreisen.de\/luxusreisen\/europa\">Europas<\/a>. Teil der Anlage ist &#8222;Le Grand Contr\u00f4le&#8220;. Errichtet von Jules Hardouin-Mansart, dem Lieblingsarchitekten von Louis XIV., legt das majest\u00e4tische Anwesen bis heute Zeugnis von Versailles Bl\u00fctezeit ab.<\/p>\n\n\n\n<div style=\"height:30px\" aria-hidden=\"true\" class=\"wp-block-spacer\"><\/div>\n\n\n\n<figure class=\"wp-block-image size-full\"><img loading=\"lazy\" decoding=\"async\" width=\"1500\" height=\"1875\" src=\"https:\/\/www.designreisen.de\/magazin\/wp-content\/uploads\/2024\/08\/airelles-chateau-de-versailles-2.webp\" alt=\"\" class=\"wp-image-10407 animated\" srcset=\"https:\/\/www.designreisen.de\/magazin\/wp-content\/uploads\/2024\/08\/airelles-chateau-de-versailles-2.webp 1500w, https:\/\/www.designreisen.de\/magazin\/wp-content\/uploads\/2024\/08\/airelles-chateau-de-versailles-2-240x300.webp 240w, https:\/\/www.designreisen.de\/magazin\/wp-content\/uploads\/2024\/08\/airelles-chateau-de-versailles-2-819x1024.webp 819w, https:\/\/www.designreisen.de\/magazin\/wp-content\/uploads\/2024\/08\/airelles-chateau-de-versailles-2-768x960.webp 768w, https:\/\/www.designreisen.de\/magazin\/wp-content\/uploads\/2024\/08\/airelles-chateau-de-versailles-2-1229x1536.webp 1229w\" sizes=\"auto, (max-width: 1500px) 100vw, 1500px\" \/><figcaption class=\"wp-element-caption\">\u00a9 Airelles Chateau de Versailles<\/figcaption><\/figure>\n\n\n\n<div style=\"height:30px\" aria-hidden=\"true\" class=\"wp-block-spacer\"><\/div>\n\n\n\n<p>Seither hat sich nat\u00fcrlich viel getan. Was allerdings gleich geblieben ist, ist die Grandezza des Anwesens. Bis heute strahlt das Hotel auf den Palastgr\u00fcnden von Schloss Versailles Eleganz, Opulenz und royalen Stil aus. Bevor Le Grand Contr\u00f4le im Jahr 2021 seine Tore als Hotel Airelles Ch\u00e2teau de Versailles \u00f6ffnete, unterzog man dem edlen Anwesen einer sorgf\u00e4ltigen Restaurierung. Ein Inventar aus dem Jahr 1788 diente als Leitfaden, um die originale Architektur und das Decor zu erhalten. Daf\u00fcr scheute man weder Kosten noch M\u00fchen. So konnte man die Maison Pierre Frey, eines der bedeutendsten Textilh\u00e4user <a href=\"https:\/\/www.designreisen.de\/luxusreisen\/frankreich\">Frankreichs<\/a>, daf\u00fcr gewinnen, die wundervollen Textilien der Zimmer und Suiten des Hotels zu entwerfen.<\/p>\n\n\n\n<div style=\"height:30px\" aria-hidden=\"true\" class=\"wp-block-spacer\"><\/div>\n\n\n\n<figure class=\"wp-block-gallery has-nested-images columns-default is-cropped wp-block-gallery-1 is-layout-flex wp-block-gallery-is-layout-flex\">\n<figure class=\"wp-block-image size-large\"><img loading=\"lazy\" decoding=\"async\" width=\"1024\" height=\"683\" data-id=\"10410\" src=\"https:\/\/www.designreisen.de\/magazin\/wp-content\/uploads\/2024\/08\/airelles-chateau-de-versailles-2-2-1024x683.webp\" alt=\"Airelles Chateau de Versailles\" class=\"wp-image-10410 animated\" srcset=\"https:\/\/www.designreisen.de\/magazin\/wp-content\/uploads\/2024\/08\/airelles-chateau-de-versailles-2-2-1024x683.webp 1024w, https:\/\/www.designreisen.de\/magazin\/wp-content\/uploads\/2024\/08\/airelles-chateau-de-versailles-2-2-450x300.webp 450w, https:\/\/www.designreisen.de\/magazin\/wp-content\/uploads\/2024\/08\/airelles-chateau-de-versailles-2-2-768x512.webp 768w, https:\/\/www.designreisen.de\/magazin\/wp-content\/uploads\/2024\/08\/airelles-chateau-de-versailles-2-2.webp 1500w\" sizes=\"auto, (max-width: 1024px) 100vw, 1024px\" \/><figcaption class=\"wp-element-caption\">\u00a9 Airelles Chateau de Versailles<\/figcaption><\/figure>\n\n\n\n<figure class=\"wp-block-image size-large\"><img loading=\"lazy\" decoding=\"async\" width=\"1024\" height=\"683\" data-id=\"10408\" src=\"https:\/\/www.designreisen.de\/magazin\/wp-content\/uploads\/2024\/08\/airelles-chateau-de-versailles-3-1024x683.webp\" alt=\"Airelles Chateau de Versailles\" class=\"wp-image-10408 animated\" srcset=\"https:\/\/www.designreisen.de\/magazin\/wp-content\/uploads\/2024\/08\/airelles-chateau-de-versailles-3-1024x683.webp 1024w, https:\/\/www.designreisen.de\/magazin\/wp-content\/uploads\/2024\/08\/airelles-chateau-de-versailles-3-450x300.webp 450w, https:\/\/www.designreisen.de\/magazin\/wp-content\/uploads\/2024\/08\/airelles-chateau-de-versailles-3-768x512.webp 768w, https:\/\/www.designreisen.de\/magazin\/wp-content\/uploads\/2024\/08\/airelles-chateau-de-versailles-3.webp 1500w\" sizes=\"auto, (max-width: 1024px) 100vw, 1024px\" \/><\/figure>\n\n\n\n<figure class=\"wp-block-image size-large\"><img loading=\"lazy\" decoding=\"async\" width=\"1024\" height=\"683\" data-id=\"10411\" src=\"https:\/\/www.designreisen.de\/magazin\/wp-content\/uploads\/2024\/08\/airelles-chateau-de-versailles-1-2-1024x683.webp\" alt=\"Airelles Chateau de Versailles\" class=\"wp-image-10411 animated\" srcset=\"https:\/\/www.designreisen.de\/magazin\/wp-content\/uploads\/2024\/08\/airelles-chateau-de-versailles-1-2-1024x683.webp 1024w, https:\/\/www.designreisen.de\/magazin\/wp-content\/uploads\/2024\/08\/airelles-chateau-de-versailles-1-2-450x300.webp 450w, https:\/\/www.designreisen.de\/magazin\/wp-content\/uploads\/2024\/08\/airelles-chateau-de-versailles-1-2-768x512.webp 768w, https:\/\/www.designreisen.de\/magazin\/wp-content\/uploads\/2024\/08\/airelles-chateau-de-versailles-1-2.webp 1500w\" sizes=\"auto, (max-width: 1024px) 100vw, 1024px\" \/><\/figure>\n<\/figure>\n\n\n\n<div style=\"height:30px\" aria-hidden=\"true\" class=\"wp-block-spacer\"><\/div>\n\n\n\n<p>Wer heute auf den M\u00f6beln &#8211; teilweise \u00fcbrigens ebenfalls wertvole Originale &#8211; Platz nimmt, w\u00e4hnt sich selbst von k\u00f6niglicher Herkunft. Im Licht der modernen Installationen entsteht im gesamten <a href=\"https:\/\/www.designreisen.de\/luxusreisen\/paris-airelles-chateau-de-versailles\">Hotel Airelles Ch\u00e2teau de Versailles<\/a> ein ganz besonderes Ambiente. Die Br\u00fccke zur Moderne gelingt m\u00fchelos, weil fast unsichtbar. So tr\u00e4umt man in den Zimmern und Suiten in Himmelbetten und umgeben von edlen Stoffen, schreitet \u00fcber wertvolles Parkett und erfreut sich an riesigen Kristallleuchtern. Und dennoch ben\u00f6tigt es zur Erleuchtung nur einen Lichtschalter statt einer Heerschar Kerzenanz\u00fcnder. Kurz: Die Technik ist auf dem neuesten Stand.<\/p>\n\n\n\n<h2 class=\"wp-block-heading\">Exklusive Privilegien<\/h2>\n\n\n\n<p>Schon die Ankunft gestaltet sich m\u00fchelos. Vom Einchecken bis zum Auschecken steht jedem Gast ein eigener Butler zur Verf\u00fcgung. Dieser macht kleine und gro\u00dfe W\u00fcnsche wahr. Ehrlicherweise muss man aber sagen, dass ein Aufenthalt im Airelles Ch\u00e2teau de Versailles ohnehin keinen Wunsch offen l\u00e4sst. Denn hier lustwandeln die G\u00e4ste durch die 800 Hektar gro\u00dfe Parkanlage, auf Wunsch sogar mit einem Guide, der exklusive F\u00fchrungen durch die Domaine de Trianon anbietet.<\/p>\n\n\n\n<div style=\"height:30px\" aria-hidden=\"true\" class=\"wp-block-spacer\"><\/div>\n\n\n\n<figure class=\"wp-block-gallery has-nested-images columns-default is-cropped wp-block-gallery-2 is-layout-flex wp-block-gallery-is-layout-flex\">\n<figure class=\"wp-block-image size-large\"><img loading=\"lazy\" decoding=\"async\" width=\"1024\" height=\"683\" data-id=\"10405\" src=\"https:\/\/www.designreisen.de\/magazin\/wp-content\/uploads\/2024\/08\/airelles-chateau-de-versailles-4-1024x683.webp\" alt=\"\" class=\"wp-image-10405 animated\" srcset=\"https:\/\/www.designreisen.de\/magazin\/wp-content\/uploads\/2024\/08\/airelles-chateau-de-versailles-4-1024x683.webp 1024w, https:\/\/www.designreisen.de\/magazin\/wp-content\/uploads\/2024\/08\/airelles-chateau-de-versailles-4-450x300.webp 450w, https:\/\/www.designreisen.de\/magazin\/wp-content\/uploads\/2024\/08\/airelles-chateau-de-versailles-4-768x512.webp 768w, https:\/\/www.designreisen.de\/magazin\/wp-content\/uploads\/2024\/08\/airelles-chateau-de-versailles-4.webp 1500w\" sizes=\"auto, (max-width: 1024px) 100vw, 1024px\" \/><figcaption class=\"wp-element-caption\">\u00a9 Airelles Chateau de Versailles<\/figcaption><\/figure>\n\n\n\n<figure class=\"wp-block-image size-large\"><img loading=\"lazy\" decoding=\"async\" width=\"1024\" height=\"683\" data-id=\"10402\" src=\"https:\/\/www.designreisen.de\/magazin\/wp-content\/uploads\/2024\/08\/airelles-chateau-de-versailles-7-1024x683.webp\" alt=\"Airelles Chateau de Versailles\" class=\"wp-image-10402 animated\" srcset=\"https:\/\/www.designreisen.de\/magazin\/wp-content\/uploads\/2024\/08\/airelles-chateau-de-versailles-7-1024x683.webp 1024w, https:\/\/www.designreisen.de\/magazin\/wp-content\/uploads\/2024\/08\/airelles-chateau-de-versailles-7-450x300.webp 450w, https:\/\/www.designreisen.de\/magazin\/wp-content\/uploads\/2024\/08\/airelles-chateau-de-versailles-7-768x512.webp 768w, https:\/\/www.designreisen.de\/magazin\/wp-content\/uploads\/2024\/08\/airelles-chateau-de-versailles-7.webp 1500w\" sizes=\"auto, (max-width: 1024px) 100vw, 1024px\" \/><\/figure>\n\n\n\n<figure class=\"wp-block-image size-large\"><img loading=\"lazy\" decoding=\"async\" width=\"1024\" height=\"683\" data-id=\"10406\" src=\"https:\/\/www.designreisen.de\/magazin\/wp-content\/uploads\/2024\/08\/airelles-chateau-de-versailles-5-1024x683.webp\" alt=\"Airelles Chateau de Versailles\" class=\"wp-image-10406 animated\" srcset=\"https:\/\/www.designreisen.de\/magazin\/wp-content\/uploads\/2024\/08\/airelles-chateau-de-versailles-5-1024x683.webp 1024w, https:\/\/www.designreisen.de\/magazin\/wp-content\/uploads\/2024\/08\/airelles-chateau-de-versailles-5-450x300.webp 450w, https:\/\/www.designreisen.de\/magazin\/wp-content\/uploads\/2024\/08\/airelles-chateau-de-versailles-5-768x512.webp 768w, https:\/\/www.designreisen.de\/magazin\/wp-content\/uploads\/2024\/08\/airelles-chateau-de-versailles-5.webp 1500w\" sizes=\"auto, (max-width: 1024px) 100vw, 1024px\" \/><\/figure>\n<\/figure>\n\n\n\n<div style=\"height:30px\" aria-hidden=\"true\" class=\"wp-block-spacer\"><\/div>\n\n\n\n<p>Das ist aber l\u00e4ngst nicht alles. Denn die G\u00e4ste genie\u00dfen eine Reihe weiterer exklusiver Vorteile. Dazu geh\u00f6ren zum Beispiel privilegierte Zug\u00e4nge zu Schloss Versailles und seinen Anlagen. Eines der Highlights sind die exklusiven abendlichen Privatf\u00fchrungen durch die geschichtstr\u00e4chtigen R\u00e4umlichkeiten. Auch bisher nicht zug\u00e4ngliche R\u00e4ume k\u00f6nnen so besucht werden. Wer Lust auf noch mehr Entdeckungen hat, nutzt den inkludierten und unbegrenzten Zugang zu elektrischen Golfwagen und Elektrobooten. Mit diesen sind unvergessliche Stunden auf den Spuren der Geschichte und im Park von Schloss Versailles garantiert.<\/p>\n\n\n\n<h2 class=\"wp-block-heading\">Kulinarik &amp; Co. im Airelles Ch\u00e2teau de Versailles<\/h2>\n\n\n\n<p>Man muss kein Gourmet sein, um den Namen Alain Ducasse zu kennen. Schlie\u00dflich handelt es sich bei ihm nicht nur um einen der bekanntesten, sondern auch besten K\u00f6che Frankreichs. Er und sein Team lassen sich von ihm mit kulinarischen Highlights verw\u00f6hnen. Sein Restaurant im Schloss Versailles, vom Guide Michelin mit einem Stern bedacht, ist eine kulinarische Reise in mehreren Akten, ein Festmahl und eine Zeitreise gleicherma\u00dfen. <\/p>\n\n\n\n<div style=\"height:30px\" aria-hidden=\"true\" class=\"wp-block-spacer\"><\/div>\n\n\n\n<figure class=\"wp-block-image size-full\"><img loading=\"lazy\" decoding=\"async\" width=\"1500\" height=\"1000\" src=\"https:\/\/www.designreisen.de\/magazin\/wp-content\/uploads\/2024\/08\/airelles-chateau-de-versailles-1.webp\" alt=\"\" class=\"wp-image-10409 animated\" srcset=\"https:\/\/www.designreisen.de\/magazin\/wp-content\/uploads\/2024\/08\/airelles-chateau-de-versailles-1.webp 1500w, https:\/\/www.designreisen.de\/magazin\/wp-content\/uploads\/2024\/08\/airelles-chateau-de-versailles-1-450x300.webp 450w, https:\/\/www.designreisen.de\/magazin\/wp-content\/uploads\/2024\/08\/airelles-chateau-de-versailles-1-1024x683.webp 1024w, https:\/\/www.designreisen.de\/magazin\/wp-content\/uploads\/2024\/08\/airelles-chateau-de-versailles-1-768x512.webp 768w\" sizes=\"auto, (max-width: 1500px) 100vw, 1500px\" \/><figcaption class=\"wp-element-caption\">\u00a9 Airelles Chateau de Versailles<\/figcaption><\/figure>\n\n\n\n<div style=\"height:30px\" aria-hidden=\"true\" class=\"wp-block-spacer\"><\/div>\n\n\n\n<p>G\u00e4ste des Airelles Ch\u00e2teau de Versailles freuen sich \u00fcber inkludiertes, von Alain Ducasse kreiertes, Fr\u00fchst\u00fcck. Und \u00fcber den t\u00e4glichen Afternoon Tea. Wer in Sachen Fitness und Wellness etwas f\u00fcr seinen K\u00f6rper tun m\u00f6chten, genie\u00dft k\u00f6nigliche Entspannung im Valmont Spa. Oder nimmt an privaten Yoga- und Fitnesskursen teil.<\/p>\n\n\n\n<div style=\"height:20px\" aria-hidden=\"true\" class=\"wp-block-spacer\"><\/div>\n\n\n<div class=\"gb-container gb-container-f6c38bae\">\n\n<a class=\"gb-button gb-button-d7e70273 gb-button-text\" href=\"https:\/\/www.designreisen.de\/luxusreisen\/paris-airelles-chateau-de-versailles#reise-planen\" target=\"_blank\" rel=\"noopener noreferrer\">Angebot anfordern<\/a>\n\n<\/div>\n\n\n<div style=\"height:40px\" aria-hidden=\"true\" class=\"wp-block-spacer\"><\/div>\n","protected":false},"excerpt":{"rendered":"<p>&#8222;Essen wie Gott in Frankreich&#8220; ist l\u00e4ngst ein gefl\u00fcgeltes Wort geworden. Tats\u00e4chlich erm\u00f6glicht es das Airelles Ch\u00e2teau de Versailles nun aber auch, zu wohnen wie ein K\u00f6nig in Frankreich. Denn hier \u00fcbernachten G\u00e4ste in unmittelbarer Nachbarschaft zu Schloss Versailles auf den Palastgr\u00fcnden. Also mitten im Herz der franz\u00f6sischen Geschichte. Wohnen bei Schloss Versailles Das 17. [&hellip;]<\/p>\n","protected":false},"author":48,"featured_media":10403,"comment_status":"open","ping_status":"open","sticky":false,"template":"","format":"standard","meta":{"_acf_changed":false,"footnotes":""},"categories":[194,91],"tags":[64,60],"class_list":["post-10398","post","type-post","status-publish","format-standard","has-post-thumbnail","hentry","category-places-to-be","category-secret-hideaways","tag-europa","tag-frankreich"],"acf":[],"yoast_head":"<!-- This site is optimized with the Yoast SEO plugin v27.5 - https:\/\/yoast.com\/product\/yoast-seo-wordpress\/ -->\n<title>Airelles: Luxusurlaub in Schloss Versailles - Connection to Paradise | Luxusreiseblog<\/title>\n<meta name=\"description\" content=\"G\u00e4ste des Airelles Ch\u00e2teau de Versaille wohnen umgeben von der reichen Geschichte Frankreichs in jedem erdenklichem Luxus.\" \/>\n<meta name=\"robots\" content=\"index, follow, max-snippet:-1, max-image-preview:large, max-video-preview:-1\" \/>\n<link rel=\"canonical\" href=\"https:\/\/www.designreisen.de\/magazin\/airelles-chateau-de-versailles\/\" \/>\n<meta property=\"og:locale\" content=\"de_DE\" \/>\n<meta property=\"og:type\" content=\"article\" \/>\n<meta property=\"og:title\" content=\"Airelles: Luxusurlaub in Schloss Versailles - Connection to Paradise | Luxusreiseblog\" \/>\n<meta property=\"og:description\" content=\"G\u00e4ste des Airelles Ch\u00e2teau de Versaille wohnen umgeben von der reichen Geschichte Frankreichs in jedem erdenklichem Luxus.\" \/>\n<meta property=\"og:url\" content=\"https:\/\/www.designreisen.de\/magazin\/airelles-chateau-de-versailles\/\" \/>\n<meta property=\"og:site_name\" content=\"Connection to Paradise | Luxusreiseblog\" \/>\n<meta property=\"article:publisher\" content=\"https:\/\/www.facebook.com\/Designreisen\/\" \/>\n<meta property=\"article:published_time\" content=\"2024-08-01T14:00:17+00:00\" \/>\n<meta property=\"article:modified_time\" content=\"2024-08-12T09:11:17+00:00\" \/>\n<meta property=\"og:image\" content=\"https:\/\/www.designreisen.de\/magazin\/wp-content\/uploads\/2024\/08\/airelles-chateau-de-versailles-8.webp\" \/>\n\t<meta property=\"og:image:width\" content=\"1500\" \/>\n\t<meta property=\"og:image:height\" content=\"1125\" \/>\n\t<meta property=\"og:image:type\" content=\"image\/webp\" \/>\n<meta name=\"author\" content=\"Claudia Hilmbauer\" \/>\n<meta name=\"twitter:card\" content=\"summary_large_image\" \/>\n<meta name=\"twitter:label1\" content=\"Verfasst von\" \/>\n\t<meta name=\"twitter:data1\" content=\"Claudia Hilmbauer\" \/>\n\t<meta name=\"twitter:label2\" content=\"Gesch\u00e4tzte Lesezeit\" \/>\n\t<meta name=\"twitter:data2\" content=\"6\u00a0Minuten\" \/>\n<script type=\"application\/ld+json\" class=\"yoast-schema-graph\">{\"@context\":\"https:\\\/\\\/schema.org\",\"@graph\":[{\"@type\":\"Article\",\"@id\":\"https:\\\/\\\/www.designreisen.de\\\/magazin\\\/airelles-chateau-de-versailles\\\/#article\",\"isPartOf\":{\"@id\":\"https:\\\/\\\/www.designreisen.de\\\/magazin\\\/airelles-chateau-de-versailles\\\/\"},\"author\":{\"name\":\"Claudia Hilmbauer\",\"@id\":\"https:\\\/\\\/www.designreisen.de\\\/magazin\\\/#\\\/schema\\\/person\\\/9efe7468aa3eafad1826be30f72942e7\"},\"headline\":\"Airelles: Luxusurlaub in Schloss Versailles\",\"datePublished\":\"2024-08-01T14:00:17+00:00\",\"dateModified\":\"2024-08-12T09:11:17+00:00\",\"mainEntityOfPage\":{\"@id\":\"https:\\\/\\\/www.designreisen.de\\\/magazin\\\/airelles-chateau-de-versailles\\\/\"},\"wordCount\":703,\"commentCount\":0,\"image\":{\"@id\":\"https:\\\/\\\/www.designreisen.de\\\/magazin\\\/airelles-chateau-de-versailles\\\/#primaryimage\"},\"thumbnailUrl\":\"https:\\\/\\\/www.designreisen.de\\\/magazin\\\/wp-content\\\/uploads\\\/2024\\\/08\\\/airelles-chateau-de-versailles-8.webp\",\"keywords\":[\"Europa\",\"Frankreich\"],\"articleSection\":[\"Places To Be\",\"Secret Hideaways\"],\"inLanguage\":\"de\",\"potentialAction\":[{\"@type\":\"CommentAction\",\"name\":\"Comment\",\"target\":[\"https:\\\/\\\/www.designreisen.de\\\/magazin\\\/airelles-chateau-de-versailles\\\/#respond\"]}]},{\"@type\":\"WebPage\",\"@id\":\"https:\\\/\\\/www.designreisen.de\\\/magazin\\\/airelles-chateau-de-versailles\\\/\",\"url\":\"https:\\\/\\\/www.designreisen.de\\\/magazin\\\/airelles-chateau-de-versailles\\\/\",\"name\":\"Airelles: Luxusurlaub in Schloss Versailles - Connection to Paradise | Luxusreiseblog\",\"isPartOf\":{\"@id\":\"https:\\\/\\\/www.designreisen.de\\\/magazin\\\/#website\"},\"primaryImageOfPage\":{\"@id\":\"https:\\\/\\\/www.designreisen.de\\\/magazin\\\/airelles-chateau-de-versailles\\\/#primaryimage\"},\"image\":{\"@id\":\"https:\\\/\\\/www.designreisen.de\\\/magazin\\\/airelles-chateau-de-versailles\\\/#primaryimage\"},\"thumbnailUrl\":\"https:\\\/\\\/www.designreisen.de\\\/magazin\\\/wp-content\\\/uploads\\\/2024\\\/08\\\/airelles-chateau-de-versailles-8.webp\",\"datePublished\":\"2024-08-01T14:00:17+00:00\",\"dateModified\":\"2024-08-12T09:11:17+00:00\",\"author\":{\"@id\":\"https:\\\/\\\/www.designreisen.de\\\/magazin\\\/#\\\/schema\\\/person\\\/9efe7468aa3eafad1826be30f72942e7\"},\"description\":\"G\u00e4ste des Airelles Ch\u00e2teau de Versaille wohnen umgeben von der reichen Geschichte Frankreichs in jedem erdenklichem Luxus.\",\"breadcrumb\":{\"@id\":\"https:\\\/\\\/www.designreisen.de\\\/magazin\\\/airelles-chateau-de-versailles\\\/#breadcrumb\"},\"inLanguage\":\"de\",\"potentialAction\":[{\"@type\":\"ReadAction\",\"target\":[\"https:\\\/\\\/www.designreisen.de\\\/magazin\\\/airelles-chateau-de-versailles\\\/\"]}]},{\"@type\":\"ImageObject\",\"inLanguage\":\"de\",\"@id\":\"https:\\\/\\\/www.designreisen.de\\\/magazin\\\/airelles-chateau-de-versailles\\\/#primaryimage\",\"url\":\"https:\\\/\\\/www.designreisen.de\\\/magazin\\\/wp-content\\\/uploads\\\/2024\\\/08\\\/airelles-chateau-de-versailles-8.webp\",\"contentUrl\":\"https:\\\/\\\/www.designreisen.de\\\/magazin\\\/wp-content\\\/uploads\\\/2024\\\/08\\\/airelles-chateau-de-versailles-8.webp\",\"width\":1500,\"height\":1125,\"caption\":\"Airelles Chateau de Versailles\"},{\"@type\":\"BreadcrumbList\",\"@id\":\"https:\\\/\\\/www.designreisen.de\\\/magazin\\\/airelles-chateau-de-versailles\\\/#breadcrumb\",\"itemListElement\":[{\"@type\":\"ListItem\",\"position\":1,\"name\":\"Home\",\"item\":\"https:\\\/\\\/www.designreisen.de\\\/magazin\\\/\"},{\"@type\":\"ListItem\",\"position\":2,\"name\":\"Airelles: Luxusurlaub in Schloss Versailles\"}]},{\"@type\":\"WebSite\",\"@id\":\"https:\\\/\\\/www.designreisen.de\\\/magazin\\\/#website\",\"url\":\"https:\\\/\\\/www.designreisen.de\\\/magazin\\\/\",\"name\":\"Connection to Paradise | Luxusreiseblog\",\"description\":\"Der exklusive Reiseblog von DESIGNREISEN\",\"potentialAction\":[{\"@type\":\"SearchAction\",\"target\":{\"@type\":\"EntryPoint\",\"urlTemplate\":\"https:\\\/\\\/www.designreisen.de\\\/magazin\\\/?s={search_term_string}\"},\"query-input\":{\"@type\":\"PropertyValueSpecification\",\"valueRequired\":true,\"valueName\":\"search_term_string\"}}],\"inLanguage\":\"de\"},{\"@type\":\"Person\",\"@id\":\"https:\\\/\\\/www.designreisen.de\\\/magazin\\\/#\\\/schema\\\/person\\\/9efe7468aa3eafad1826be30f72942e7\",\"name\":\"Claudia Hilmbauer\",\"image\":{\"@type\":\"ImageObject\",\"inLanguage\":\"de\",\"@id\":\"https:\\\/\\\/www.designreisen.de\\\/magazin\\\/wp-content\\\/uploads\\\/2023\\\/03\\\/cropped-claudia-hillmbauer-4083-final-zugeschnitten-96x96.jpg\",\"url\":\"https:\\\/\\\/www.designreisen.de\\\/magazin\\\/wp-content\\\/uploads\\\/2023\\\/03\\\/cropped-claudia-hillmbauer-4083-final-zugeschnitten-96x96.jpg\",\"contentUrl\":\"https:\\\/\\\/www.designreisen.de\\\/magazin\\\/wp-content\\\/uploads\\\/2023\\\/03\\\/cropped-claudia-hillmbauer-4083-final-zugeschnitten-96x96.jpg\",\"caption\":\"Claudia Hilmbauer\"}}]}<\/script>\n<!-- \/ Yoast SEO plugin. -->","yoast_head_json":{"title":"Airelles: Luxusurlaub in Schloss Versailles - Connection to Paradise | Luxusreiseblog","description":"G\u00e4ste des Airelles Ch\u00e2teau de Versaille wohnen umgeben von der reichen Geschichte Frankreichs in jedem erdenklichem Luxus.","robots":{"index":"index","follow":"follow","max-snippet":"max-snippet:-1","max-image-preview":"max-image-preview:large","max-video-preview":"max-video-preview:-1"},"canonical":"https:\/\/www.designreisen.de\/magazin\/airelles-chateau-de-versailles\/","og_locale":"de_DE","og_type":"article","og_title":"Airelles: Luxusurlaub in Schloss Versailles - Connection to Paradise | Luxusreiseblog","og_description":"G\u00e4ste des Airelles Ch\u00e2teau de Versaille wohnen umgeben von der reichen Geschichte Frankreichs in jedem erdenklichem Luxus.","og_url":"https:\/\/www.designreisen.de\/magazin\/airelles-chateau-de-versailles\/","og_site_name":"Connection to Paradise | Luxusreiseblog","article_publisher":"https:\/\/www.facebook.com\/Designreisen\/","article_published_time":"2024-08-01T14:00:17+00:00","article_modified_time":"2024-08-12T09:11:17+00:00","og_image":[{"width":1500,"height":1125,"url":"https:\/\/www.designreisen.de\/magazin\/wp-content\/uploads\/2024\/08\/airelles-chateau-de-versailles-8.webp","type":"image\/webp"}],"author":"Claudia Hilmbauer","twitter_card":"summary_large_image","twitter_misc":{"Verfasst von":"Claudia Hilmbauer","Gesch\u00e4tzte Lesezeit":"6\u00a0Minuten"},"schema":{"@context":"https:\/\/schema.org","@graph":[{"@type":"Article","@id":"https:\/\/www.designreisen.de\/magazin\/airelles-chateau-de-versailles\/#article","isPartOf":{"@id":"https:\/\/www.designreisen.de\/magazin\/airelles-chateau-de-versailles\/"},"author":{"name":"Claudia Hilmbauer","@id":"https:\/\/www.designreisen.de\/magazin\/#\/schema\/person\/9efe7468aa3eafad1826be30f72942e7"},"headline":"Airelles: Luxusurlaub in Schloss Versailles","datePublished":"2024-08-01T14:00:17+00:00","dateModified":"2024-08-12T09:11:17+00:00","mainEntityOfPage":{"@id":"https:\/\/www.designreisen.de\/magazin\/airelles-chateau-de-versailles\/"},"wordCount":703,"commentCount":0,"image":{"@id":"https:\/\/www.designreisen.de\/magazin\/airelles-chateau-de-versailles\/#primaryimage"},"thumbnailUrl":"https:\/\/www.designreisen.de\/magazin\/wp-content\/uploads\/2024\/08\/airelles-chateau-de-versailles-8.webp","keywords":["Europa","Frankreich"],"articleSection":["Places To Be","Secret Hideaways"],"inLanguage":"de","potentialAction":[{"@type":"CommentAction","name":"Comment","target":["https:\/\/www.designreisen.de\/magazin\/airelles-chateau-de-versailles\/#respond"]}]},{"@type":"WebPage","@id":"https:\/\/www.designreisen.de\/magazin\/airelles-chateau-de-versailles\/","url":"https:\/\/www.designreisen.de\/magazin\/airelles-chateau-de-versailles\/","name":"Airelles: Luxusurlaub in Schloss Versailles - Connection to Paradise | Luxusreiseblog","isPartOf":{"@id":"https:\/\/www.designreisen.de\/magazin\/#website"},"primaryImageOfPage":{"@id":"https:\/\/www.designreisen.de\/magazin\/airelles-chateau-de-versailles\/#primaryimage"},"image":{"@id":"https:\/\/www.designreisen.de\/magazin\/airelles-chateau-de-versailles\/#primaryimage"},"thumbnailUrl":"https:\/\/www.designreisen.de\/magazin\/wp-content\/uploads\/2024\/08\/airelles-chateau-de-versailles-8.webp","datePublished":"2024-08-01T14:00:17+00:00","dateModified":"2024-08-12T09:11:17+00:00","author":{"@id":"https:\/\/www.designreisen.de\/magazin\/#\/schema\/person\/9efe7468aa3eafad1826be30f72942e7"},"description":"G\u00e4ste des Airelles Ch\u00e2teau de Versaille wohnen umgeben von der reichen Geschichte Frankreichs in jedem erdenklichem Luxus.","breadcrumb":{"@id":"https:\/\/www.designreisen.de\/magazin\/airelles-chateau-de-versailles\/#breadcrumb"},"inLanguage":"de","potentialAction":[{"@type":"ReadAction","target":["https:\/\/www.designreisen.de\/magazin\/airelles-chateau-de-versailles\/"]}]},{"@type":"ImageObject","inLanguage":"de","@id":"https:\/\/www.designreisen.de\/magazin\/airelles-chateau-de-versailles\/#primaryimage","url":"https:\/\/www.designreisen.de\/magazin\/wp-content\/uploads\/2024\/08\/airelles-chateau-de-versailles-8.webp","contentUrl":"https:\/\/www.designreisen.de\/magazin\/wp-content\/uploads\/2024\/08\/airelles-chateau-de-versailles-8.webp","width":1500,"height":1125,"caption":"Airelles Chateau de Versailles"},{"@type":"BreadcrumbList","@id":"https:\/\/www.designreisen.de\/magazin\/airelles-chateau-de-versailles\/#breadcrumb","itemListElement":[{"@type":"ListItem","position":1,"name":"Home","item":"https:\/\/www.designreisen.de\/magazin\/"},{"@type":"ListItem","position":2,"name":"Airelles: Luxusurlaub in Schloss Versailles"}]},{"@type":"WebSite","@id":"https:\/\/www.designreisen.de\/magazin\/#website","url":"https:\/\/www.designreisen.de\/magazin\/","name":"Connection to Paradise | Luxusreiseblog","description":"Der exklusive Reiseblog von DESIGNREISEN","potentialAction":[{"@type":"SearchAction","target":{"@type":"EntryPoint","urlTemplate":"https:\/\/www.designreisen.de\/magazin\/?s={search_term_string}"},"query-input":{"@type":"PropertyValueSpecification","valueRequired":true,"valueName":"search_term_string"}}],"inLanguage":"de"},{"@type":"Person","@id":"https:\/\/www.designreisen.de\/magazin\/#\/schema\/person\/9efe7468aa3eafad1826be30f72942e7","name":"Claudia Hilmbauer","image":{"@type":"ImageObject","inLanguage":"de","@id":"https:\/\/www.designreisen.de\/magazin\/wp-content\/uploads\/2023\/03\/cropped-claudia-hillmbauer-4083-final-zugeschnitten-96x96.jpg","url":"https:\/\/www.designreisen.de\/magazin\/wp-content\/uploads\/2023\/03\/cropped-claudia-hillmbauer-4083-final-zugeschnitten-96x96.jpg","contentUrl":"https:\/\/www.designreisen.de\/magazin\/wp-content\/uploads\/2023\/03\/cropped-claudia-hillmbauer-4083-final-zugeschnitten-96x96.jpg","caption":"Claudia Hilmbauer"}}]}},"_links":{"self":[{"href":"https:\/\/www.designreisen.de\/magazin\/wp-json\/wp\/v2\/posts\/10398","targetHints":{"allow":["GET"]}}],"collection":[{"href":"https:\/\/www.designreisen.de\/magazin\/wp-json\/wp\/v2\/posts"}],"about":[{"href":"https:\/\/www.designreisen.de\/magazin\/wp-json\/wp\/v2\/types\/post"}],"author":[{"embeddable":true,"href":"https:\/\/www.designreisen.de\/magazin\/wp-json\/wp\/v2\/users\/48"}],"replies":[{"embeddable":true,"href":"https:\/\/www.designreisen.de\/magazin\/wp-json\/wp\/v2\/comments?post=10398"}],"version-history":[{"count":10,"href":"https:\/\/www.designreisen.de\/magazin\/wp-json\/wp\/v2\/posts\/10398\/revisions"}],"predecessor-version":[{"id":10450,"href":"https:\/\/www.designreisen.de\/magazin\/wp-json\/wp\/v2\/posts\/10398\/revisions\/10450"}],"wp:featuredmedia":[{"embeddable":true,"href":"https:\/\/www.designreisen.de\/magazin\/wp-json\/wp\/v2\/media\/10403"}],"wp:attachment":[{"href":"https:\/\/www.designreisen.de\/magazin\/wp-json\/wp\/v2\/media?parent=10398"}],"wp:term":[{"taxonomy":"category","embeddable":true,"href":"https:\/\/www.designreisen.de\/magazin\/wp-json\/wp\/v2\/categories?post=10398"},{"taxonomy":"post_tag","embeddable":true,"href":"https:\/\/www.designreisen.de\/magazin\/wp-json\/wp\/v2\/tags?post=10398"}],"curies":[{"name":"wp","href":"https:\/\/api.w.org\/{rel}","templated":true}]}}