{"id":10500,"date":"2024-08-20T11:47:39","date_gmt":"2024-08-20T09:47:39","guid":{"rendered":"https:\/\/www.designreisen.de\/magazin\/?p=10500"},"modified":"2024-08-27T17:33:50","modified_gmt":"2024-08-27T15:33:50","slug":"kunsthotels-weltweit","status":"publish","type":"post","link":"https:\/\/www.designreisen.de\/magazin\/kunsthotels-weltweit\/","title":{"rendered":"Die sch\u00f6nsten Kunsthotels: Fr\u00fchst\u00fcck mit Picasso"},"content":{"rendered":"\n<p>Kunst von Weltruhm in den Suiten, wertvolle Skulpturen in den Foyers, Vernissagen in der Lobby: Immer mehr Hotels werden zu kleinen Museen, in denen Kunst erlebbar wird.<a href=\"https:\/\/issuu.com\/mpmag-de\/docs\/ctp_02_2023_issuu?fr=xKAE9_zU1NQ\"> \u201eConnection to Paradise\u201c<\/a> stellt sechs spannende Kunsthotels vor, die Luxus, Kunst und Schlafen vereinen.<\/p>\n\n\n\n<h5 class=\"wp-block-heading\">Text: Fabian von Poser<\/h5>\n\n\n\n<div style=\"height:40px\" aria-hidden=\"true\" class=\"wp-block-spacer\"><\/div>\n\n\n\n<h2 class=\"wp-block-heading\">Fr\u00fchst\u00fcck mit Picasso<\/h2>\n\n\n\n<h3 class=\"wp-block-heading\">Le Bristol, Paris\/Frankreich<\/h3>\n\n\n\n<p>Das altehrw\u00fcrdige F\u00fcnf-Sterne-Hotel \u201e<a href=\"https:\/\/www.designreisen.de\/luxusreisen\/paris-le-bristol-paris-oetker-collection\">Le Bristol<\/a>\u201c in <a href=\"https:\/\/www.designreisen.de\/luxusreisen\/paris\">Paris<\/a> ehrt den 50. Todestag von Pablo Picasso auf ganz besondere Weise: G\u00e4ste des Hotels k\u00f6nnen ein spezielles Fr\u00fchst\u00fcck mit Blick auf eines von Pablo Picassos Gem\u00e4lden buchen. Anl\u00e4sslich des Jubil\u00e4ums serviert das \u201eLe Bristol\u201c ein spezielles Fr\u00fchst\u00fcck in einer der Deluxe-Junior-Suiten des Palasthotels, das Drei-Sterne-Koch Eric Frechon kreierte. Der Gag: Direkt \u00fcber dem Fr\u00fchst\u00fcckstisch h\u00e4ngt Picassos ber\u00fchmtes Werk \u201eMaison \u00e0 Juan les Pins\u201c, das der K\u00fcnstler 1931 erschuf. Das Gem\u00e4lde ist eine Leihgabe der Op\u00e9ra Galerie.<\/p>\n\n\n\n<figure class=\"wp-block-image size-full\"><img loading=\"lazy\" decoding=\"async\" width=\"1398\" height=\"928\" src=\"https:\/\/www.designreisen.de\/magazin\/wp-content\/uploads\/2024\/08\/unnamed-11.jpg\" alt=\"Le Bristol Paris\" class=\"wp-image-10503 animated\" srcset=\"https:\/\/www.designreisen.de\/magazin\/wp-content\/uploads\/2024\/08\/unnamed-11.jpg 1398w, https:\/\/www.designreisen.de\/magazin\/wp-content\/uploads\/2024\/08\/unnamed-11-450x300.jpg 450w, https:\/\/www.designreisen.de\/magazin\/wp-content\/uploads\/2024\/08\/unnamed-11-1024x680.jpg 1024w, https:\/\/www.designreisen.de\/magazin\/wp-content\/uploads\/2024\/08\/unnamed-11-768x510.jpg 768w\" sizes=\"auto, (max-width: 1398px) 100vw, 1398px\" \/><figcaption class=\"wp-element-caption\">\u00a9 Oetker Collection<\/figcaption><\/figure>\n\n\n\n<div style=\"height:15px\" aria-hidden=\"true\" class=\"wp-block-spacer\"><\/div>\n\n\n\n<p>Das Fr\u00fchst\u00fcck umfasst weich gekochte Eier mit Ahornsirup und Kaviar, Blinis mit ger\u00e4uchertem Lachs und einen Korb mit frischem Geb\u00e4ck. Den Abschluss bildet ein k\u00f6stlicher Obstsalat der Saison. All das wird begleitet von eisgek\u00fchltem Champagner. Zum Angebot geh\u00f6rt auch eine \u00dcbernachtung f\u00fcr zwei Personen. Es ist ausschlie\u00dflich f\u00fcr G\u00e4ste der Deluxe-Junior-Suiten buchbar. Auch in vielen anderen Suiten und Gemeinschaftsr\u00e4umen kann man im <a href=\"https:\/\/www.designreisen.de\/luxusreisen\/paris-le-bristol-paris-oetker-collection\">\u201eLe Bristol\u201c<\/a> \u00fcbrigens Kunst von Weltruhm bestaunen: Ausgestellt sind dort unter anderem Werke von Marc Chagall, Manolo Vald\u00e9s und Tony Cragg.<\/p>\n\n\n\n<div class=\"wp-block-group\"><div class=\"wp-block-group__inner-container is-layout-constrained wp-block-group-is-layout-constrained\"><div class=\"gb-container gb-container-f6c38bae\">\n\n<a class=\"gb-button gb-button-d7e70273 gb-button-text\" href=\"https:\/\/www.designreisen.de\/luxusreisen\/paris-le-bristol-paris-oetker-collection#reise-planen\" target=\"_blank\" rel=\"noopener noreferrer\">Angebot anfordern<\/a>\n\n<\/div>\n\n\n<div style=\"height:40px\" aria-hidden=\"true\" class=\"wp-block-spacer\"><\/div>\n<\/div><\/div>\n\n\n\n<h2 class=\"wp-block-heading\">Alte Meister am See<\/h2>\n\n\n\n<h3 class=\"wp-block-heading\">Schlosshotel Fuschl, Salzburg\/\u00d6sterreich<\/h3>\n\n\n\n<p>Im Fr\u00fchjahr 2024 er\u00f6ffnete das legend\u00e4re Schlosshotel Fuschl nach einer zweij\u00e4hrigen Renovierungsphase als <a href=\"https:\/\/www.designreisen.de\/luxusreisen\/rosewood-schloss-fuschl\">\u201eRosewood Schloss Fuschl\u201c<\/a>. Idyllisch am Ufer des Fuschlsees gelegen, erinnert das Geb\u00e4ude, das den \u00f6sterreichischen K\u00f6nigen \u00fcber fast sechs Jahrhunderte als Zufluchtsort auf dem Land diente, an ein M\u00e4rchenschloss. Seit man es 1954 zum Hotel umfunktionierte, ist es ein beliebter R\u00fcckzugsort f\u00fcr viele Politiker, K\u00fcnstler und Filmstars. Das Thema Kunst spielte seit jeher eine gro\u00dfe Rolle in der Nobelherberge gespielt. Und das wird sie auch weiter tun.<\/p>\n\n\n\n<figure class=\"wp-block-image size-full\"><img loading=\"lazy\" decoding=\"async\" width=\"1500\" height=\"999\" src=\"https:\/\/www.designreisen.de\/magazin\/wp-content\/uploads\/2024\/04\/luxushotels-von-rosewood-schloss-fuschl-3.jpg\" alt=\"Rosewood Schloss Fuschl\" class=\"wp-image-9992 animated\" srcset=\"https:\/\/www.designreisen.de\/magazin\/wp-content\/uploads\/2024\/04\/luxushotels-von-rosewood-schloss-fuschl-3.jpg 1500w, https:\/\/www.designreisen.de\/magazin\/wp-content\/uploads\/2024\/04\/luxushotels-von-rosewood-schloss-fuschl-3-450x300.jpg 450w, https:\/\/www.designreisen.de\/magazin\/wp-content\/uploads\/2024\/04\/luxushotels-von-rosewood-schloss-fuschl-3-1024x682.jpg 1024w, https:\/\/www.designreisen.de\/magazin\/wp-content\/uploads\/2024\/04\/luxushotels-von-rosewood-schloss-fuschl-3-768x511.jpg 768w\" sizes=\"auto, (max-width: 1500px) 100vw, 1500px\" \/><figcaption class=\"wp-element-caption\">\u00a9 Jonathan Maloney<\/figcaption><\/figure>\n\n\n\n<div style=\"height:15px\" aria-hidden=\"true\" class=\"wp-block-spacer\"><\/div>\n\n\n\n<p>Die \u201eSchloss Fuschl Collection Alte Meister\u201c ist auch nach der Renovierung weiter zu sehen. In ausgew\u00e4hlten Zimmern und Suiten h\u00e4ngen mehr als hundert Gem\u00e4lde weltbekannter K\u00fcnstler des 17. bis 19. Jahrhundertsan den W\u00e4nden. Einer der H\u00f6hepunkte der Sammlung ist das Gemeinschaftswerk \u201eFr\u00fchling: Landschaft mit eleganter Gesellschaft auf einer Allee\u201c der fl\u00e4mischen K\u00fcnstler Joos de Momper der J\u00fcngere und Jan Brueghel der \u00c4ltere. Das Rosewood Schloss Fuschl liegt nur eine kurze Fahrt von Salzburg entfernt und verf\u00fcgt \u00fcber 98 G\u00e4stezimmer, darunter 46 Suiten und sechs Chalets, sowie mehrere Weltklasse-Restaurants und Lounges. Das Resort ist nach der Er\u00f6ffnung des <a href=\"https:\/\/www.designreisen.de\/luxusreisen\/wien-rosewood-vienna\">Rosewood Wien<\/a> bereits das zweite Rosewood-Haus in <a href=\"https:\/\/www.designreisen.de\/luxusreisen\/oesterreich\">\u00d6sterreich<\/a>.<\/p>\n\n\n\n<div class=\"wp-block-group\"><div class=\"wp-block-group__inner-container is-layout-constrained wp-block-group-is-layout-constrained\">\n<div class=\"wp-block-group\"><div class=\"wp-block-group__inner-container is-layout-constrained wp-block-group-is-layout-constrained\"><div class=\"gb-container gb-container-ce79bd7e\">\n\n<a class=\"gb-button gb-button-7e453668 gb-button-text\" href=\"https:\/\/www.designreisen.de\/luxusreisen\/rosewood-schloss-fuschl#reise-planen\" target=\"_blank\" rel=\"noopener noreferrer\">Angebot anfordern<\/a>\n\n<\/div>\n\n\n<div style=\"height:40px\" aria-hidden=\"true\" class=\"wp-block-spacer\"><\/div>\n<\/div><\/div>\n\n\n\n<h2 class=\"wp-block-heading\">Gro\u00dfe Kunst<\/h2>\n\n\n\n<h3 class=\"wp-block-heading\">The Dolder Grand, Z\u00fcrich\/Schweiz<\/h3>\n\n\n\n<p>Zu einer Pilgerst\u00e4tte f\u00fcr Kunstsinnige hat sich das <a href=\"https:\/\/www.designreisen.de\/luxusreisen\/zuerich-the-dolder-grand\">\u201eThe Dolder Grand\u201c<\/a>, eines der traditionsreichsten und besten Hotels der <a href=\"https:\/\/www.designreisen.de\/luxusreisen\/schweiz\">Schweiz<\/a>, entwickelt. Die Nobelherberge hoch \u00fcber den D\u00e4chern von Z\u00fcrich wurde 1899 als \u201eGrandhotel und Curhaus\u201c er\u00f6ffnet. Nach einem grundlegenden Umbau unter der Federf\u00fchrung vom Londoner Architekturb\u00fcro Foster and Partners feierte das neue \u201eThe Dolder Grand\u201c 2008 seine Wiederer\u00f6ffnung. Seitdem ist es eines der luxuri\u00f6sesten Kunsthotels. Denn mehr als 100 weltbekannte Kunstwerke diverser Epochen schm\u00fccken die R\u00e4umlichkeiten des Luxushotels.<\/p>\n\n\n\n<figure class=\"wp-block-image size-full\"><img loading=\"lazy\" decoding=\"async\" width=\"2158\" height=\"1440\" src=\"https:\/\/www.designreisen.de\/magazin\/wp-content\/uploads\/2024\/08\/doldergrand-scaled.jpg\" alt=\"\" class=\"wp-image-10541 animated\" srcset=\"https:\/\/www.designreisen.de\/magazin\/wp-content\/uploads\/2024\/08\/doldergrand-scaled.jpg 2158w, https:\/\/www.designreisen.de\/magazin\/wp-content\/uploads\/2024\/08\/doldergrand-450x300.jpg 450w, https:\/\/www.designreisen.de\/magazin\/wp-content\/uploads\/2024\/08\/doldergrand-1024x683.jpg 1024w, https:\/\/www.designreisen.de\/magazin\/wp-content\/uploads\/2024\/08\/doldergrand-768x513.jpg 768w, https:\/\/www.designreisen.de\/magazin\/wp-content\/uploads\/2024\/08\/doldergrand-1536x1025.jpg 1536w, https:\/\/www.designreisen.de\/magazin\/wp-content\/uploads\/2024\/08\/doldergrand-2048x1367.jpg 2048w, https:\/\/www.designreisen.de\/magazin\/wp-content\/uploads\/2024\/08\/doldergrand-1920x1281.jpg 1920w\" sizes=\"auto, (max-width: 2158px) 100vw, 2158px\" \/><figcaption class=\"wp-element-caption\">\u00a9 The Dolder Grand<\/figcaption><\/figure>\n\n\n\n<p>Einige sind den G\u00e4sten auf den Zimmern vorbehalten, die meisten Kunstwerke befinden sich aber in den \u00f6ffentlichen R\u00e4umen. Und was f\u00fcr Kunst dabei ist! Am Eingang zu \u201eThe Restaurant\u201c empf\u00e4ngt einen Salvador Dal\u00eds \u201eFemmes m\u00e9tamorphos\u00e9es les sept arts\u201c. Auf dem Weg ins Spa ist \u201eLe Monde\u201c von Niki de Saint Phalle und Jean Tinguely zu bestaunen. Auf der Terrasse ist dann Fernando Boteros opulente \u201eWoman with fruit\u201c zu sehen. Vertreten sind au\u00dferdem K\u00fcnstler wie Joan Mir\u00f3, Miquel Barcel\u00f3, Max Ernst, Anselm Kiefer, Keith Haring sowie zeitgen\u00f6ssische K\u00fcnstler wie Jani Leinonen und Takashi Murakami. Das Luxushotel ist \u00fcbrigens auch selbst ein Kunstwerk, denn es beeindruckt seit dem Umbau durch seine au\u00dfergew\u00f6hnliche Architektur und das fein abgestimmte Interieur der britischen Innenarchitekten von United Designers.<\/p>\n\n\n\n<div class=\"wp-block-group\"><div class=\"wp-block-group__inner-container is-layout-constrained wp-block-group-is-layout-constrained\"><div class=\"gb-container gb-container-3549b902\">\n\n<a class=\"gb-button gb-button-ff6e87db gb-button-text\" href=\"https:\/\/www.designreisen.de\/luxusreisen\/zuerich-the-dolder-grand#reise-planen\" target=\"_blank\" rel=\"noopener noreferrer\">Angebot anfordern<\/a>\n\n<\/div>\n\n\n<div style=\"height:40px\" aria-hidden=\"true\" class=\"wp-block-spacer\"><\/div>\n<\/div><\/div>\n\n\n\n<div class=\"wp-block-group\"><div class=\"wp-block-group__inner-container is-layout-constrained wp-block-group-is-layout-constrained\">\n<h2 class=\"wp-block-heading\">Zu Gast beim Wollmammut<\/h2>\n\n\n\n<h3 class=\"wp-block-heading\">Faena Hotel Miami Beach, Florida\/USA<\/h3>\n\n\n\n<p><a href=\"https:\/\/www.designreisen.de\/luxusreisen\/miami\">Miami Beach<\/a> ist seit Jahren ein Mekka f\u00fcr Kunstbegeisterte: Die Miami Art Week l\u00e4sst Kunstfans das Wasser im Mund zusammen laufen, K\u00fcnstlerviertel wie Wynwood und der Miami Design District ziehen Tausende an. Auch viele Hotels stellen mittlerweile Werke in Museumsqualit\u00e4t aus. Allen voran das <a href=\"https:\/\/www.designreisen.de\/luxusreisen\/miami-faena-hotel-miami-beach\">Faena Miami.<\/a> In dem vom Argentinier Alan Faena entworfenen Hotel im Art-Deco-Stil sind Kunstwerke von Weltruhm zu finden. Das bekannteste ist Damien Hirsts \u201eGone but not forgotten\u201c. Dabei handelt es sich um ein mehr als drei Meter hohes, vergoldetes Skelett eines Wollmammuts, das in einer Glasbox im Garten ausgestellt ist.<\/p>\n\n\n\n<figure class=\"wp-block-image size-full\"><img loading=\"lazy\" decoding=\"async\" width=\"1200\" height=\"900\" src=\"https:\/\/www.designreisen.de\/magazin\/wp-content\/uploads\/2024\/08\/Faena-Hotel.jpg\" alt=\"Faena Miami Beach\" class=\"wp-image-10506 animated\" srcset=\"https:\/\/www.designreisen.de\/magazin\/wp-content\/uploads\/2024\/08\/Faena-Hotel.jpg 1200w, https:\/\/www.designreisen.de\/magazin\/wp-content\/uploads\/2024\/08\/Faena-Hotel-400x300.jpg 400w, https:\/\/www.designreisen.de\/magazin\/wp-content\/uploads\/2024\/08\/Faena-Hotel-1024x768.jpg 1024w, https:\/\/www.designreisen.de\/magazin\/wp-content\/uploads\/2024\/08\/Faena-Hotel-768x576.jpg 768w\" sizes=\"auto, (max-width: 1200px) 100vw, 1200px\" \/><figcaption class=\"wp-element-caption\">\u00a9 Faena Miami Beach<\/figcaption><\/figure>\n\n\n\n<div style=\"height:15px\" aria-hidden=\"true\" class=\"wp-block-spacer\"><\/div>\n\n\n\n<p>Wer eine weitere Arbeit des britischen K\u00fcnstlers sehen m\u00f6chte, der speist im asiatischen Restaurant \u201ePao\u201c. Dort ist eine hoch aufragende, goldene Einhorn-Skulptur von Hirst ausgestellt. Den kathedralartigen Eingang des Hotels schm\u00fccken acht gro\u00dfformatige Gem\u00e4lde des argentinischen K\u00fcnstlers Juan Gatti mit dem Titel \u201eThe way to futopia\u201c. Einzigartig ist das Kunstwerk \u201eStorms\u201c von Alberto Garutti. Es besteht aus zwei Kronleuchtern. Diese flackern jedes Mal, wenn ein Blitz in der argentinischen Pampa einschl\u00e4gt. Durch die Verarbeitung von Blitzdaten aus Argentinien ist das Werk eine geokonzeptionelle Transformation, die zeitliche und geografische Grenzen aufhebt und das Publikum in die Pampa versetzt.<\/p>\n\n\n<div class=\"gb-container gb-container-75d78128\">\n\n<a class=\"gb-button gb-button-4702aca1 gb-button-text\" href=\"https:\/\/www.designreisen.de\/luxusreisen\/miami-faena-hotel-miami-beach#reise-planen\" target=\"_blank\" rel=\"noopener noreferrer\">Angebot anfordern<\/a>\n\n<\/div>\n\n\n<div style=\"height:40px\" aria-hidden=\"true\" class=\"wp-block-spacer\"><\/div>\n\n\n\n<h2 class=\"wp-block-heading\">Kunst im Getreidespeicher<\/h2>\n\n\n\n<h3 class=\"wp-block-heading\">The Silo, Kapstadt\/S\u00fcdafrika<\/h3>\n\n\n\n<p>Bei einer Zusammenstellung der besten Kunsthotels darf ein Haus nicht fehlen: das \u201e<a href=\"https:\/\/www.designreisen.de\/luxusreisen\/kapstadt-the-silo\">The Silo Hotel<\/a>\u201c in <a href=\"https:\/\/www.designreisen.de\/luxusreisen\/kapstadt\">Kapstadt<\/a>. Es erhebt sich \u00fcber Kapstadts schillerndem Ausgehviertel Victoria &amp; Alfred Waterfront direkt am Hafen in einem alten Getreidesilo. An den W\u00e4nden des Hotels sind zahlreiche Kunstwerke aufstrebender, aber auch etablierter afrikanischer K\u00fcnstler ausgestellt. Alle erwarb Inhaberin Liz Biden auf ihren Reisen durch <a href=\"https:\/\/www.designreisen.de\/luxusreisen\/afrika\">Afrika<\/a> h\u00f6chstpers\u00f6nlich. Die Bilder verleihen jedem der 28 Zimmer eine individuelle Note. Doch das ist l\u00e4ngst nicht alles, denn im unteren Teil des Geb\u00e4udes liegt das Zeitz Museum of Contemporary Art Africa (MOCAA).<\/p>\n\n\n\n<figure class=\"wp-block-image size-large\"><img loading=\"lazy\" decoding=\"async\" width=\"1024\" height=\"683\" src=\"https:\/\/www.designreisen.de\/magazin\/wp-content\/uploads\/2024\/08\/silo-1024x683.jpg\" alt=\"\" class=\"wp-image-10540 animated\" srcset=\"https:\/\/www.designreisen.de\/magazin\/wp-content\/uploads\/2024\/08\/silo-1024x683.jpg 1024w, https:\/\/www.designreisen.de\/magazin\/wp-content\/uploads\/2024\/08\/silo-450x300.jpg 450w, https:\/\/www.designreisen.de\/magazin\/wp-content\/uploads\/2024\/08\/silo-768x513.jpg 768w, https:\/\/www.designreisen.de\/magazin\/wp-content\/uploads\/2024\/08\/silo-1536x1025.jpg 1536w, https:\/\/www.designreisen.de\/magazin\/wp-content\/uploads\/2024\/08\/silo-2048x1367.jpg 2048w, https:\/\/www.designreisen.de\/magazin\/wp-content\/uploads\/2024\/08\/silo-1920x1281.jpg 1920w\" sizes=\"auto, (max-width: 1024px) 100vw, 1024px\" \/><\/figure>\n\n\n\n<div style=\"height:15px\" aria-hidden=\"true\" class=\"wp-block-spacer\"><\/div>\n\n\n\n<p>Es gilt als das beste Museum f\u00fcr moderne afrikanische <a href=\"https:\/\/www.designreisen.de\/magazin\/szene-afrika\/\">Kunst auf dem Kontinent<\/a>. Grundstein eines der gr\u00f6\u00dften Museen Afrikas ist die Sammlung des deutschen Initiators und Kunstsammlers Jochen Zeitz, langj\u00e4hriger Chef des Sportartikelherstellers Puma. Die Sammlung geh\u00f6rt mittlerweile dem Museum. Neben der Dauerausstellung mit Zeitz&#8216; Kollektion gibt es wechselnde Ausstellungen zu verschiedenen Themen. Der vom renommierten Londoner Architekten Thomas Heatherwick gestaltete Museumsbau ist \u00fcbrigens selbst ein Kunstwerk. Das Geb\u00e4ude begeistert l\u00e4ngst nicht nur Kunstliebhaber, sondern auch k\u00fcnstlerisch bis dato v\u00f6llig unbedarfte Besucher.<\/p>\n\n\n<div class=\"gb-container gb-container-1ce72713\">\n\n<a class=\"gb-button gb-button-35347f39 gb-button-text\" href=\"https:\/\/www.designreisen.de\/luxusreisen\/kapstadt-the-silo#reise-planen\" target=\"_blank\" rel=\"noopener noreferrer\">Angebot anfordern<\/a>\n\n<\/div>\n\n\n<div style=\"height:40px\" aria-hidden=\"true\" class=\"wp-block-spacer\"><\/div>\n<\/div><\/div>\n<\/div><\/div>\n\n\n\n<h2 class=\"wp-block-heading\">Open-Air Museum<\/h2>\n\n\n\n<h3 class=\"wp-block-heading\">Patina, Fari Islands\/Malediven<\/h3>\n\n\n\n<p>Wer im <a href=\"https:\/\/www.designreisen.de\/luxusreisen\/nord-male-atoll-patina-maldives-fari-islands\">Patina Maldives<\/a> unterkommt, der kann Kunst nicht nur betrachten \u2013 er wird selbst Teil davon. Das Resort auf den Fari Islands beherbergt neben zahlreichen luxuri\u00f6sen Villen und Suiten auch diverse Kunstinstallationen, die sich \u00fcber die ganze Insel verteilen. Bei der Ankunft werden die G\u00e4ste vom \u201eHome deep blue\u201c begr\u00fc\u00dft. Dabei handelt es sich um einen sechs Meter breiten Wandteppich der in New York lebenden K\u00fcnstlerin Hiroko Takeda. Ihre Arbeit verk\u00f6rpert die Traditionen der japanischen Volkskunstbewegung Mingei Undou.<\/p>\n\n\n\n<figure class=\"wp-block-image size-full\"><img loading=\"lazy\" decoding=\"async\" width=\"1500\" height=\"935\" src=\"https:\/\/www.designreisen.de\/magazin\/wp-content\/uploads\/2023\/09\/PATINA_MALDIVES_MAIN-POOL_805_03-malediven-mit-kindern-5.webp\" alt=\"Patina Maldives\" class=\"wp-image-9132 animated\" srcset=\"https:\/\/www.designreisen.de\/magazin\/wp-content\/uploads\/2023\/09\/PATINA_MALDIVES_MAIN-POOL_805_03-malediven-mit-kindern-5.webp 1500w, https:\/\/www.designreisen.de\/magazin\/wp-content\/uploads\/2023\/09\/PATINA_MALDIVES_MAIN-POOL_805_03-malediven-mit-kindern-5-450x281.webp 450w, https:\/\/www.designreisen.de\/magazin\/wp-content\/uploads\/2023\/09\/PATINA_MALDIVES_MAIN-POOL_805_03-malediven-mit-kindern-5-1024x638.webp 1024w, https:\/\/www.designreisen.de\/magazin\/wp-content\/uploads\/2023\/09\/PATINA_MALDIVES_MAIN-POOL_805_03-malediven-mit-kindern-5-768x479.webp 768w\" sizes=\"auto, (max-width: 1500px) 100vw, 1500px\" \/><figcaption class=\"wp-element-caption\">\u00a9 Patina Maldives<\/figcaption><\/figure>\n\n\n\n<div style=\"height:10px\" aria-hidden=\"true\" class=\"wp-block-spacer\"><\/div>\n\n\n\n<p>Doch das ist l\u00e4ngst nicht alles, denn die gesamte Insel ist voller Kunst. Die in Zusammenarbeit mit der in <a href=\"https:\/\/www.designreisen.de\/luxusreisen\/singapur\">Singapur<\/a> ans\u00e4ssigen Agentur \u201eThe Artling\u201c kuratierten Installationen sind fest in der Insellandschaft integriert und Teil eines Kunstpfades, der Fragen stellt, zu neuen Perspektiven und zum Nachdenken anregt. Zu den Highlights geh\u00f6rt der \u201eSkyspace Pavillon\u201c des US-amerikanischen K\u00fcnstlers James Turrell, der je nach Tages- und Nachtzeit f\u00fcr neue optische \u00dcberraschungen sorgt. Entworfen vom brasilianischen Architekten Marcio Kogan, bietet das Patina Maldives 90 moderne Strand- und Wasservillen mit bis zu drei Schlafzimmern sowie 20 Studios. Das Luxusresort der Capella Hotel Group hat es sich zum Ziel gemacht, durch langfristiges Denken und \u00f6kologisches Handeln, Nachhaltigkeit mit einem H\u00f6chstma\u00df an Luxus zu verbinden.<\/p>\n\n\n<div class=\"gb-container gb-container-989a9ab3\">\n\n<a class=\"gb-button gb-button-728a4193 gb-button-text\" href=\"https:\/\/www.designreisen.de\/luxusreisen\/nord-male-atoll-patina-maldives-fari-islands#reise-planen\" target=\"_blank\" rel=\"noopener noreferrer\">Angebot anfordern<\/a>\n\n<\/div>\n\n\n<div style=\"height:40px\" aria-hidden=\"true\" class=\"wp-block-spacer\"><\/div>\n","protected":false},"excerpt":{"rendered":"<p>Schlafen umgeben wertvoller Objekte: Immer mehr Kunsthotels erobern den Luxusmarkt. Wir stellen sechs davon vor.<\/p>\n","protected":false},"author":48,"featured_media":10551,"comment_status":"open","ping_status":"open","sticky":false,"template":"","format":"standard","meta":{"_acf_changed":false,"footnotes":""},"categories":[1],"tags":[],"class_list":["post-10500","post","type-post","status-publish","format-standard","has-post-thumbnail","hentry","category-fashion-lifestyle"],"acf":[],"yoast_head":"<!-- This site is optimized with the Yoast SEO plugin v27.5 - https:\/\/yoast.com\/product\/yoast-seo-wordpress\/ -->\n<title>Kunsthotels: Fr\u00fchst\u00fcck mit Picasso - Connection to Paradise | Luxusreiseblog<\/title>\n<meta name=\"description\" content=\"Schlafen umgeben wertvoller Objekte: Immer mehr Kunsthotels erobern den Luxusmarkt. Wir stellen sechs davon vor.\" \/>\n<meta name=\"robots\" content=\"index, follow, max-snippet:-1, max-image-preview:large, max-video-preview:-1\" \/>\n<link rel=\"canonical\" href=\"https:\/\/www.designreisen.de\/magazin\/kunsthotels-weltweit\/\" \/>\n<meta property=\"og:locale\" content=\"de_DE\" \/>\n<meta property=\"og:type\" content=\"article\" \/>\n<meta property=\"og:title\" content=\"Kunsthotels: Fr\u00fchst\u00fcck mit Picasso - Connection to Paradise | Luxusreiseblog\" \/>\n<meta property=\"og:description\" content=\"Schlafen umgeben wertvoller Objekte: Immer mehr Kunsthotels erobern den Luxusmarkt. Wir stellen sechs davon vor.\" \/>\n<meta property=\"og:url\" content=\"https:\/\/www.designreisen.de\/magazin\/kunsthotels-weltweit\/\" \/>\n<meta property=\"og:site_name\" content=\"Connection to Paradise | Luxusreiseblog\" \/>\n<meta property=\"article:publisher\" content=\"https:\/\/www.facebook.com\/Designreisen\/\" \/>\n<meta property=\"article:published_time\" content=\"2024-08-20T09:47:39+00:00\" \/>\n<meta property=\"article:modified_time\" content=\"2024-08-27T15:33:50+00:00\" \/>\n<meta property=\"og:image\" content=\"https:\/\/www.designreisen.de\/magazin\/wp-content\/uploads\/2024\/08\/2.jpg\" \/>\n\t<meta property=\"og:image:width\" content=\"780\" \/>\n\t<meta property=\"og:image:height\" content=\"459\" \/>\n\t<meta property=\"og:image:type\" content=\"image\/jpeg\" \/>\n<meta name=\"author\" content=\"Claudia Hilmbauer\" \/>\n<meta name=\"twitter:card\" content=\"summary_large_image\" \/>\n<meta name=\"twitter:label1\" content=\"Verfasst von\" \/>\n\t<meta name=\"twitter:data1\" content=\"Claudia Hilmbauer\" \/>\n\t<meta name=\"twitter:label2\" content=\"Gesch\u00e4tzte Lesezeit\" \/>\n\t<meta name=\"twitter:data2\" content=\"9\u00a0Minuten\" \/>\n<script type=\"application\/ld+json\" class=\"yoast-schema-graph\">{\"@context\":\"https:\\\/\\\/schema.org\",\"@graph\":[{\"@type\":\"Article\",\"@id\":\"https:\\\/\\\/www.designreisen.de\\\/magazin\\\/kunsthotels-weltweit\\\/#article\",\"isPartOf\":{\"@id\":\"https:\\\/\\\/www.designreisen.de\\\/magazin\\\/kunsthotels-weltweit\\\/\"},\"author\":{\"name\":\"Claudia Hilmbauer\",\"@id\":\"https:\\\/\\\/www.designreisen.de\\\/magazin\\\/#\\\/schema\\\/person\\\/9efe7468aa3eafad1826be30f72942e7\"},\"headline\":\"Die sch\u00f6nsten Kunsthotels: Fr\u00fchst\u00fcck mit Picasso\",\"datePublished\":\"2024-08-20T09:47:39+00:00\",\"dateModified\":\"2024-08-27T15:33:50+00:00\",\"mainEntityOfPage\":{\"@id\":\"https:\\\/\\\/www.designreisen.de\\\/magazin\\\/kunsthotels-weltweit\\\/\"},\"wordCount\":1339,\"commentCount\":0,\"image\":{\"@id\":\"https:\\\/\\\/www.designreisen.de\\\/magazin\\\/kunsthotels-weltweit\\\/#primaryimage\"},\"thumbnailUrl\":\"https:\\\/\\\/www.designreisen.de\\\/magazin\\\/wp-content\\\/uploads\\\/2024\\\/08\\\/2.jpg\",\"articleSection\":[\"Fashion + Lifestyle\"],\"inLanguage\":\"de\",\"potentialAction\":[{\"@type\":\"CommentAction\",\"name\":\"Comment\",\"target\":[\"https:\\\/\\\/www.designreisen.de\\\/magazin\\\/kunsthotels-weltweit\\\/#respond\"]}]},{\"@type\":\"WebPage\",\"@id\":\"https:\\\/\\\/www.designreisen.de\\\/magazin\\\/kunsthotels-weltweit\\\/\",\"url\":\"https:\\\/\\\/www.designreisen.de\\\/magazin\\\/kunsthotels-weltweit\\\/\",\"name\":\"Kunsthotels: Fr\u00fchst\u00fcck mit Picasso - Connection to Paradise | Luxusreiseblog\",\"isPartOf\":{\"@id\":\"https:\\\/\\\/www.designreisen.de\\\/magazin\\\/#website\"},\"primaryImageOfPage\":{\"@id\":\"https:\\\/\\\/www.designreisen.de\\\/magazin\\\/kunsthotels-weltweit\\\/#primaryimage\"},\"image\":{\"@id\":\"https:\\\/\\\/www.designreisen.de\\\/magazin\\\/kunsthotels-weltweit\\\/#primaryimage\"},\"thumbnailUrl\":\"https:\\\/\\\/www.designreisen.de\\\/magazin\\\/wp-content\\\/uploads\\\/2024\\\/08\\\/2.jpg\",\"datePublished\":\"2024-08-20T09:47:39+00:00\",\"dateModified\":\"2024-08-27T15:33:50+00:00\",\"author\":{\"@id\":\"https:\\\/\\\/www.designreisen.de\\\/magazin\\\/#\\\/schema\\\/person\\\/9efe7468aa3eafad1826be30f72942e7\"},\"description\":\"Schlafen umgeben wertvoller Objekte: Immer mehr Kunsthotels erobern den Luxusmarkt. Wir stellen sechs davon vor.\",\"breadcrumb\":{\"@id\":\"https:\\\/\\\/www.designreisen.de\\\/magazin\\\/kunsthotels-weltweit\\\/#breadcrumb\"},\"inLanguage\":\"de\",\"potentialAction\":[{\"@type\":\"ReadAction\",\"target\":[\"https:\\\/\\\/www.designreisen.de\\\/magazin\\\/kunsthotels-weltweit\\\/\"]}]},{\"@type\":\"ImageObject\",\"inLanguage\":\"de\",\"@id\":\"https:\\\/\\\/www.designreisen.de\\\/magazin\\\/kunsthotels-weltweit\\\/#primaryimage\",\"url\":\"https:\\\/\\\/www.designreisen.de\\\/magazin\\\/wp-content\\\/uploads\\\/2024\\\/08\\\/2.jpg\",\"contentUrl\":\"https:\\\/\\\/www.designreisen.de\\\/magazin\\\/wp-content\\\/uploads\\\/2024\\\/08\\\/2.jpg\",\"width\":780,\"height\":459},{\"@type\":\"BreadcrumbList\",\"@id\":\"https:\\\/\\\/www.designreisen.de\\\/magazin\\\/kunsthotels-weltweit\\\/#breadcrumb\",\"itemListElement\":[{\"@type\":\"ListItem\",\"position\":1,\"name\":\"Home\",\"item\":\"https:\\\/\\\/www.designreisen.de\\\/magazin\\\/\"},{\"@type\":\"ListItem\",\"position\":2,\"name\":\"Die sch\u00f6nsten Kunsthotels: Fr\u00fchst\u00fcck mit Picasso\"}]},{\"@type\":\"WebSite\",\"@id\":\"https:\\\/\\\/www.designreisen.de\\\/magazin\\\/#website\",\"url\":\"https:\\\/\\\/www.designreisen.de\\\/magazin\\\/\",\"name\":\"Connection to Paradise | Luxusreiseblog\",\"description\":\"Der exklusive Reiseblog von DESIGNREISEN\",\"potentialAction\":[{\"@type\":\"SearchAction\",\"target\":{\"@type\":\"EntryPoint\",\"urlTemplate\":\"https:\\\/\\\/www.designreisen.de\\\/magazin\\\/?s={search_term_string}\"},\"query-input\":{\"@type\":\"PropertyValueSpecification\",\"valueRequired\":true,\"valueName\":\"search_term_string\"}}],\"inLanguage\":\"de\"},{\"@type\":\"Person\",\"@id\":\"https:\\\/\\\/www.designreisen.de\\\/magazin\\\/#\\\/schema\\\/person\\\/9efe7468aa3eafad1826be30f72942e7\",\"name\":\"Claudia Hilmbauer\",\"image\":{\"@type\":\"ImageObject\",\"inLanguage\":\"de\",\"@id\":\"https:\\\/\\\/www.designreisen.de\\\/magazin\\\/wp-content\\\/uploads\\\/2023\\\/03\\\/cropped-claudia-hillmbauer-4083-final-zugeschnitten-96x96.jpg\",\"url\":\"https:\\\/\\\/www.designreisen.de\\\/magazin\\\/wp-content\\\/uploads\\\/2023\\\/03\\\/cropped-claudia-hillmbauer-4083-final-zugeschnitten-96x96.jpg\",\"contentUrl\":\"https:\\\/\\\/www.designreisen.de\\\/magazin\\\/wp-content\\\/uploads\\\/2023\\\/03\\\/cropped-claudia-hillmbauer-4083-final-zugeschnitten-96x96.jpg\",\"caption\":\"Claudia Hilmbauer\"}}]}<\/script>\n<!-- \/ Yoast SEO plugin. -->","yoast_head_json":{"title":"Kunsthotels: Fr\u00fchst\u00fcck mit Picasso - Connection to Paradise | Luxusreiseblog","description":"Schlafen umgeben wertvoller Objekte: Immer mehr Kunsthotels erobern den Luxusmarkt. Wir stellen sechs davon vor.","robots":{"index":"index","follow":"follow","max-snippet":"max-snippet:-1","max-image-preview":"max-image-preview:large","max-video-preview":"max-video-preview:-1"},"canonical":"https:\/\/www.designreisen.de\/magazin\/kunsthotels-weltweit\/","og_locale":"de_DE","og_type":"article","og_title":"Kunsthotels: Fr\u00fchst\u00fcck mit Picasso - Connection to Paradise | Luxusreiseblog","og_description":"Schlafen umgeben wertvoller Objekte: Immer mehr Kunsthotels erobern den Luxusmarkt. Wir stellen sechs davon vor.","og_url":"https:\/\/www.designreisen.de\/magazin\/kunsthotels-weltweit\/","og_site_name":"Connection to Paradise | Luxusreiseblog","article_publisher":"https:\/\/www.facebook.com\/Designreisen\/","article_published_time":"2024-08-20T09:47:39+00:00","article_modified_time":"2024-08-27T15:33:50+00:00","og_image":[{"width":780,"height":459,"url":"https:\/\/www.designreisen.de\/magazin\/wp-content\/uploads\/2024\/08\/2.jpg","type":"image\/jpeg"}],"author":"Claudia Hilmbauer","twitter_card":"summary_large_image","twitter_misc":{"Verfasst von":"Claudia Hilmbauer","Gesch\u00e4tzte Lesezeit":"9\u00a0Minuten"},"schema":{"@context":"https:\/\/schema.org","@graph":[{"@type":"Article","@id":"https:\/\/www.designreisen.de\/magazin\/kunsthotels-weltweit\/#article","isPartOf":{"@id":"https:\/\/www.designreisen.de\/magazin\/kunsthotels-weltweit\/"},"author":{"name":"Claudia Hilmbauer","@id":"https:\/\/www.designreisen.de\/magazin\/#\/schema\/person\/9efe7468aa3eafad1826be30f72942e7"},"headline":"Die sch\u00f6nsten Kunsthotels: Fr\u00fchst\u00fcck mit Picasso","datePublished":"2024-08-20T09:47:39+00:00","dateModified":"2024-08-27T15:33:50+00:00","mainEntityOfPage":{"@id":"https:\/\/www.designreisen.de\/magazin\/kunsthotels-weltweit\/"},"wordCount":1339,"commentCount":0,"image":{"@id":"https:\/\/www.designreisen.de\/magazin\/kunsthotels-weltweit\/#primaryimage"},"thumbnailUrl":"https:\/\/www.designreisen.de\/magazin\/wp-content\/uploads\/2024\/08\/2.jpg","articleSection":["Fashion + Lifestyle"],"inLanguage":"de","potentialAction":[{"@type":"CommentAction","name":"Comment","target":["https:\/\/www.designreisen.de\/magazin\/kunsthotels-weltweit\/#respond"]}]},{"@type":"WebPage","@id":"https:\/\/www.designreisen.de\/magazin\/kunsthotels-weltweit\/","url":"https:\/\/www.designreisen.de\/magazin\/kunsthotels-weltweit\/","name":"Kunsthotels: Fr\u00fchst\u00fcck mit Picasso - Connection to Paradise | Luxusreiseblog","isPartOf":{"@id":"https:\/\/www.designreisen.de\/magazin\/#website"},"primaryImageOfPage":{"@id":"https:\/\/www.designreisen.de\/magazin\/kunsthotels-weltweit\/#primaryimage"},"image":{"@id":"https:\/\/www.designreisen.de\/magazin\/kunsthotels-weltweit\/#primaryimage"},"thumbnailUrl":"https:\/\/www.designreisen.de\/magazin\/wp-content\/uploads\/2024\/08\/2.jpg","datePublished":"2024-08-20T09:47:39+00:00","dateModified":"2024-08-27T15:33:50+00:00","author":{"@id":"https:\/\/www.designreisen.de\/magazin\/#\/schema\/person\/9efe7468aa3eafad1826be30f72942e7"},"description":"Schlafen umgeben wertvoller Objekte: Immer mehr Kunsthotels erobern den Luxusmarkt. Wir stellen sechs davon vor.","breadcrumb":{"@id":"https:\/\/www.designreisen.de\/magazin\/kunsthotels-weltweit\/#breadcrumb"},"inLanguage":"de","potentialAction":[{"@type":"ReadAction","target":["https:\/\/www.designreisen.de\/magazin\/kunsthotels-weltweit\/"]}]},{"@type":"ImageObject","inLanguage":"de","@id":"https:\/\/www.designreisen.de\/magazin\/kunsthotels-weltweit\/#primaryimage","url":"https:\/\/www.designreisen.de\/magazin\/wp-content\/uploads\/2024\/08\/2.jpg","contentUrl":"https:\/\/www.designreisen.de\/magazin\/wp-content\/uploads\/2024\/08\/2.jpg","width":780,"height":459},{"@type":"BreadcrumbList","@id":"https:\/\/www.designreisen.de\/magazin\/kunsthotels-weltweit\/#breadcrumb","itemListElement":[{"@type":"ListItem","position":1,"name":"Home","item":"https:\/\/www.designreisen.de\/magazin\/"},{"@type":"ListItem","position":2,"name":"Die sch\u00f6nsten Kunsthotels: Fr\u00fchst\u00fcck mit Picasso"}]},{"@type":"WebSite","@id":"https:\/\/www.designreisen.de\/magazin\/#website","url":"https:\/\/www.designreisen.de\/magazin\/","name":"Connection to Paradise | Luxusreiseblog","description":"Der exklusive Reiseblog von DESIGNREISEN","potentialAction":[{"@type":"SearchAction","target":{"@type":"EntryPoint","urlTemplate":"https:\/\/www.designreisen.de\/magazin\/?s={search_term_string}"},"query-input":{"@type":"PropertyValueSpecification","valueRequired":true,"valueName":"search_term_string"}}],"inLanguage":"de"},{"@type":"Person","@id":"https:\/\/www.designreisen.de\/magazin\/#\/schema\/person\/9efe7468aa3eafad1826be30f72942e7","name":"Claudia Hilmbauer","image":{"@type":"ImageObject","inLanguage":"de","@id":"https:\/\/www.designreisen.de\/magazin\/wp-content\/uploads\/2023\/03\/cropped-claudia-hillmbauer-4083-final-zugeschnitten-96x96.jpg","url":"https:\/\/www.designreisen.de\/magazin\/wp-content\/uploads\/2023\/03\/cropped-claudia-hillmbauer-4083-final-zugeschnitten-96x96.jpg","contentUrl":"https:\/\/www.designreisen.de\/magazin\/wp-content\/uploads\/2023\/03\/cropped-claudia-hillmbauer-4083-final-zugeschnitten-96x96.jpg","caption":"Claudia Hilmbauer"}}]}},"_links":{"self":[{"href":"https:\/\/www.designreisen.de\/magazin\/wp-json\/wp\/v2\/posts\/10500","targetHints":{"allow":["GET"]}}],"collection":[{"href":"https:\/\/www.designreisen.de\/magazin\/wp-json\/wp\/v2\/posts"}],"about":[{"href":"https:\/\/www.designreisen.de\/magazin\/wp-json\/wp\/v2\/types\/post"}],"author":[{"embeddable":true,"href":"https:\/\/www.designreisen.de\/magazin\/wp-json\/wp\/v2\/users\/48"}],"replies":[{"embeddable":true,"href":"https:\/\/www.designreisen.de\/magazin\/wp-json\/wp\/v2\/comments?post=10500"}],"version-history":[{"count":17,"href":"https:\/\/www.designreisen.de\/magazin\/wp-json\/wp\/v2\/posts\/10500\/revisions"}],"predecessor-version":[{"id":10550,"href":"https:\/\/www.designreisen.de\/magazin\/wp-json\/wp\/v2\/posts\/10500\/revisions\/10550"}],"wp:featuredmedia":[{"embeddable":true,"href":"https:\/\/www.designreisen.de\/magazin\/wp-json\/wp\/v2\/media\/10551"}],"wp:attachment":[{"href":"https:\/\/www.designreisen.de\/magazin\/wp-json\/wp\/v2\/media?parent=10500"}],"wp:term":[{"taxonomy":"category","embeddable":true,"href":"https:\/\/www.designreisen.de\/magazin\/wp-json\/wp\/v2\/categories?post=10500"},{"taxonomy":"post_tag","embeddable":true,"href":"https:\/\/www.designreisen.de\/magazin\/wp-json\/wp\/v2\/tags?post=10500"}],"curies":[{"name":"wp","href":"https:\/\/api.w.org\/{rel}","templated":true}]}}