{"id":11672,"date":"2025-08-29T11:18:00","date_gmt":"2025-08-29T09:18:00","guid":{"rendered":"https:\/\/www.designreisen.de\/magazin\/?p=11672"},"modified":"2025-08-29T11:38:37","modified_gmt":"2025-08-29T09:38:37","slug":"island-reise-magie-des-nordens","status":"publish","type":"post","link":"https:\/\/www.designreisen.de\/magazin\/island-reise-magie-des-nordens\/","title":{"rendered":"Island Reise: Magie des Nordens"},"content":{"rendered":"\n<p>W\u00e4hrend einer Island Reise erlebt man Orte von unglaublicher Sch\u00f6nheit. Das Land der Elfen und Trolle begeistert mit seinen faszinierenden Mythen, Menschen und Landschaften \u2013 und das zu jeder Jahreszeit.<\/p>\n\n\n\n<h2 class=\"wp-block-heading\">Eindrucksvolles Island<\/h2>\n\n\n\n<p>Man kann sich nicht sattsehen an diesem Anblick: Der Berg Kirkjufell erhebt sich wie ein perfekter Kegel aus der wilden Landschaft der Halbinsel Sn\u00e6fellsnes. Zu seinen F\u00fc\u00dfen rauscht der Wasserfall Kirkjufellsfoss in tosenden Kaskaden \u00fcber moosbedeckte Felsen. Zu dieser fr\u00fchen Stunde wirkt der Berg mit seinem Wasserfall wie aus einem Traum. Der Kirkjufell ist ein Postkartenmotiv und eines der<a href=\"https:\/\/www.designreisen.de\/magazin\/island\/\"> Island<\/a>-Klischees schlechthin. Doch er ist nur eine von vielen Attraktionen der Insel. Was <a href=\"https:\/\/www.designreisen.de\/luxusreisen\/island\">Island<\/a> so faszinierend macht, ist die Verbindung von Gegens\u00e4tzen: Feuer und Eis, Licht und Dunkelheit, vollkommene Stille und tosender L\u00e4rm.<\/p>\n\n\n\n<h2 class=\"wp-block-heading\">Route zum Welterbe<\/h2>\n\n\n\n<p>Einige der bekanntesten Sehensw\u00fcrdigkeiten vereint der Golden Circle. Eine Fahrt entlang der \u201eGoldenen Route\u201c f\u00fchrt zum Geysir Strokkur, der regelm\u00e4\u00dfig hei\u00dfes Wasser in die Luft schleudert, zum Wasserfall Gullfoss, der \u00fcber zwei Stufen 32 Meter in eine Schlucht st\u00fcrzt, und der Thingvellir-Nationalpark, ein Welterbe der UNESCO, das nicht nur geologisch von Bedeutung ist, sondern auch historisch \u2013 hier wurde im Jahr 930 das erste demokratische Parlament der Welt gegr\u00fcndet.<\/p>\n\n\n\n<div class=\"wp-block-group\"><div class=\"wp-block-group__inner-container is-layout-constrained wp-block-group-is-layout-constrained\">\n<div style=\"height:40px\" aria-hidden=\"true\" class=\"wp-block-spacer\"><\/div>\n\n\n\n<figure class=\"wp-block-image size-full\"><img loading=\"lazy\" decoding=\"async\" width=\"1280\" height=\"714\" src=\"https:\/\/www.designreisen.de\/magazin\/wp-content\/uploads\/2025\/08\/Island-Reise-Designreisen-1.jpg\" alt=\"Rejkjavik Stadtansicht\" class=\"wp-image-11678 animated\" srcset=\"https:\/\/www.designreisen.de\/magazin\/wp-content\/uploads\/2025\/08\/Island-Reise-Designreisen-1.jpg 1280w, https:\/\/www.designreisen.de\/magazin\/wp-content\/uploads\/2025\/08\/Island-Reise-Designreisen-1-450x251.jpg 450w, https:\/\/www.designreisen.de\/magazin\/wp-content\/uploads\/2025\/08\/Island-Reise-Designreisen-1-1024x571.jpg 1024w, https:\/\/www.designreisen.de\/magazin\/wp-content\/uploads\/2025\/08\/Island-Reise-Designreisen-1-768x428.jpg 768w\" sizes=\"auto, (max-width: 1280px) 100vw, 1280px\" \/><figcaption class=\"wp-element-caption\">Rejkjav\u00edk beeindruckt mit klaren Linien und Kontrasten. \u00a9 AdobeStock\/tanya78<\/figcaption><\/figure>\n\n\n\n<div style=\"height:40px\" aria-hidden=\"true\" class=\"wp-block-spacer\"><\/div>\n<\/div><\/div>\n\n\n\n<p>Island hat auch abseits der bekannten Touristenroute einiges zu bieten, zum Beispiel den abgelegenen See M\u00fdvatn im Norden, der umgeben ist von einsamen Vulkanlandschaften und hei\u00dfen Quellen, das malerische Dorf Seydisfj\u00f6rdur im Osten, das von hohen Bergen umrahmt ist, das Hochland, das nur in den Sommermonaten zug\u00e4nglich ist, den spektakul\u00e4ren Gletscher Vatnaj\u00f6kull im S\u00fcden und die dampfenden Quellen der Blauen Lagune bei Reykjavik.<\/p>\n\n\n\n<h2 class=\"wp-block-heading\">Menschen, die begeistern<\/h2>\n\n\n\n<p>Nicht nur die Natur macht <a href=\"https:\/\/www.designreisen.de\/luxusreisen\/island\">Island<\/a> zu einem unvergesslichen Ziel. Es ist auch die unaufgeregte, authentische Lebensweise der Isl\u00e4nder und ihre tief verwurzelte Verbindung zur Natur, die den Besucher beeindruckt. Hier wird der Mythos des Nordens lebendig \u2013 von alten Sagas \u00fcber die Geschichten von Elfen und Trollen bis hin zu modernen Mythen.<\/p>\n\n\n\n<div class=\"wp-block-group\"><div class=\"wp-block-group__inner-container is-layout-constrained wp-block-group-is-layout-constrained\">\n<div style=\"height:40px\" aria-hidden=\"true\" class=\"wp-block-spacer\"><\/div>\n\n\n\n<figure class=\"wp-block-image size-full\"><img loading=\"lazy\" decoding=\"async\" width=\"1500\" height=\"1000\" src=\"https:\/\/www.designreisen.de\/magazin\/wp-content\/uploads\/2025\/08\/Island-Reise-Designreisen-3.png\" alt=\"Deplar Farm\" class=\"wp-image-11680 animated\" srcset=\"https:\/\/www.designreisen.de\/magazin\/wp-content\/uploads\/2025\/08\/Island-Reise-Designreisen-3.png 1500w, https:\/\/www.designreisen.de\/magazin\/wp-content\/uploads\/2025\/08\/Island-Reise-Designreisen-3-450x300.png 450w, https:\/\/www.designreisen.de\/magazin\/wp-content\/uploads\/2025\/08\/Island-Reise-Designreisen-3-1024x683.png 1024w, https:\/\/www.designreisen.de\/magazin\/wp-content\/uploads\/2025\/08\/Island-Reise-Designreisen-3-768x512.png 768w\" sizes=\"auto, (max-width: 1500px) 100vw, 1500px\" \/><figcaption class=\"wp-element-caption\">Die abgelegene Deplar Farm ist eine der exklusivsten Unterk\u00fcnfte des Landes. \u00a9 Andreas Pfleger<\/figcaption><\/figure>\n\n\n\n<div style=\"height:40px\" aria-hidden=\"true\" class=\"wp-block-spacer\"><\/div>\n<\/div><\/div>\n\n\n\n<p>In Sachen Luxusreisen hat das Land eine ebenso bemerkenswerte Entwicklung durchgemacht. W\u00e4hrend die Insel fr\u00fcher vor allem f\u00fcr Backpacker und Abenteuerreisende ein Ziel war, gibt es auch mittlerweile einige hochwertige Unterk\u00fcnfte f\u00fcr Reisende, die auf der Suche nach exklusiven Erlebnissen sind. Zu ihnen z\u00e4hlt die <a href=\"https:\/\/www.designreisen.de\/luxusreisen\/troll-peninsula-deplar-farm\" target=\"_blank\" rel=\"noreferrer noopener\">Deplar Farm<\/a> auf der Troll-Halbinsel im Norden Islands. Sie ist der ideale Ausgangspunkt f\u00fcr jeden, der ganz besondere Abenteuer sucht. Egal, ob zu Pferd, beim Rafting, per Boot zur Walbeobachtung oder zum Hochseefischen: Die Aktivit\u00e4ten, die das Team f\u00fcr seine G\u00e4ste zusammenstellt, hinterlassen unvergessliche Eindr\u00fccke.<\/p>\n\n\n\n<h2 class=\"wp-block-heading\">Bad in der Blauen Lagune<\/h2>\n\n\n\n<p>Wunderbare Unterk\u00fcnfte sind auch das <a href=\"https:\/\/www.designreisen.de\/luxusreisen\/reykjavik-the-retreat-at-blue-lagoon-iceland\" target=\"_blank\" rel=\"noreferrer noopener\">The Retreat at Blue Lagoon<\/a>, das es seinen G\u00e4sten erm\u00f6glicht, direkt in den hei\u00dfen Thermalquellen der Blauen Lagune zu baden, und The Reykjavik Edition, ein F\u00fcnf-Sterne-Hotel direkt am Alten Hafen der isl\u00e4ndischen Hauptstadt. Es bietet 253 stilvolle Zimmer und Suiten mit raumhohen Fenstern, die beeindruckende Ausblicke auf die Stadt und die atemberaubende Landschaft bieten.<\/p>\n\n\n\n<div class=\"wp-block-group\"><div class=\"wp-block-group__inner-container is-layout-constrained wp-block-group-is-layout-constrained\">\n<div style=\"height:40px\" aria-hidden=\"true\" class=\"wp-block-spacer\"><\/div>\n\n\n\n<figure class=\"wp-block-image size-full\"><img loading=\"lazy\" decoding=\"async\" width=\"1500\" height=\"1000\" src=\"https:\/\/www.designreisen.de\/magazin\/wp-content\/uploads\/2025\/08\/Island-Reise-Designreisen-1.png\" alt=\"The Resort at Blue Lagoon\" class=\"wp-image-11682 animated\" srcset=\"https:\/\/www.designreisen.de\/magazin\/wp-content\/uploads\/2025\/08\/Island-Reise-Designreisen-1.png 1500w, https:\/\/www.designreisen.de\/magazin\/wp-content\/uploads\/2025\/08\/Island-Reise-Designreisen-1-450x300.png 450w, https:\/\/www.designreisen.de\/magazin\/wp-content\/uploads\/2025\/08\/Island-Reise-Designreisen-1-1024x683.png 1024w, https:\/\/www.designreisen.de\/magazin\/wp-content\/uploads\/2025\/08\/Island-Reise-Designreisen-1-768x512.png 768w\" sizes=\"auto, (max-width: 1500px) 100vw, 1500px\" \/><figcaption class=\"wp-element-caption\">Wo schwarzer Lavastein und der Blick auf hei\u00dfe Quellen das Panorama pr\u00e4gen. \u00a9 Andreas Pfleger<\/figcaption><\/figure>\n\n\n\n<div style=\"height:40px\" aria-hidden=\"true\" class=\"wp-block-spacer\"><\/div>\n<\/div><\/div>\n\n\n\n<p>Auch wenn das Wetter auf <a href=\"https:\/\/www.designreisen.de\/luxusreisen\/island\">Island<\/a> oft schwer vorhersehbar ist, kann man sich sicher sein, dass die Reise dorthin bleibende Eindr\u00fccke hinterlassen wird. Egal, ob im Sommer oder im Winter: Im Sekundentakt scheinen sich die Landschaften mit ihren fantastischen Lichtstimmungen, bizarren Wolkengebilden und sagenhaften Farbkontrasten zu ver\u00e4ndern. Mit etwas Gl\u00fcck wird man auf Island auch Zeuge eines der eindrucksvollsten Naturschauspiele der Erde: den Nordlichtern, einem Himmelsspektakel ohne Gleichen.<\/p>\n\n\n\n<h2 class=\"wp-block-heading\">Interview: Atemberaubende Island Reise<\/h2>\n\n\n\n<p>Warum ist Island so ein tolles Reiseziel, was bietet das Land f\u00fcr anspruchsvolle Kunden und wann ist die beste Zeit, die Insel zu besuchen? \u201eConnection to Paradise\u201c sprach mit Reisedesigner Andreas Pfleger.<\/p>\n\n\n\n<h4 class=\"wp-block-heading\"><strong><em>CTP: Was hat Ihnen in Island besonders gut gefallen?<\/em><\/strong><\/h4>\n\n\n\n<p><strong>Andreas Pfleger:<\/strong> Die wundersch\u00f6ne Alleinlage der <a href=\"https:\/\/www.designreisen.de\/luxusreisen\/troll-peninsula-deplar-farm\">Deplar Farm<\/a> inmitten atemberaubender Natur. Die High-End-Lodge liegt einsam im Norden und gilt als eines der exklusivsten Hideaways Europas. Einst ein Schafhof, heute ein luxuri\u00f6ses Abenteuer-Resort, verbindet das Haus spektakul\u00e4re Natur mit h\u00f6chstem Komfort. G\u00e4ste erleben zahlreiche unterschiedliche Aktivit\u00e4ten wie Angeln, Seekajak-Fahren, Reiten, Heli-Skiing, Schneemobilfahren, ein Wikinger-Sauna-Ritual und Schneeschuhwandern. Anschlie\u00dfend entspannen sie im geothermischen Pool mit Blick auf die Berge \u2013 und es ist alles im Preis inkludiert. Ein absolutes Highlight jeder Island Reise ist es, hier Nordlichter zu beobachten.<\/p>\n\n\n\n<h4 class=\"wp-block-heading\"><strong><em>CTP: Warum ist Island etwas f\u00fcr anspruchsvolle Kunden?<\/em><\/strong><\/h4>\n\n\n\n<p><strong>Andreas Pfleger: <\/strong>Die Unterk\u00fcnfte sind sehr hochwertig und haben alle einzigartige Designs. Neben der Deplar Farm z\u00e4hlt auch <a href=\"https:\/\/www.designreisen.de\/luxusreisen\/reykjavik-the-retreat-at-blue-lagoon-iceland\">The Retreat at Blue Lagoon<\/a> dazu. Es liegt direkt an der ber\u00fchmten Blauen Lagune. Das stylische High-End-Hotel ist mit puristischen Suiten ausgestattet und hat ein exzellentes Restaurant. Das Moss Restaurant\u00a0 ist ein kulinarisches Highlight und wurde im Jahr 2023 mit einem Michelin-Stern ausgezeichnet.<\/p>\n\n\n\n<div class=\"wp-block-group\"><div class=\"wp-block-group__inner-container is-layout-constrained wp-block-group-is-layout-constrained\">\n<div style=\"height:40px\" aria-hidden=\"true\" class=\"wp-block-spacer\"><\/div>\n\n\n\n<figure class=\"wp-block-image size-full\"><img loading=\"lazy\" decoding=\"async\" width=\"1500\" height=\"1000\" src=\"https:\/\/www.designreisen.de\/magazin\/wp-content\/uploads\/2025\/08\/Island-Reise-Designreisen-2.png\" alt=\"Rejkjavik\" class=\"wp-image-11681 animated\" srcset=\"https:\/\/www.designreisen.de\/magazin\/wp-content\/uploads\/2025\/08\/Island-Reise-Designreisen-2.png 1500w, https:\/\/www.designreisen.de\/magazin\/wp-content\/uploads\/2025\/08\/Island-Reise-Designreisen-2-450x300.png 450w, https:\/\/www.designreisen.de\/magazin\/wp-content\/uploads\/2025\/08\/Island-Reise-Designreisen-2-1024x683.png 1024w, https:\/\/www.designreisen.de\/magazin\/wp-content\/uploads\/2025\/08\/Island-Reise-Designreisen-2-768x512.png 768w\" sizes=\"auto, (max-width: 1500px) 100vw, 1500px\" \/><figcaption class=\"wp-element-caption\">The Edition Hotel in Rejkjav\u00edk, \u00a9 Andreas Pfleger<\/figcaption><\/figure>\n\n\n\n<div style=\"height:40px\" aria-hidden=\"true\" class=\"wp-block-spacer\"><\/div>\n<\/div><\/div>\n\n\n\n<h4 class=\"wp-block-heading\"><strong><em>CTP: F\u00fcr welche Art von Reisenden eignet sich Island besonders?<\/em><\/strong><\/h4>\n\n\n\n<p><strong>Andreas Pfleger:<\/strong> Natur- und Abenteuerliebhaber finden hier ihre volle Erf\u00fcllung, denn Island bietet eine unglaubliche Vielfalt an Landschaften mit Vulkanen, Gletschern, Wasserf\u00e4llen und hei\u00dfen Quellen. Wer gerne wandert, klettert oder Outdoor-Aktivit\u00e4ten wie Gletscherwanderungen und Walbeobachtungen unternimmt, der wird die Insel lieben. Island hat zudem eine lange Geschichte, die bis in die Wikingerzeit zur\u00fcckreicht. Wer Interesse an Kultur, Literatur und Sagen hat, den wird das Land begeistern.<\/p>\n\n\n\n<h4 class=\"wp-block-heading\"><strong><em>CTP: Wann ist die beste Reisezeit f\u00fcr Island?<\/em><\/strong><\/h4>\n\n\n\n<p><strong>Andreas Pfleger:<\/strong> Der Sommer zwischen Juni und August bietet lange Tage, mildes Klima und Zugang zu den Highlands. Der kurze Herbst im September und Oktober lockt mit weniger Touristen, gro\u00dfartigen Farben und der M\u00f6glichkeit, Nordlichter zu sehen. Der Winter von November bis Februar ist ideal f\u00fcr Nordlichter und winterliche Landschaften. Der Fr\u00fchling von M\u00e4rz bis Mai bietet g\u00fcnstige Preise und eine aufbl\u00fchende Natur.<\/p>\n\n\n\n<div style=\"height:20px\" aria-hidden=\"true\" class=\"wp-block-spacer\"><\/div>\n\n\n<div class=\"gb-container gb-container-f6c38bae\">\n\n<a class=\"gb-button gb-button-d7e70273 gb-button-text\" href=\"https:\/\/www.designreisen.de\/luxusreisen\/island\" target=\"_blank\" rel=\"noopener noreferrer\">Angebot anfordern<\/a>\n\n<\/div>\n\n\n<div style=\"height:30px\" aria-hidden=\"true\" class=\"wp-block-spacer\"><\/div>\n","protected":false},"excerpt":{"rendered":"<p>W\u00e4hrend einer Island Reise erlebt man Orte von unglaublicher Sch\u00f6nheit. Das Land der Elfen und Trolle begeistert mit seinen faszinierenden Mythen, Menschen und Landschaften \u2013 und das zu jeder Jahreszeit. Eindrucksvolles Island Man kann sich nicht sattsehen an diesem Anblick: Der Berg Kirkjufell erhebt sich wie ein perfekter Kegel aus der wilden Landschaft der Halbinsel [&hellip;]<\/p>\n","protected":false},"author":22,"featured_media":11679,"comment_status":"open","ping_status":"open","sticky":false,"template":"","format":"standard","meta":{"_acf_changed":false,"footnotes":""},"categories":[87,194],"tags":[],"class_list":["post-11672","post","type-post","status-publish","format-standard","has-post-thumbnail","hentry","category-back-to-nature","category-places-to-be"],"acf":[],"yoast_head":"<!-- This site is optimized with the Yoast SEO plugin v27.5 - https:\/\/yoast.com\/product\/yoast-seo-wordpress\/ -->\n<title>Island Reise: Magie des Nordens - Connection to Paradise | Luxusreiseblog<\/title>\n<meta name=\"description\" content=\"Bei einer Island Reise kommt die Magie des Nordens so richtig zum Tragen. Eindrucksvolle Landschaften und unvergessliche Momente!\" \/>\n<meta name=\"robots\" content=\"index, follow, max-snippet:-1, max-image-preview:large, max-video-preview:-1\" \/>\n<link rel=\"canonical\" href=\"https:\/\/www.designreisen.de\/magazin\/island-reise-magie-des-nordens\/\" \/>\n<meta property=\"og:locale\" content=\"de_DE\" \/>\n<meta property=\"og:type\" content=\"article\" \/>\n<meta property=\"og:title\" content=\"Island Reise: Magie des Nordens - Connection to Paradise | Luxusreiseblog\" \/>\n<meta property=\"og:description\" content=\"Bei einer Island Reise kommt die Magie des Nordens so richtig zum Tragen. Eindrucksvolle Landschaften und unvergessliche Momente!\" \/>\n<meta property=\"og:url\" content=\"https:\/\/www.designreisen.de\/magazin\/island-reise-magie-des-nordens\/\" \/>\n<meta property=\"og:site_name\" content=\"Connection to Paradise | Luxusreiseblog\" \/>\n<meta property=\"article:publisher\" content=\"https:\/\/www.facebook.com\/Designreisen\/\" \/>\n<meta property=\"article:published_time\" content=\"2025-08-29T09:18:00+00:00\" \/>\n<meta property=\"article:modified_time\" content=\"2025-08-29T09:38:37+00:00\" \/>\n<meta property=\"og:image\" content=\"https:\/\/www.designreisen.de\/magazin\/wp-content\/uploads\/2025\/08\/Island-Reise-Designreisen-2-e1756460300807.jpg\" \/>\n\t<meta property=\"og:image:width\" content=\"916\" \/>\n\t<meta property=\"og:image:height\" content=\"520\" \/>\n\t<meta property=\"og:image:type\" content=\"image\/jpeg\" \/>\n<meta name=\"author\" content=\"Fabian von Poser\" \/>\n<meta name=\"twitter:card\" content=\"summary_large_image\" \/>\n<meta name=\"twitter:label1\" content=\"Verfasst von\" \/>\n\t<meta name=\"twitter:data1\" content=\"Fabian von Poser\" \/>\n\t<meta name=\"twitter:label2\" content=\"Gesch\u00e4tzte Lesezeit\" \/>\n\t<meta name=\"twitter:data2\" content=\"7\u00a0Minuten\" \/>\n<script type=\"application\/ld+json\" class=\"yoast-schema-graph\">{\"@context\":\"https:\\\/\\\/schema.org\",\"@graph\":[{\"@type\":\"Article\",\"@id\":\"https:\\\/\\\/www.designreisen.de\\\/magazin\\\/island-reise-magie-des-nordens\\\/#article\",\"isPartOf\":{\"@id\":\"https:\\\/\\\/www.designreisen.de\\\/magazin\\\/island-reise-magie-des-nordens\\\/\"},\"author\":{\"name\":\"Fabian von Poser\",\"@id\":\"https:\\\/\\\/www.designreisen.de\\\/magazin\\\/#\\\/schema\\\/person\\\/4715cef33fdb6966f85c73c5f7fec58d\"},\"headline\":\"Island Reise: Magie des Nordens\",\"datePublished\":\"2025-08-29T09:18:00+00:00\",\"dateModified\":\"2025-08-29T09:38:37+00:00\",\"mainEntityOfPage\":{\"@id\":\"https:\\\/\\\/www.designreisen.de\\\/magazin\\\/island-reise-magie-des-nordens\\\/\"},\"wordCount\":998,\"commentCount\":0,\"image\":{\"@id\":\"https:\\\/\\\/www.designreisen.de\\\/magazin\\\/island-reise-magie-des-nordens\\\/#primaryimage\"},\"thumbnailUrl\":\"https:\\\/\\\/www.designreisen.de\\\/magazin\\\/wp-content\\\/uploads\\\/2025\\\/08\\\/Island-Reise-Designreisen-2-e1756460300807.jpg\",\"articleSection\":[\"Back to Nature\",\"Places To Be\"],\"inLanguage\":\"de\",\"potentialAction\":[{\"@type\":\"CommentAction\",\"name\":\"Comment\",\"target\":[\"https:\\\/\\\/www.designreisen.de\\\/magazin\\\/island-reise-magie-des-nordens\\\/#respond\"]}]},{\"@type\":\"WebPage\",\"@id\":\"https:\\\/\\\/www.designreisen.de\\\/magazin\\\/island-reise-magie-des-nordens\\\/\",\"url\":\"https:\\\/\\\/www.designreisen.de\\\/magazin\\\/island-reise-magie-des-nordens\\\/\",\"name\":\"Island Reise: Magie des Nordens - Connection to Paradise | Luxusreiseblog\",\"isPartOf\":{\"@id\":\"https:\\\/\\\/www.designreisen.de\\\/magazin\\\/#website\"},\"primaryImageOfPage\":{\"@id\":\"https:\\\/\\\/www.designreisen.de\\\/magazin\\\/island-reise-magie-des-nordens\\\/#primaryimage\"},\"image\":{\"@id\":\"https:\\\/\\\/www.designreisen.de\\\/magazin\\\/island-reise-magie-des-nordens\\\/#primaryimage\"},\"thumbnailUrl\":\"https:\\\/\\\/www.designreisen.de\\\/magazin\\\/wp-content\\\/uploads\\\/2025\\\/08\\\/Island-Reise-Designreisen-2-e1756460300807.jpg\",\"datePublished\":\"2025-08-29T09:18:00+00:00\",\"dateModified\":\"2025-08-29T09:38:37+00:00\",\"author\":{\"@id\":\"https:\\\/\\\/www.designreisen.de\\\/magazin\\\/#\\\/schema\\\/person\\\/4715cef33fdb6966f85c73c5f7fec58d\"},\"description\":\"Bei einer Island Reise kommt die Magie des Nordens so richtig zum Tragen. Eindrucksvolle Landschaften und unvergessliche Momente!\",\"breadcrumb\":{\"@id\":\"https:\\\/\\\/www.designreisen.de\\\/magazin\\\/island-reise-magie-des-nordens\\\/#breadcrumb\"},\"inLanguage\":\"de\",\"potentialAction\":[{\"@type\":\"ReadAction\",\"target\":[\"https:\\\/\\\/www.designreisen.de\\\/magazin\\\/island-reise-magie-des-nordens\\\/\"]}]},{\"@type\":\"ImageObject\",\"inLanguage\":\"de\",\"@id\":\"https:\\\/\\\/www.designreisen.de\\\/magazin\\\/island-reise-magie-des-nordens\\\/#primaryimage\",\"url\":\"https:\\\/\\\/www.designreisen.de\\\/magazin\\\/wp-content\\\/uploads\\\/2025\\\/08\\\/Island-Reise-Designreisen-2-e1756460300807.jpg\",\"contentUrl\":\"https:\\\/\\\/www.designreisen.de\\\/magazin\\\/wp-content\\\/uploads\\\/2025\\\/08\\\/Island-Reise-Designreisen-2-e1756460300807.jpg\",\"width\":916,\"height\":520,\"caption\":\"\u00a9 Adobe Stock\\\/Oleksandr Kotenko\"},{\"@type\":\"BreadcrumbList\",\"@id\":\"https:\\\/\\\/www.designreisen.de\\\/magazin\\\/island-reise-magie-des-nordens\\\/#breadcrumb\",\"itemListElement\":[{\"@type\":\"ListItem\",\"position\":1,\"name\":\"Home\",\"item\":\"https:\\\/\\\/www.designreisen.de\\\/magazin\\\/\"},{\"@type\":\"ListItem\",\"position\":2,\"name\":\"Island Reise: Magie des Nordens\"}]},{\"@type\":\"WebSite\",\"@id\":\"https:\\\/\\\/www.designreisen.de\\\/magazin\\\/#website\",\"url\":\"https:\\\/\\\/www.designreisen.de\\\/magazin\\\/\",\"name\":\"Connection to Paradise | Luxusreiseblog\",\"description\":\"Der exklusive Reiseblog von DESIGNREISEN\",\"potentialAction\":[{\"@type\":\"SearchAction\",\"target\":{\"@type\":\"EntryPoint\",\"urlTemplate\":\"https:\\\/\\\/www.designreisen.de\\\/magazin\\\/?s={search_term_string}\"},\"query-input\":{\"@type\":\"PropertyValueSpecification\",\"valueRequired\":true,\"valueName\":\"search_term_string\"}}],\"inLanguage\":\"de\"},{\"@type\":\"Person\",\"@id\":\"https:\\\/\\\/www.designreisen.de\\\/magazin\\\/#\\\/schema\\\/person\\\/4715cef33fdb6966f85c73c5f7fec58d\",\"name\":\"Fabian von Poser\",\"image\":{\"@type\":\"ImageObject\",\"inLanguage\":\"de\",\"@id\":\"https:\\\/\\\/www.designreisen.de\\\/magazin\\\/wp-content\\\/uploads\\\/2017\\\/06\\\/Fabian-von-Poser_avatar_1496389865-96x96.jpg\",\"url\":\"https:\\\/\\\/www.designreisen.de\\\/magazin\\\/wp-content\\\/uploads\\\/2017\\\/06\\\/Fabian-von-Poser_avatar_1496389865-96x96.jpg\",\"contentUrl\":\"https:\\\/\\\/www.designreisen.de\\\/magazin\\\/wp-content\\\/uploads\\\/2017\\\/06\\\/Fabian-von-Poser_avatar_1496389865-96x96.jpg\",\"caption\":\"Fabian von Poser\"},\"description\":\"Fabian von Poser ist Chefredakteur von \u201eConnection to Paradise\u201c und seit 20 Jahren f\u00fcr namhafte Magazine im In- und Ausland t\u00e4tig. F\u00fcr seine Reportagen bereiste er fast die ganze Welt. Immer wieder zieht es ihn in die spanischsprachigen L\u00e4nder. Den afrikanischen Kontinent bereiste er mehr als 50 Mal.\",\"sameAs\":[\"http:\\\/\\\/www.fabianvonposer.com\\\/\"]}]}<\/script>\n<!-- \/ Yoast SEO plugin. -->","yoast_head_json":{"title":"Island Reise: Magie des Nordens - Connection to Paradise | Luxusreiseblog","description":"Bei einer Island Reise kommt die Magie des Nordens so richtig zum Tragen. Eindrucksvolle Landschaften und unvergessliche Momente!","robots":{"index":"index","follow":"follow","max-snippet":"max-snippet:-1","max-image-preview":"max-image-preview:large","max-video-preview":"max-video-preview:-1"},"canonical":"https:\/\/www.designreisen.de\/magazin\/island-reise-magie-des-nordens\/","og_locale":"de_DE","og_type":"article","og_title":"Island Reise: Magie des Nordens - Connection to Paradise | Luxusreiseblog","og_description":"Bei einer Island Reise kommt die Magie des Nordens so richtig zum Tragen. Eindrucksvolle Landschaften und unvergessliche Momente!","og_url":"https:\/\/www.designreisen.de\/magazin\/island-reise-magie-des-nordens\/","og_site_name":"Connection to Paradise | Luxusreiseblog","article_publisher":"https:\/\/www.facebook.com\/Designreisen\/","article_published_time":"2025-08-29T09:18:00+00:00","article_modified_time":"2025-08-29T09:38:37+00:00","og_image":[{"width":916,"height":520,"url":"https:\/\/www.designreisen.de\/magazin\/wp-content\/uploads\/2025\/08\/Island-Reise-Designreisen-2-e1756460300807.jpg","type":"image\/jpeg"}],"author":"Fabian von Poser","twitter_card":"summary_large_image","twitter_misc":{"Verfasst von":"Fabian von Poser","Gesch\u00e4tzte Lesezeit":"7\u00a0Minuten"},"schema":{"@context":"https:\/\/schema.org","@graph":[{"@type":"Article","@id":"https:\/\/www.designreisen.de\/magazin\/island-reise-magie-des-nordens\/#article","isPartOf":{"@id":"https:\/\/www.designreisen.de\/magazin\/island-reise-magie-des-nordens\/"},"author":{"name":"Fabian von Poser","@id":"https:\/\/www.designreisen.de\/magazin\/#\/schema\/person\/4715cef33fdb6966f85c73c5f7fec58d"},"headline":"Island Reise: Magie des Nordens","datePublished":"2025-08-29T09:18:00+00:00","dateModified":"2025-08-29T09:38:37+00:00","mainEntityOfPage":{"@id":"https:\/\/www.designreisen.de\/magazin\/island-reise-magie-des-nordens\/"},"wordCount":998,"commentCount":0,"image":{"@id":"https:\/\/www.designreisen.de\/magazin\/island-reise-magie-des-nordens\/#primaryimage"},"thumbnailUrl":"https:\/\/www.designreisen.de\/magazin\/wp-content\/uploads\/2025\/08\/Island-Reise-Designreisen-2-e1756460300807.jpg","articleSection":["Back to Nature","Places To Be"],"inLanguage":"de","potentialAction":[{"@type":"CommentAction","name":"Comment","target":["https:\/\/www.designreisen.de\/magazin\/island-reise-magie-des-nordens\/#respond"]}]},{"@type":"WebPage","@id":"https:\/\/www.designreisen.de\/magazin\/island-reise-magie-des-nordens\/","url":"https:\/\/www.designreisen.de\/magazin\/island-reise-magie-des-nordens\/","name":"Island Reise: Magie des Nordens - Connection to Paradise | Luxusreiseblog","isPartOf":{"@id":"https:\/\/www.designreisen.de\/magazin\/#website"},"primaryImageOfPage":{"@id":"https:\/\/www.designreisen.de\/magazin\/island-reise-magie-des-nordens\/#primaryimage"},"image":{"@id":"https:\/\/www.designreisen.de\/magazin\/island-reise-magie-des-nordens\/#primaryimage"},"thumbnailUrl":"https:\/\/www.designreisen.de\/magazin\/wp-content\/uploads\/2025\/08\/Island-Reise-Designreisen-2-e1756460300807.jpg","datePublished":"2025-08-29T09:18:00+00:00","dateModified":"2025-08-29T09:38:37+00:00","author":{"@id":"https:\/\/www.designreisen.de\/magazin\/#\/schema\/person\/4715cef33fdb6966f85c73c5f7fec58d"},"description":"Bei einer Island Reise kommt die Magie des Nordens so richtig zum Tragen. Eindrucksvolle Landschaften und unvergessliche Momente!","breadcrumb":{"@id":"https:\/\/www.designreisen.de\/magazin\/island-reise-magie-des-nordens\/#breadcrumb"},"inLanguage":"de","potentialAction":[{"@type":"ReadAction","target":["https:\/\/www.designreisen.de\/magazin\/island-reise-magie-des-nordens\/"]}]},{"@type":"ImageObject","inLanguage":"de","@id":"https:\/\/www.designreisen.de\/magazin\/island-reise-magie-des-nordens\/#primaryimage","url":"https:\/\/www.designreisen.de\/magazin\/wp-content\/uploads\/2025\/08\/Island-Reise-Designreisen-2-e1756460300807.jpg","contentUrl":"https:\/\/www.designreisen.de\/magazin\/wp-content\/uploads\/2025\/08\/Island-Reise-Designreisen-2-e1756460300807.jpg","width":916,"height":520,"caption":"\u00a9 Adobe Stock\/Oleksandr Kotenko"},{"@type":"BreadcrumbList","@id":"https:\/\/www.designreisen.de\/magazin\/island-reise-magie-des-nordens\/#breadcrumb","itemListElement":[{"@type":"ListItem","position":1,"name":"Home","item":"https:\/\/www.designreisen.de\/magazin\/"},{"@type":"ListItem","position":2,"name":"Island Reise: Magie des Nordens"}]},{"@type":"WebSite","@id":"https:\/\/www.designreisen.de\/magazin\/#website","url":"https:\/\/www.designreisen.de\/magazin\/","name":"Connection to Paradise | Luxusreiseblog","description":"Der exklusive Reiseblog von DESIGNREISEN","potentialAction":[{"@type":"SearchAction","target":{"@type":"EntryPoint","urlTemplate":"https:\/\/www.designreisen.de\/magazin\/?s={search_term_string}"},"query-input":{"@type":"PropertyValueSpecification","valueRequired":true,"valueName":"search_term_string"}}],"inLanguage":"de"},{"@type":"Person","@id":"https:\/\/www.designreisen.de\/magazin\/#\/schema\/person\/4715cef33fdb6966f85c73c5f7fec58d","name":"Fabian von Poser","image":{"@type":"ImageObject","inLanguage":"de","@id":"https:\/\/www.designreisen.de\/magazin\/wp-content\/uploads\/2017\/06\/Fabian-von-Poser_avatar_1496389865-96x96.jpg","url":"https:\/\/www.designreisen.de\/magazin\/wp-content\/uploads\/2017\/06\/Fabian-von-Poser_avatar_1496389865-96x96.jpg","contentUrl":"https:\/\/www.designreisen.de\/magazin\/wp-content\/uploads\/2017\/06\/Fabian-von-Poser_avatar_1496389865-96x96.jpg","caption":"Fabian von Poser"},"description":"Fabian von Poser ist Chefredakteur von \u201eConnection to Paradise\u201c und seit 20 Jahren f\u00fcr namhafte Magazine im In- und Ausland t\u00e4tig. F\u00fcr seine Reportagen bereiste er fast die ganze Welt. Immer wieder zieht es ihn in die spanischsprachigen L\u00e4nder. Den afrikanischen Kontinent bereiste er mehr als 50 Mal.","sameAs":["http:\/\/www.fabianvonposer.com\/"]}]}},"_links":{"self":[{"href":"https:\/\/www.designreisen.de\/magazin\/wp-json\/wp\/v2\/posts\/11672","targetHints":{"allow":["GET"]}}],"collection":[{"href":"https:\/\/www.designreisen.de\/magazin\/wp-json\/wp\/v2\/posts"}],"about":[{"href":"https:\/\/www.designreisen.de\/magazin\/wp-json\/wp\/v2\/types\/post"}],"author":[{"embeddable":true,"href":"https:\/\/www.designreisen.de\/magazin\/wp-json\/wp\/v2\/users\/22"}],"replies":[{"embeddable":true,"href":"https:\/\/www.designreisen.de\/magazin\/wp-json\/wp\/v2\/comments?post=11672"}],"version-history":[{"count":7,"href":"https:\/\/www.designreisen.de\/magazin\/wp-json\/wp\/v2\/posts\/11672\/revisions"}],"predecessor-version":[{"id":11697,"href":"https:\/\/www.designreisen.de\/magazin\/wp-json\/wp\/v2\/posts\/11672\/revisions\/11697"}],"wp:featuredmedia":[{"embeddable":true,"href":"https:\/\/www.designreisen.de\/magazin\/wp-json\/wp\/v2\/media\/11679"}],"wp:attachment":[{"href":"https:\/\/www.designreisen.de\/magazin\/wp-json\/wp\/v2\/media?parent=11672"}],"wp:term":[{"taxonomy":"category","embeddable":true,"href":"https:\/\/www.designreisen.de\/magazin\/wp-json\/wp\/v2\/categories?post=11672"},{"taxonomy":"post_tag","embeddable":true,"href":"https:\/\/www.designreisen.de\/magazin\/wp-json\/wp\/v2\/tags?post=11672"}],"curies":[{"name":"wp","href":"https:\/\/api.w.org\/{rel}","templated":true}]}}