{"id":11807,"date":"2025-12-01T11:27:09","date_gmt":"2025-12-01T10:27:09","guid":{"rendered":"https:\/\/www.designreisen.de\/magazin\/?p=11807"},"modified":"2025-12-01T11:27:11","modified_gmt":"2025-12-01T10:27:11","slug":"golfers-paradise-day-2025","status":"publish","type":"post","link":"https:\/\/www.designreisen.de\/magazin\/golfers-paradise-day-2025\/","title":{"rendered":"Das war der Golfer&#8217;s Paradise Day 2025"},"content":{"rendered":"\n<p>Volle Punktzahl f\u00fcr ein exklusives Event! Der erste Golfers Paradise Day von DESIGNREISEN am 16. Oktober 2025 verband sportlichen Ehrgeiz mit menschlicher N\u00e4he und echter Lebensfreude. Als B\u00fchne f\u00fcr diesen inspirierenden Tag begeisterte DAS ACHENTAL mit einer malerischen Umgebung, stilvollem Ambiente und exzellenter Kulinarik.<\/p>\n\n\n\n<h2 class=\"wp-block-heading\"><strong>Golf, Genuss und Gl\u00fccksmomente<\/strong><\/h2>\n\n\n\n<div class=\"wp-block-group\"><div class=\"wp-block-group__inner-container is-layout-constrained wp-block-group-is-layout-constrained\">\n<div style=\"height:40px\" aria-hidden=\"true\" class=\"wp-block-spacer\"><\/div>\n\n\n\n<figure class=\"wp-block-image size-full\"><img loading=\"lazy\" decoding=\"async\" width=\"1280\" height=\"853\" src=\"https:\/\/www.designreisen.de\/magazin\/wp-content\/uploads\/2025\/12\/0222_DasAchental-1-946_Easy-Resize.com_.jpg\" alt=\"\" class=\"wp-image-11836 animated\" srcset=\"https:\/\/www.designreisen.de\/magazin\/wp-content\/uploads\/2025\/12\/0222_DasAchental-1-946_Easy-Resize.com_.jpg 1280w, https:\/\/www.designreisen.de\/magazin\/wp-content\/uploads\/2025\/12\/0222_DasAchental-1-946_Easy-Resize.com_-450x300.jpg 450w, https:\/\/www.designreisen.de\/magazin\/wp-content\/uploads\/2025\/12\/0222_DasAchental-1-946_Easy-Resize.com_-1024x682.jpg 1024w, https:\/\/www.designreisen.de\/magazin\/wp-content\/uploads\/2025\/12\/0222_DasAchental-1-946_Easy-Resize.com_-768x512.jpg 768w\" sizes=\"auto, (max-width: 1280px) 100vw, 1280px\" \/><figcaption class=\"wp-element-caption\"><em>Viel Altholz und alpenl\u00e4ndischer Schick: die 179 Wohlf\u00fchlzimmer, Juniorsuiten und Suiten. \u00a9 DAS ACHENTAL<\/em><\/figcaption><\/figure>\n\n\n\n<div style=\"height:40px\" aria-hidden=\"true\" class=\"wp-block-spacer\"><\/div>\n<\/div><\/div>\n\n\n\n<p>Nur einen Katzensprung von M\u00fcnchen entfernt wartet&nbsp;DAS ACHENTAL&nbsp;auf G\u00e4ste, die Ruhe, Qualit\u00e4t und eine sp\u00fcrbare Liebe zum Detail sch\u00e4tzen. Schon beim Empfang zeigt sich, was dieses Haus besonders macht. Herzlichkeit trifft auf Professionalit\u00e4t, jedes Detail sitzt, und das Team scheint die W\u00fcnsche der G\u00e4ste zu erahnen. Eingebettet in Wiesen, W\u00e4lder und Berge ist hier ein echtes Juwel entstanden mit einer besonders herzlichen Willkommenskultur.<\/p>\n\n\n\n<div class=\"wp-block-group\"><div class=\"wp-block-group__inner-container is-layout-constrained wp-block-group-is-layout-constrained\">\n<div style=\"height:40px\" aria-hidden=\"true\" class=\"wp-block-spacer\"><\/div>\n\n\n\n<figure class=\"wp-block-image size-full\"><img loading=\"lazy\" decoding=\"async\" width=\"1280\" height=\"508\" src=\"https:\/\/www.designreisen.de\/magazin\/wp-content\/uploads\/2025\/12\/copyright_Golfplatz-Das-Achental-Grassau-Chiemgau-Chiemsee-erleben-pur0722-Pano_Easy-Resize.com_.jpg\" alt=\"Golfplatz\" class=\"wp-image-11835 animated\" srcset=\"https:\/\/www.designreisen.de\/magazin\/wp-content\/uploads\/2025\/12\/copyright_Golfplatz-Das-Achental-Grassau-Chiemgau-Chiemsee-erleben-pur0722-Pano_Easy-Resize.com_.jpg 1280w, https:\/\/www.designreisen.de\/magazin\/wp-content\/uploads\/2025\/12\/copyright_Golfplatz-Das-Achental-Grassau-Chiemgau-Chiemsee-erleben-pur0722-Pano_Easy-Resize.com_-450x179.jpg 450w, https:\/\/www.designreisen.de\/magazin\/wp-content\/uploads\/2025\/12\/copyright_Golfplatz-Das-Achental-Grassau-Chiemgau-Chiemsee-erleben-pur0722-Pano_Easy-Resize.com_-1024x406.jpg 1024w, https:\/\/www.designreisen.de\/magazin\/wp-content\/uploads\/2025\/12\/copyright_Golfplatz-Das-Achental-Grassau-Chiemgau-Chiemsee-erleben-pur0722-Pano_Easy-Resize.com_-768x305.jpg 768w\" sizes=\"auto, (max-width: 1280px) 100vw, 1280px\" \/><figcaption class=\"wp-element-caption\"><em>Makellos und traumhaft gelegen: der Golfplatz des Hotels DAS ACHENTAL, \u00a9 Golfplatz Das Achental<\/em><\/figcaption><\/figure>\n\n\n\n<div style=\"height:40px\" aria-hidden=\"true\" class=\"wp-block-spacer\"><\/div>\n<\/div><\/div>\n\n\n\n<p>DAS ACHENTAL ist nicht nur ein R\u00fcckzugsort f\u00fcr entspannte Auszeiten, sondern bietet auch einen exzellent gepflegten 18-Loch-Golfplatz inmitten herrlicher Natur. F\u00fcr Golfvergn\u00fcgen bei jedem Wetter gibt es zudem eine Driving Range mit 20 regengesch\u00fctzten Abschlagspl\u00e4tzen sowie einen Trackman Indoor Simulator.<\/p>\n\n\n\n<h2 class=\"wp-block-heading\">Impressionen vom Golfer&#8217;s Paradise Day 2025<\/h2>\n\n\n\n<div class=\"wp-block-group\"><div class=\"wp-block-group__inner-container is-layout-constrained wp-block-group-is-layout-constrained\">\n<div style=\"height:40px\" aria-hidden=\"true\" class=\"wp-block-spacer\"><\/div>\n\n\n\n<figure class=\"wp-block-gallery has-nested-images columns-default is-cropped wp-block-gallery-1 is-layout-flex wp-block-gallery-is-layout-flex\">\n<figure class=\"wp-block-image size-full\"><img loading=\"lazy\" decoding=\"async\" width=\"1084\" height=\"1440\" data-id=\"11812\" src=\"https:\/\/www.designreisen.de\/magazin\/wp-content\/uploads\/2025\/12\/IMG_0621.jpg\" alt=\"Golfer's Paradise Day 2025\" class=\"wp-image-11812 animated\" srcset=\"https:\/\/www.designreisen.de\/magazin\/wp-content\/uploads\/2025\/12\/IMG_0621.jpg 1084w, https:\/\/www.designreisen.de\/magazin\/wp-content\/uploads\/2025\/12\/IMG_0621-226x300.jpg 226w, https:\/\/www.designreisen.de\/magazin\/wp-content\/uploads\/2025\/12\/IMG_0621-771x1024.jpg 771w, https:\/\/www.designreisen.de\/magazin\/wp-content\/uploads\/2025\/12\/IMG_0621-768x1020.jpg 768w, https:\/\/www.designreisen.de\/magazin\/wp-content\/uploads\/2025\/12\/IMG_0621-1157x1536.jpg 1157w\" sizes=\"auto, (max-width: 1084px) 100vw, 1084px\" \/><\/figure>\n\n\n\n<figure class=\"wp-block-image size-full\"><img loading=\"lazy\" decoding=\"async\" width=\"1080\" height=\"1440\" data-id=\"11811\" src=\"https:\/\/www.designreisen.de\/magazin\/wp-content\/uploads\/2025\/12\/IMG_7600.jpg\" alt=\"Golfer's Paradise Day 2025\" class=\"wp-image-11811 animated\" srcset=\"https:\/\/www.designreisen.de\/magazin\/wp-content\/uploads\/2025\/12\/IMG_7600.jpg 1080w, https:\/\/www.designreisen.de\/magazin\/wp-content\/uploads\/2025\/12\/IMG_7600-225x300.jpg 225w, https:\/\/www.designreisen.de\/magazin\/wp-content\/uploads\/2025\/12\/IMG_7600-768x1024.jpg 768w, https:\/\/www.designreisen.de\/magazin\/wp-content\/uploads\/2025\/12\/IMG_7600-1152x1536.jpg 1152w\" sizes=\"auto, (max-width: 1080px) 100vw, 1080px\" \/><\/figure>\n\n\n\n<figure class=\"wp-block-image size-full\"><img loading=\"lazy\" decoding=\"async\" width=\"1920\" height=\"1440\" data-id=\"11810\" src=\"https:\/\/www.designreisen.de\/magazin\/wp-content\/uploads\/2025\/12\/IMG_8914.jpg\" alt=\"Golfer's Paradise Day 2025\" class=\"wp-image-11810 animated\" srcset=\"https:\/\/www.designreisen.de\/magazin\/wp-content\/uploads\/2025\/12\/IMG_8914.jpg 1920w, https:\/\/www.designreisen.de\/magazin\/wp-content\/uploads\/2025\/12\/IMG_8914-400x300.jpg 400w, https:\/\/www.designreisen.de\/magazin\/wp-content\/uploads\/2025\/12\/IMG_8914-1024x768.jpg 1024w, https:\/\/www.designreisen.de\/magazin\/wp-content\/uploads\/2025\/12\/IMG_8914-768x576.jpg 768w, https:\/\/www.designreisen.de\/magazin\/wp-content\/uploads\/2025\/12\/IMG_8914-1536x1152.jpg 1536w\" sizes=\"auto, (max-width: 1920px) 100vw, 1920px\" \/><\/figure>\n<\/figure>\n\n\n\n<p><em>Selbst Profis sind ganz bei Ohr bei den Tipps und Tricks von unserem Golf-Ambassador Frank Schefer, seines Zeichens PGA Masterprofessional, was die h\u00f6chste Auszeichnung der PGA of Germany darstellt.<\/em><\/p>\n\n\n\n<div style=\"height:40px\" aria-hidden=\"true\" class=\"wp-block-spacer\"><\/div>\n<\/div><\/div>\n\n\n\n<figure class=\"wp-block-gallery has-nested-images columns-default is-cropped wp-block-gallery-2 is-layout-flex wp-block-gallery-is-layout-flex\">\n<figure class=\"wp-block-image size-full\"><img loading=\"lazy\" decoding=\"async\" width=\"1080\" height=\"1440\" data-id=\"11816\" src=\"https:\/\/www.designreisen.de\/magazin\/wp-content\/uploads\/2025\/12\/L1560315.jpg\" alt=\"\" class=\"wp-image-11816 animated\" srcset=\"https:\/\/www.designreisen.de\/magazin\/wp-content\/uploads\/2025\/12\/L1560315.jpg 1080w, https:\/\/www.designreisen.de\/magazin\/wp-content\/uploads\/2025\/12\/L1560315-225x300.jpg 225w, https:\/\/www.designreisen.de\/magazin\/wp-content\/uploads\/2025\/12\/L1560315-768x1024.jpg 768w, https:\/\/www.designreisen.de\/magazin\/wp-content\/uploads\/2025\/12\/L1560315-1152x1536.jpg 1152w\" sizes=\"auto, (max-width: 1080px) 100vw, 1080px\" \/><\/figure>\n\n\n\n<figure class=\"wp-block-image size-full\"><img loading=\"lazy\" decoding=\"async\" width=\"1080\" height=\"1440\" data-id=\"11815\" src=\"https:\/\/www.designreisen.de\/magazin\/wp-content\/uploads\/2025\/12\/L1560347.jpg\" alt=\"\" class=\"wp-image-11815 animated\" srcset=\"https:\/\/www.designreisen.de\/magazin\/wp-content\/uploads\/2025\/12\/L1560347.jpg 1080w, https:\/\/www.designreisen.de\/magazin\/wp-content\/uploads\/2025\/12\/L1560347-225x300.jpg 225w, https:\/\/www.designreisen.de\/magazin\/wp-content\/uploads\/2025\/12\/L1560347-768x1024.jpg 768w, https:\/\/www.designreisen.de\/magazin\/wp-content\/uploads\/2025\/12\/L1560347-1152x1536.jpg 1152w\" sizes=\"auto, (max-width: 1080px) 100vw, 1080px\" \/><\/figure>\n\n\n\n<figure class=\"wp-block-image size-full\"><img loading=\"lazy\" decoding=\"async\" width=\"1080\" height=\"1440\" data-id=\"11814\" src=\"https:\/\/www.designreisen.de\/magazin\/wp-content\/uploads\/2025\/12\/IMG_8947.jpg\" alt=\"\" class=\"wp-image-11814 animated\" srcset=\"https:\/\/www.designreisen.de\/magazin\/wp-content\/uploads\/2025\/12\/IMG_8947.jpg 1080w, https:\/\/www.designreisen.de\/magazin\/wp-content\/uploads\/2025\/12\/IMG_8947-225x300.jpg 225w, https:\/\/www.designreisen.de\/magazin\/wp-content\/uploads\/2025\/12\/IMG_8947-768x1024.jpg 768w, https:\/\/www.designreisen.de\/magazin\/wp-content\/uploads\/2025\/12\/IMG_8947-1152x1536.jpg 1152w\" sizes=\"auto, (max-width: 1080px) 100vw, 1080px\" \/><\/figure>\n\n\n\n<figure class=\"wp-block-image size-full\"><img loading=\"lazy\" decoding=\"async\" width=\"1080\" height=\"1440\" data-id=\"11813\" src=\"https:\/\/www.designreisen.de\/magazin\/wp-content\/uploads\/2025\/12\/L1560308.jpg\" alt=\"\" class=\"wp-image-11813 animated\" srcset=\"https:\/\/www.designreisen.de\/magazin\/wp-content\/uploads\/2025\/12\/L1560308.jpg 1080w, https:\/\/www.designreisen.de\/magazin\/wp-content\/uploads\/2025\/12\/L1560308-225x300.jpg 225w, https:\/\/www.designreisen.de\/magazin\/wp-content\/uploads\/2025\/12\/L1560308-768x1024.jpg 768w, https:\/\/www.designreisen.de\/magazin\/wp-content\/uploads\/2025\/12\/L1560308-1152x1536.jpg 1152w\" sizes=\"auto, (max-width: 1080px) 100vw, 1080px\" \/><\/figure>\n<\/figure>\n\n\n\n<p><em>Spielen, zugucken, besser machen \u2013 oder auch nicht: Beim Chipping Contest herrschte konzentrierte Ruhe<\/em>.<\/p>\n\n\n\n<div style=\"height:20px\" aria-hidden=\"true\" class=\"wp-block-spacer\"><\/div>\n\n\n\n<figure class=\"wp-block-gallery has-nested-images columns-default is-cropped wp-block-gallery-3 is-layout-flex wp-block-gallery-is-layout-flex\">\n<figure class=\"wp-block-image size-full\"><img loading=\"lazy\" decoding=\"async\" width=\"1080\" height=\"1440\" data-id=\"11822\" src=\"https:\/\/www.designreisen.de\/magazin\/wp-content\/uploads\/2025\/12\/L1560390.jpg\" alt=\"Designreisen Golf Tag\" class=\"wp-image-11822 animated\" srcset=\"https:\/\/www.designreisen.de\/magazin\/wp-content\/uploads\/2025\/12\/L1560390.jpg 1080w, https:\/\/www.designreisen.de\/magazin\/wp-content\/uploads\/2025\/12\/L1560390-225x300.jpg 225w, https:\/\/www.designreisen.de\/magazin\/wp-content\/uploads\/2025\/12\/L1560390-768x1024.jpg 768w, https:\/\/www.designreisen.de\/magazin\/wp-content\/uploads\/2025\/12\/L1560390-1152x1536.jpg 1152w\" sizes=\"auto, (max-width: 1080px) 100vw, 1080px\" \/><\/figure>\n\n\n\n<figure class=\"wp-block-image size-full\"><img loading=\"lazy\" decoding=\"async\" width=\"1080\" height=\"1440\" data-id=\"11821\" src=\"https:\/\/www.designreisen.de\/magazin\/wp-content\/uploads\/2025\/12\/L1560399.jpg\" alt=\"Designreisen Golf Tag\" class=\"wp-image-11821 animated\" srcset=\"https:\/\/www.designreisen.de\/magazin\/wp-content\/uploads\/2025\/12\/L1560399.jpg 1080w, https:\/\/www.designreisen.de\/magazin\/wp-content\/uploads\/2025\/12\/L1560399-225x300.jpg 225w, https:\/\/www.designreisen.de\/magazin\/wp-content\/uploads\/2025\/12\/L1560399-768x1024.jpg 768w, https:\/\/www.designreisen.de\/magazin\/wp-content\/uploads\/2025\/12\/L1560399-1152x1536.jpg 1152w\" sizes=\"auto, (max-width: 1080px) 100vw, 1080px\" \/><\/figure>\n\n\n\n<figure class=\"wp-block-image size-full\"><img loading=\"lazy\" decoding=\"async\" width=\"1920\" height=\"1440\" data-id=\"11820\" src=\"https:\/\/www.designreisen.de\/magazin\/wp-content\/uploads\/2025\/12\/L1560374.jpg\" alt=\"Designreisen Golf Tag\" class=\"wp-image-11820 animated\" srcset=\"https:\/\/www.designreisen.de\/magazin\/wp-content\/uploads\/2025\/12\/L1560374.jpg 1920w, https:\/\/www.designreisen.de\/magazin\/wp-content\/uploads\/2025\/12\/L1560374-400x300.jpg 400w, https:\/\/www.designreisen.de\/magazin\/wp-content\/uploads\/2025\/12\/L1560374-1024x768.jpg 1024w, https:\/\/www.designreisen.de\/magazin\/wp-content\/uploads\/2025\/12\/L1560374-768x576.jpg 768w, https:\/\/www.designreisen.de\/magazin\/wp-content\/uploads\/2025\/12\/L1560374-1536x1152.jpg 1536w\" sizes=\"auto, (max-width: 1920px) 100vw, 1920px\" \/><\/figure>\n\n\n\n<figure class=\"wp-block-image size-full\"><img loading=\"lazy\" decoding=\"async\" width=\"974\" height=\"1440\" data-id=\"11819\" src=\"https:\/\/www.designreisen.de\/magazin\/wp-content\/uploads\/2025\/12\/L1560426.jpg\" alt=\"Designreisen Golf Tag\" class=\"wp-image-11819 animated\" srcset=\"https:\/\/www.designreisen.de\/magazin\/wp-content\/uploads\/2025\/12\/L1560426.jpg 974w, https:\/\/www.designreisen.de\/magazin\/wp-content\/uploads\/2025\/12\/L1560426-203x300.jpg 203w, https:\/\/www.designreisen.de\/magazin\/wp-content\/uploads\/2025\/12\/L1560426-693x1024.jpg 693w, https:\/\/www.designreisen.de\/magazin\/wp-content\/uploads\/2025\/12\/L1560426-768x1136.jpg 768w, https:\/\/www.designreisen.de\/magazin\/wp-content\/uploads\/2025\/12\/L1560426-1039x1536.jpg 1039w\" sizes=\"auto, (max-width: 974px) 100vw, 974px\" \/><\/figure>\n<\/figure>\n\n\n\n<p><em>Beim Golfturnier von DESIGNREISEN steht der Spa\u00df weit vorne. Ein bisschen sportlicher Ehrgeiz geh\u00f6rt aber auch dazu. Schlie\u00dflich winkten auch dieses Mal tolle Preise beim 2er Scramble!<\/em><\/p>\n\n\n\n<div style=\"height:20px\" aria-hidden=\"true\" class=\"wp-block-spacer\"><\/div>\n\n\n\n<figure class=\"wp-block-gallery has-nested-images columns-default is-cropped wp-block-gallery-4 is-layout-flex wp-block-gallery-is-layout-flex\">\n<figure class=\"wp-block-image size-full\"><img loading=\"lazy\" decoding=\"async\" width=\"1080\" height=\"1440\" data-id=\"11824\" src=\"https:\/\/www.designreisen.de\/magazin\/wp-content\/uploads\/2025\/12\/IMG_0610.jpg\" alt=\"Golfer's Paradise Day\" class=\"wp-image-11824 animated\" srcset=\"https:\/\/www.designreisen.de\/magazin\/wp-content\/uploads\/2025\/12\/IMG_0610.jpg 1080w, https:\/\/www.designreisen.de\/magazin\/wp-content\/uploads\/2025\/12\/IMG_0610-225x300.jpg 225w, https:\/\/www.designreisen.de\/magazin\/wp-content\/uploads\/2025\/12\/IMG_0610-768x1024.jpg 768w, https:\/\/www.designreisen.de\/magazin\/wp-content\/uploads\/2025\/12\/IMG_0610-1152x1536.jpg 1152w\" sizes=\"auto, (max-width: 1080px) 100vw, 1080px\" \/><\/figure>\n\n\n\n<figure class=\"wp-block-image size-full\"><img loading=\"lazy\" decoding=\"async\" width=\"1080\" height=\"1440\" data-id=\"11823\" src=\"https:\/\/www.designreisen.de\/magazin\/wp-content\/uploads\/2025\/12\/IMG_9006.jpg\" alt=\"Golfer's Paradise Day\" class=\"wp-image-11823 animated\" srcset=\"https:\/\/www.designreisen.de\/magazin\/wp-content\/uploads\/2025\/12\/IMG_9006.jpg 1080w, https:\/\/www.designreisen.de\/magazin\/wp-content\/uploads\/2025\/12\/IMG_9006-225x300.jpg 225w, https:\/\/www.designreisen.de\/magazin\/wp-content\/uploads\/2025\/12\/IMG_9006-768x1024.jpg 768w, https:\/\/www.designreisen.de\/magazin\/wp-content\/uploads\/2025\/12\/IMG_9006-1152x1536.jpg 1152w\" sizes=\"auto, (max-width: 1080px) 100vw, 1080px\" \/><\/figure>\n<\/figure>\n\n\n\n<p><em>Klein, fein und mit viel pers\u00f6nlicher Atmosph\u00e4re \u2013 der&nbsp;Golfers Paradise Day von DESIGNREISEN bot viel Raum f\u00fcr Begegnungen, anregende Gespr\u00e4che und neue Kontakte innerhalb einer ausgew\u00e4hlten Community.<\/em><\/p>\n\n\n\n<div style=\"height:20px\" aria-hidden=\"true\" class=\"wp-block-spacer\"><\/div>\n\n\n\n<figure class=\"wp-block-gallery has-nested-images columns-default is-cropped wp-block-gallery-5 is-layout-flex wp-block-gallery-is-layout-flex\">\n<figure class=\"wp-block-image size-full\"><img loading=\"lazy\" decoding=\"async\" width=\"2048\" height=\"1075\" data-id=\"11825\" src=\"https:\/\/www.designreisen.de\/magazin\/wp-content\/uploads\/2025\/12\/IMG_0637-Edit.jpg\" alt=\"\" class=\"wp-image-11825 animated\" srcset=\"https:\/\/www.designreisen.de\/magazin\/wp-content\/uploads\/2025\/12\/IMG_0637-Edit.jpg 2048w, https:\/\/www.designreisen.de\/magazin\/wp-content\/uploads\/2025\/12\/IMG_0637-Edit-450x236.jpg 450w, https:\/\/www.designreisen.de\/magazin\/wp-content\/uploads\/2025\/12\/IMG_0637-Edit-1024x538.jpg 1024w, https:\/\/www.designreisen.de\/magazin\/wp-content\/uploads\/2025\/12\/IMG_0637-Edit-768x403.jpg 768w, https:\/\/www.designreisen.de\/magazin\/wp-content\/uploads\/2025\/12\/IMG_0637-Edit-1536x806.jpg 1536w, https:\/\/www.designreisen.de\/magazin\/wp-content\/uploads\/2025\/12\/IMG_0637-Edit-1920x1008.jpg 1920w\" sizes=\"auto, (max-width: 2048px) 100vw, 2048px\" \/><\/figure>\n<\/figure>\n\n\n\n<p><em>Die Hubertush\u00fctte lockte mit heimeliger Atmosph\u00e4re \u2026<\/em><\/p>\n\n\n\n<div style=\"height:20px\" aria-hidden=\"true\" class=\"wp-block-spacer\"><\/div>\n\n\n\n<figure class=\"wp-block-gallery has-nested-images columns-default is-cropped wp-block-gallery-6 is-layout-flex wp-block-gallery-is-layout-flex\">\n<figure class=\"wp-block-image size-full\"><img loading=\"lazy\" decoding=\"async\" width=\"1080\" height=\"1440\" data-id=\"11827\" src=\"https:\/\/www.designreisen.de\/magazin\/wp-content\/uploads\/2025\/12\/IMG_0719.jpg\" alt=\"Golfer's Day Designreisen\" class=\"wp-image-11827 animated\" srcset=\"https:\/\/www.designreisen.de\/magazin\/wp-content\/uploads\/2025\/12\/IMG_0719.jpg 1080w, https:\/\/www.designreisen.de\/magazin\/wp-content\/uploads\/2025\/12\/IMG_0719-225x300.jpg 225w, https:\/\/www.designreisen.de\/magazin\/wp-content\/uploads\/2025\/12\/IMG_0719-768x1024.jpg 768w, https:\/\/www.designreisen.de\/magazin\/wp-content\/uploads\/2025\/12\/IMG_0719-1152x1536.jpg 1152w\" sizes=\"auto, (max-width: 1080px) 100vw, 1080px\" \/><\/figure>\n\n\n\n<figure class=\"wp-block-image size-full\"><img loading=\"lazy\" decoding=\"async\" width=\"1080\" height=\"1440\" data-id=\"11826\" src=\"https:\/\/www.designreisen.de\/magazin\/wp-content\/uploads\/2025\/12\/IMG_0728.jpg\" alt=\"Golfer's Day Designreisen\" class=\"wp-image-11826 animated\" srcset=\"https:\/\/www.designreisen.de\/magazin\/wp-content\/uploads\/2025\/12\/IMG_0728.jpg 1080w, https:\/\/www.designreisen.de\/magazin\/wp-content\/uploads\/2025\/12\/IMG_0728-225x300.jpg 225w, https:\/\/www.designreisen.de\/magazin\/wp-content\/uploads\/2025\/12\/IMG_0728-768x1024.jpg 768w, https:\/\/www.designreisen.de\/magazin\/wp-content\/uploads\/2025\/12\/IMG_0728-1152x1536.jpg 1152w\" sizes=\"auto, (max-width: 1080px) 100vw, 1080px\" \/><\/figure>\n<\/figure>\n\n\n\n<p><em>\u2026 und der Verleihung von gro\u00dfartigen und gro\u00dfz\u00fcgigen Preisen.<\/em><\/p>\n\n\n\n<div style=\"height:20px\" aria-hidden=\"true\" class=\"wp-block-spacer\"><\/div>\n\n\n\n<figure class=\"wp-block-gallery has-nested-images columns-default is-cropped wp-block-gallery-7 is-layout-flex wp-block-gallery-is-layout-flex\">\n<figure class=\"wp-block-image size-full\"><img loading=\"lazy\" decoding=\"async\" width=\"1920\" height=\"1440\" data-id=\"11830\" src=\"https:\/\/www.designreisen.de\/magazin\/wp-content\/uploads\/2025\/12\/IMG_9055.jpg\" alt=\"Golfer's Paradise Day\" class=\"wp-image-11830 animated\" srcset=\"https:\/\/www.designreisen.de\/magazin\/wp-content\/uploads\/2025\/12\/IMG_9055.jpg 1920w, https:\/\/www.designreisen.de\/magazin\/wp-content\/uploads\/2025\/12\/IMG_9055-400x300.jpg 400w, https:\/\/www.designreisen.de\/magazin\/wp-content\/uploads\/2025\/12\/IMG_9055-1024x768.jpg 1024w, https:\/\/www.designreisen.de\/magazin\/wp-content\/uploads\/2025\/12\/IMG_9055-768x576.jpg 768w, https:\/\/www.designreisen.de\/magazin\/wp-content\/uploads\/2025\/12\/IMG_9055-1536x1152.jpg 1536w\" sizes=\"auto, (max-width: 1920px) 100vw, 1920px\" \/><\/figure>\n\n\n\n<figure class=\"wp-block-image size-full\"><img loading=\"lazy\" decoding=\"async\" width=\"1080\" height=\"1440\" data-id=\"11829\" src=\"https:\/\/www.designreisen.de\/magazin\/wp-content\/uploads\/2025\/12\/45c2fae8-9f30-4db3-b2a3-2a6f5ff08027.jpg\" alt=\"Golfer's Paradise Day\" class=\"wp-image-11829 animated\" srcset=\"https:\/\/www.designreisen.de\/magazin\/wp-content\/uploads\/2025\/12\/45c2fae8-9f30-4db3-b2a3-2a6f5ff08027.jpg 1080w, https:\/\/www.designreisen.de\/magazin\/wp-content\/uploads\/2025\/12\/45c2fae8-9f30-4db3-b2a3-2a6f5ff08027-225x300.jpg 225w, https:\/\/www.designreisen.de\/magazin\/wp-content\/uploads\/2025\/12\/45c2fae8-9f30-4db3-b2a3-2a6f5ff08027-768x1024.jpg 768w, https:\/\/www.designreisen.de\/magazin\/wp-content\/uploads\/2025\/12\/45c2fae8-9f30-4db3-b2a3-2a6f5ff08027-1152x1536.jpg 1152w\" sizes=\"auto, (max-width: 1080px) 100vw, 1080px\" \/><\/figure>\n\n\n\n<figure class=\"wp-block-image size-full\"><img loading=\"lazy\" decoding=\"async\" width=\"1080\" height=\"1440\" data-id=\"11828\" src=\"https:\/\/www.designreisen.de\/magazin\/wp-content\/uploads\/2025\/12\/IMG_0677.jpg\" alt=\"Golfer's Paradise Day\" class=\"wp-image-11828 animated\" srcset=\"https:\/\/www.designreisen.de\/magazin\/wp-content\/uploads\/2025\/12\/IMG_0677.jpg 1080w, https:\/\/www.designreisen.de\/magazin\/wp-content\/uploads\/2025\/12\/IMG_0677-225x300.jpg 225w, https:\/\/www.designreisen.de\/magazin\/wp-content\/uploads\/2025\/12\/IMG_0677-768x1024.jpg 768w, https:\/\/www.designreisen.de\/magazin\/wp-content\/uploads\/2025\/12\/IMG_0677-1152x1536.jpg 1152w\" sizes=\"auto, (max-width: 1080px) 100vw, 1080px\" \/><\/figure>\n<\/figure>\n\n\n\n<p><em>Weiterplaudern, das wunderbare 3-G\u00e4nge-Men\u00fc genie\u00dfen, den Tag Revue passieren lassen \u2013 aus allen Gesichtern strahlte pure Zufriedenheit.<\/em><\/p>\n\n\n\n<div style=\"height:20px\" aria-hidden=\"true\" class=\"wp-block-spacer\"><\/div>\n\n\n\n<h2 class=\"wp-block-heading\">Fazit<\/h2>\n\n\n\n<p>Kurzum: Der Golfers Paradise Day 2025 von DESIGNREISEN im DAS ACHENTAL war mehr als ein Golfturnier \u2013 es war ein Statement f\u00fcr gelebte Gastfreundschaft, h\u00f6chste Qualit\u00e4t und pure Lebensfreude. Ob beim Golfen mit sportlichem Teamgeist, beim \u201eHit the Green\u201c-Contest, beim Chipping-Wettbewerb oder beim geselligen Austausch in der Abendsonne.<\/p>\n\n\n\n<div style=\"height:20px\" aria-hidden=\"true\" class=\"wp-block-spacer\"><\/div>\n\n\n\n<figure class=\"wp-block-gallery has-nested-images columns-default is-cropped wp-block-gallery-8 is-layout-flex wp-block-gallery-is-layout-flex\">\n<figure class=\"wp-block-image size-full\"><img loading=\"lazy\" decoding=\"async\" width=\"1920\" height=\"1440\" data-id=\"11831\" src=\"https:\/\/www.designreisen.de\/magazin\/wp-content\/uploads\/2025\/12\/IMG_0692.jpg\" alt=\"Golfer's Paradise Day von Designreisen\" class=\"wp-image-11831 animated\" srcset=\"https:\/\/www.designreisen.de\/magazin\/wp-content\/uploads\/2025\/12\/IMG_0692.jpg 1920w, https:\/\/www.designreisen.de\/magazin\/wp-content\/uploads\/2025\/12\/IMG_0692-400x300.jpg 400w, https:\/\/www.designreisen.de\/magazin\/wp-content\/uploads\/2025\/12\/IMG_0692-1024x768.jpg 1024w, https:\/\/www.designreisen.de\/magazin\/wp-content\/uploads\/2025\/12\/IMG_0692-768x576.jpg 768w, https:\/\/www.designreisen.de\/magazin\/wp-content\/uploads\/2025\/12\/IMG_0692-1536x1152.jpg 1536w\" sizes=\"auto, (max-width: 1920px) 100vw, 1920px\" \/><\/figure>\n<\/figure>\n\n\n\n<div style=\"height:20px\" aria-hidden=\"true\" class=\"wp-block-spacer\"><\/div>\n\n\n\n<p>Ein herzliches Dankesch\u00f6n an unsere gro\u00dfartigen Sponsoren und Unterst\u00fctzer, die den Golfers Paradise Day zu etwas ganz Besonderem gemacht haben:<\/p>\n\n\n\n<ul class=\"wp-block-list\">\n<li><strong><u>St. Regis<\/u><\/strong> \u2013 f\u00fcr den exklusiven Hauptpreis, der Tr\u00e4ume wahr werden l\u00e4sst: Malediven at it\u00b4s best!<\/li>\n\n\n\n<li><strong><u>Pralinen Atelier<\/u><\/strong> \u2013 f\u00fcr die wunderbar personalisierten Pralinen, kleine Kunstwerke, die Herz und Gaumen gleicherma\u00dfen erfreuen.<\/li>\n\n\n\n<li><strong><u>Yuvenal<\/u><\/strong> \u2013 f\u00fcr das Power-\u00d6l, das pure Energie und Wohlgef\u00fchl schenkt.<\/li>\n\n\n\n<li><strong><u>Emil Benz<\/u><\/strong> \u2013 f\u00fcr die Luxustaschen, die zu den begehrtesten Preisen des Tages z\u00e4hlten.<\/li>\n\n\n\n<li><strong><u>Dubai Delano, WYN Sylt und Forestis S\u00fcdtirol<\/u><\/strong> \u2013 f\u00fcr ihre atemberaubenden Reise-Preise, die beim Abend-Event f\u00fcr strahlende Gesichter sorgten.<\/li>\n\n\n\n<li><strong><u>Scheck Club<\/u><\/strong> mit Gutscheinen f\u00fcr Padel-Trainingsstunden, die jedes Padel-Herz h\u00f6herschlagen lassen.<\/li>\n\n\n\n<li><strong><u>Zenspotting<\/u><\/strong>, <strong><u>Years <\/u><\/strong>und <strong><u>Padelbee,<\/u><\/strong> die dazu beitrugen, die Goodie-Bags mit \u00dcberraschungen zu f\u00fcllen.<\/li>\n<\/ul>\n\n\n\n<p>All diese Partner stehen f\u00fcr Qualit\u00e4t, Leidenschaft und Stil \u2013 und genau das machte auch den Golfers Paradise Day 2025 aus.<\/p>\n\n\n\n<p><strong>Wir w\u00fcnschen den Gewinnern viel Spa\u00df.<\/strong><\/p>\n\n\n\n<p>Ein riesiges Dankesch\u00f6n auch an das gesamte Team des Hotels DAS ACHENTAL und an alle Teilnehmer, die diesen Tag zu einem unvergesslichen Erlebnis gemacht haben. Wir freuen uns schon jetzt auf das n\u00e4chste Mal \u2013 wenn es wieder hei\u00dft: Golf. Genuss. Gl\u00fccksmomente \u2013 beim Golfers Paradise Day von DESIGNREISEN.<\/p>\n","protected":false},"excerpt":{"rendered":"<p>Volle Punktzahl f\u00fcr ein exklusives Event! Der erste Golfers Paradise Day von DESIGNREISEN am 16. Oktober 2025 verband sportlichen Ehrgeiz mit menschlicher N\u00e4he und echter Lebensfreude. Als B\u00fchne f\u00fcr diesen inspirierenden Tag begeisterte DAS ACHENTAL mit einer malerischen Umgebung, stilvollem Ambiente und exzellenter Kulinarik. Golf, Genuss und Gl\u00fccksmomente Nur einen Katzensprung von M\u00fcnchen entfernt wartet&nbsp;DAS [&hellip;]<\/p>\n","protected":false},"author":51,"featured_media":11837,"comment_status":"open","ping_status":"open","sticky":false,"template":"","format":"standard","meta":{"_acf_changed":false,"footnotes":""},"categories":[1],"tags":[],"class_list":["post-11807","post","type-post","status-publish","format-standard","has-post-thumbnail","hentry","category-fashion-lifestyle"],"acf":[],"yoast_head":"<!-- This site is optimized with the Yoast SEO plugin v27.5 - https:\/\/yoast.com\/product\/yoast-seo-wordpress\/ -->\n<title>Das war der Golfer&#039;s Paradise Day 2025 - Connection to Paradise | Luxusreiseblog<\/title>\n<meta name=\"description\" content=\"Volle Punktzahl f\u00fcr ein exklusives Event! Der erste Golfers Paradise Day von DESIGNREISEN fand am 16. Oktober 2025 statt.\" \/>\n<meta name=\"robots\" content=\"index, follow, max-snippet:-1, max-image-preview:large, max-video-preview:-1\" \/>\n<link rel=\"canonical\" href=\"https:\/\/www.designreisen.de\/magazin\/golfers-paradise-day-2025\/\" \/>\n<meta property=\"og:locale\" content=\"de_DE\" \/>\n<meta property=\"og:type\" content=\"article\" \/>\n<meta property=\"og:title\" content=\"Das war der Golfer&#039;s Paradise Day 2025 - Connection to Paradise | Luxusreiseblog\" \/>\n<meta property=\"og:description\" content=\"Volle Punktzahl f\u00fcr ein exklusives Event! Der erste Golfers Paradise Day von DESIGNREISEN fand am 16. Oktober 2025 statt.\" \/>\n<meta property=\"og:url\" content=\"https:\/\/www.designreisen.de\/magazin\/golfers-paradise-day-2025\/\" \/>\n<meta property=\"og:site_name\" content=\"Connection to Paradise | Luxusreiseblog\" \/>\n<meta property=\"article:publisher\" content=\"https:\/\/www.facebook.com\/Designreisen\/\" \/>\n<meta property=\"article:author\" content=\"https:\/\/www.facebook.com\/Designreisen\/\" \/>\n<meta property=\"article:published_time\" content=\"2025-12-01T10:27:09+00:00\" \/>\n<meta property=\"article:modified_time\" content=\"2025-12-01T10:27:11+00:00\" \/>\n<meta property=\"og:image\" content=\"https:\/\/www.designreisen.de\/magazin\/wp-content\/uploads\/2025\/12\/c_at-20-ah-eingang-ansicht-07-bearbeitet-2_Easy-Resize.com_.jpg\" \/>\n\t<meta property=\"og:image:width\" content=\"1280\" \/>\n\t<meta property=\"og:image:height\" content=\"853\" \/>\n\t<meta property=\"og:image:type\" content=\"image\/jpeg\" \/>\n<meta name=\"author\" content=\"Redaktion\" \/>\n<meta name=\"twitter:card\" content=\"summary_large_image\" \/>\n<meta name=\"twitter:label1\" content=\"Verfasst von\" \/>\n\t<meta name=\"twitter:data1\" content=\"Redaktion\" \/>\n\t<meta name=\"twitter:label2\" content=\"Gesch\u00e4tzte Lesezeit\" \/>\n\t<meta name=\"twitter:data2\" content=\"8\u00a0Minuten\" \/>\n<script type=\"application\/ld+json\" class=\"yoast-schema-graph\">{\"@context\":\"https:\\\/\\\/schema.org\",\"@graph\":[{\"@type\":\"Article\",\"@id\":\"https:\\\/\\\/www.designreisen.de\\\/magazin\\\/golfers-paradise-day-2025\\\/#article\",\"isPartOf\":{\"@id\":\"https:\\\/\\\/www.designreisen.de\\\/magazin\\\/golfers-paradise-day-2025\\\/\"},\"author\":{\"name\":\"Redaktion\",\"@id\":\"https:\\\/\\\/www.designreisen.de\\\/magazin\\\/#\\\/schema\\\/person\\\/576205552fd51cf5d8c77efd8644ebe5\"},\"headline\":\"Das war der Golfer&#8217;s Paradise Day 2025\",\"datePublished\":\"2025-12-01T10:27:09+00:00\",\"dateModified\":\"2025-12-01T10:27:11+00:00\",\"mainEntityOfPage\":{\"@id\":\"https:\\\/\\\/www.designreisen.de\\\/magazin\\\/golfers-paradise-day-2025\\\/\"},\"wordCount\":617,\"commentCount\":0,\"image\":{\"@id\":\"https:\\\/\\\/www.designreisen.de\\\/magazin\\\/golfers-paradise-day-2025\\\/#primaryimage\"},\"thumbnailUrl\":\"https:\\\/\\\/www.designreisen.de\\\/magazin\\\/wp-content\\\/uploads\\\/2025\\\/12\\\/c_at-20-ah-eingang-ansicht-07-bearbeitet-2_Easy-Resize.com_.jpg\",\"articleSection\":[\"Fashion + Lifestyle\"],\"inLanguage\":\"de\",\"potentialAction\":[{\"@type\":\"CommentAction\",\"name\":\"Comment\",\"target\":[\"https:\\\/\\\/www.designreisen.de\\\/magazin\\\/golfers-paradise-day-2025\\\/#respond\"]}]},{\"@type\":\"WebPage\",\"@id\":\"https:\\\/\\\/www.designreisen.de\\\/magazin\\\/golfers-paradise-day-2025\\\/\",\"url\":\"https:\\\/\\\/www.designreisen.de\\\/magazin\\\/golfers-paradise-day-2025\\\/\",\"name\":\"Das war der Golfer's Paradise Day 2025 - Connection to Paradise | Luxusreiseblog\",\"isPartOf\":{\"@id\":\"https:\\\/\\\/www.designreisen.de\\\/magazin\\\/#website\"},\"primaryImageOfPage\":{\"@id\":\"https:\\\/\\\/www.designreisen.de\\\/magazin\\\/golfers-paradise-day-2025\\\/#primaryimage\"},\"image\":{\"@id\":\"https:\\\/\\\/www.designreisen.de\\\/magazin\\\/golfers-paradise-day-2025\\\/#primaryimage\"},\"thumbnailUrl\":\"https:\\\/\\\/www.designreisen.de\\\/magazin\\\/wp-content\\\/uploads\\\/2025\\\/12\\\/c_at-20-ah-eingang-ansicht-07-bearbeitet-2_Easy-Resize.com_.jpg\",\"datePublished\":\"2025-12-01T10:27:09+00:00\",\"dateModified\":\"2025-12-01T10:27:11+00:00\",\"author\":{\"@id\":\"https:\\\/\\\/www.designreisen.de\\\/magazin\\\/#\\\/schema\\\/person\\\/576205552fd51cf5d8c77efd8644ebe5\"},\"description\":\"Volle Punktzahl f\u00fcr ein exklusives Event! Der erste Golfers Paradise Day von DESIGNREISEN fand am 16. Oktober 2025 statt.\",\"breadcrumb\":{\"@id\":\"https:\\\/\\\/www.designreisen.de\\\/magazin\\\/golfers-paradise-day-2025\\\/#breadcrumb\"},\"inLanguage\":\"de\",\"potentialAction\":[{\"@type\":\"ReadAction\",\"target\":[\"https:\\\/\\\/www.designreisen.de\\\/magazin\\\/golfers-paradise-day-2025\\\/\"]}]},{\"@type\":\"ImageObject\",\"inLanguage\":\"de\",\"@id\":\"https:\\\/\\\/www.designreisen.de\\\/magazin\\\/golfers-paradise-day-2025\\\/#primaryimage\",\"url\":\"https:\\\/\\\/www.designreisen.de\\\/magazin\\\/wp-content\\\/uploads\\\/2025\\\/12\\\/c_at-20-ah-eingang-ansicht-07-bearbeitet-2_Easy-Resize.com_.jpg\",\"contentUrl\":\"https:\\\/\\\/www.designreisen.de\\\/magazin\\\/wp-content\\\/uploads\\\/2025\\\/12\\\/c_at-20-ah-eingang-ansicht-07-bearbeitet-2_Easy-Resize.com_.jpg\",\"width\":1280,\"height\":853,\"caption\":\"\u00a9 DAS ACHENTAL\"},{\"@type\":\"BreadcrumbList\",\"@id\":\"https:\\\/\\\/www.designreisen.de\\\/magazin\\\/golfers-paradise-day-2025\\\/#breadcrumb\",\"itemListElement\":[{\"@type\":\"ListItem\",\"position\":1,\"name\":\"Home\",\"item\":\"https:\\\/\\\/www.designreisen.de\\\/magazin\\\/\"},{\"@type\":\"ListItem\",\"position\":2,\"name\":\"Das war der Golfer&#8217;s Paradise Day 2025\"}]},{\"@type\":\"WebSite\",\"@id\":\"https:\\\/\\\/www.designreisen.de\\\/magazin\\\/#website\",\"url\":\"https:\\\/\\\/www.designreisen.de\\\/magazin\\\/\",\"name\":\"Connection to Paradise | Luxusreiseblog\",\"description\":\"Der exklusive Reiseblog von DESIGNREISEN\",\"potentialAction\":[{\"@type\":\"SearchAction\",\"target\":{\"@type\":\"EntryPoint\",\"urlTemplate\":\"https:\\\/\\\/www.designreisen.de\\\/magazin\\\/?s={search_term_string}\"},\"query-input\":{\"@type\":\"PropertyValueSpecification\",\"valueRequired\":true,\"valueName\":\"search_term_string\"}}],\"inLanguage\":\"de\"},{\"@type\":\"Person\",\"@id\":\"https:\\\/\\\/www.designreisen.de\\\/magazin\\\/#\\\/schema\\\/person\\\/576205552fd51cf5d8c77efd8644ebe5\",\"name\":\"Redaktion\",\"image\":{\"@type\":\"ImageObject\",\"inLanguage\":\"de\",\"@id\":\"https:\\\/\\\/www.designreisen.de\\\/magazin\\\/wp-content\\\/uploads\\\/2025\\\/02\\\/cropped-profil-design-96x96.png\",\"url\":\"https:\\\/\\\/www.designreisen.de\\\/magazin\\\/wp-content\\\/uploads\\\/2025\\\/02\\\/cropped-profil-design-96x96.png\",\"contentUrl\":\"https:\\\/\\\/www.designreisen.de\\\/magazin\\\/wp-content\\\/uploads\\\/2025\\\/02\\\/cropped-profil-design-96x96.png\",\"caption\":\"Redaktion\"},\"sameAs\":[\"https:\\\/\\\/www.facebook.com\\\/Designreisen\\\/\",\"https:\\\/\\\/www.instagram.com\\\/designreisen\\\/\"]}]}<\/script>\n<!-- \/ Yoast SEO plugin. -->","yoast_head_json":{"title":"Das war der Golfer's Paradise Day 2025 - Connection to Paradise | Luxusreiseblog","description":"Volle Punktzahl f\u00fcr ein exklusives Event! Der erste Golfers Paradise Day von DESIGNREISEN fand am 16. Oktober 2025 statt.","robots":{"index":"index","follow":"follow","max-snippet":"max-snippet:-1","max-image-preview":"max-image-preview:large","max-video-preview":"max-video-preview:-1"},"canonical":"https:\/\/www.designreisen.de\/magazin\/golfers-paradise-day-2025\/","og_locale":"de_DE","og_type":"article","og_title":"Das war der Golfer's Paradise Day 2025 - Connection to Paradise | Luxusreiseblog","og_description":"Volle Punktzahl f\u00fcr ein exklusives Event! Der erste Golfers Paradise Day von DESIGNREISEN fand am 16. Oktober 2025 statt.","og_url":"https:\/\/www.designreisen.de\/magazin\/golfers-paradise-day-2025\/","og_site_name":"Connection to Paradise | Luxusreiseblog","article_publisher":"https:\/\/www.facebook.com\/Designreisen\/","article_author":"https:\/\/www.facebook.com\/Designreisen\/","article_published_time":"2025-12-01T10:27:09+00:00","article_modified_time":"2025-12-01T10:27:11+00:00","og_image":[{"width":1280,"height":853,"url":"https:\/\/www.designreisen.de\/magazin\/wp-content\/uploads\/2025\/12\/c_at-20-ah-eingang-ansicht-07-bearbeitet-2_Easy-Resize.com_.jpg","type":"image\/jpeg"}],"author":"Redaktion","twitter_card":"summary_large_image","twitter_misc":{"Verfasst von":"Redaktion","Gesch\u00e4tzte Lesezeit":"8\u00a0Minuten"},"schema":{"@context":"https:\/\/schema.org","@graph":[{"@type":"Article","@id":"https:\/\/www.designreisen.de\/magazin\/golfers-paradise-day-2025\/#article","isPartOf":{"@id":"https:\/\/www.designreisen.de\/magazin\/golfers-paradise-day-2025\/"},"author":{"name":"Redaktion","@id":"https:\/\/www.designreisen.de\/magazin\/#\/schema\/person\/576205552fd51cf5d8c77efd8644ebe5"},"headline":"Das war der Golfer&#8217;s Paradise Day 2025","datePublished":"2025-12-01T10:27:09+00:00","dateModified":"2025-12-01T10:27:11+00:00","mainEntityOfPage":{"@id":"https:\/\/www.designreisen.de\/magazin\/golfers-paradise-day-2025\/"},"wordCount":617,"commentCount":0,"image":{"@id":"https:\/\/www.designreisen.de\/magazin\/golfers-paradise-day-2025\/#primaryimage"},"thumbnailUrl":"https:\/\/www.designreisen.de\/magazin\/wp-content\/uploads\/2025\/12\/c_at-20-ah-eingang-ansicht-07-bearbeitet-2_Easy-Resize.com_.jpg","articleSection":["Fashion + Lifestyle"],"inLanguage":"de","potentialAction":[{"@type":"CommentAction","name":"Comment","target":["https:\/\/www.designreisen.de\/magazin\/golfers-paradise-day-2025\/#respond"]}]},{"@type":"WebPage","@id":"https:\/\/www.designreisen.de\/magazin\/golfers-paradise-day-2025\/","url":"https:\/\/www.designreisen.de\/magazin\/golfers-paradise-day-2025\/","name":"Das war der Golfer's Paradise Day 2025 - Connection to Paradise | Luxusreiseblog","isPartOf":{"@id":"https:\/\/www.designreisen.de\/magazin\/#website"},"primaryImageOfPage":{"@id":"https:\/\/www.designreisen.de\/magazin\/golfers-paradise-day-2025\/#primaryimage"},"image":{"@id":"https:\/\/www.designreisen.de\/magazin\/golfers-paradise-day-2025\/#primaryimage"},"thumbnailUrl":"https:\/\/www.designreisen.de\/magazin\/wp-content\/uploads\/2025\/12\/c_at-20-ah-eingang-ansicht-07-bearbeitet-2_Easy-Resize.com_.jpg","datePublished":"2025-12-01T10:27:09+00:00","dateModified":"2025-12-01T10:27:11+00:00","author":{"@id":"https:\/\/www.designreisen.de\/magazin\/#\/schema\/person\/576205552fd51cf5d8c77efd8644ebe5"},"description":"Volle Punktzahl f\u00fcr ein exklusives Event! Der erste Golfers Paradise Day von DESIGNREISEN fand am 16. Oktober 2025 statt.","breadcrumb":{"@id":"https:\/\/www.designreisen.de\/magazin\/golfers-paradise-day-2025\/#breadcrumb"},"inLanguage":"de","potentialAction":[{"@type":"ReadAction","target":["https:\/\/www.designreisen.de\/magazin\/golfers-paradise-day-2025\/"]}]},{"@type":"ImageObject","inLanguage":"de","@id":"https:\/\/www.designreisen.de\/magazin\/golfers-paradise-day-2025\/#primaryimage","url":"https:\/\/www.designreisen.de\/magazin\/wp-content\/uploads\/2025\/12\/c_at-20-ah-eingang-ansicht-07-bearbeitet-2_Easy-Resize.com_.jpg","contentUrl":"https:\/\/www.designreisen.de\/magazin\/wp-content\/uploads\/2025\/12\/c_at-20-ah-eingang-ansicht-07-bearbeitet-2_Easy-Resize.com_.jpg","width":1280,"height":853,"caption":"\u00a9 DAS ACHENTAL"},{"@type":"BreadcrumbList","@id":"https:\/\/www.designreisen.de\/magazin\/golfers-paradise-day-2025\/#breadcrumb","itemListElement":[{"@type":"ListItem","position":1,"name":"Home","item":"https:\/\/www.designreisen.de\/magazin\/"},{"@type":"ListItem","position":2,"name":"Das war der Golfer&#8217;s Paradise Day 2025"}]},{"@type":"WebSite","@id":"https:\/\/www.designreisen.de\/magazin\/#website","url":"https:\/\/www.designreisen.de\/magazin\/","name":"Connection to Paradise | Luxusreiseblog","description":"Der exklusive Reiseblog von DESIGNREISEN","potentialAction":[{"@type":"SearchAction","target":{"@type":"EntryPoint","urlTemplate":"https:\/\/www.designreisen.de\/magazin\/?s={search_term_string}"},"query-input":{"@type":"PropertyValueSpecification","valueRequired":true,"valueName":"search_term_string"}}],"inLanguage":"de"},{"@type":"Person","@id":"https:\/\/www.designreisen.de\/magazin\/#\/schema\/person\/576205552fd51cf5d8c77efd8644ebe5","name":"Redaktion","image":{"@type":"ImageObject","inLanguage":"de","@id":"https:\/\/www.designreisen.de\/magazin\/wp-content\/uploads\/2025\/02\/cropped-profil-design-96x96.png","url":"https:\/\/www.designreisen.de\/magazin\/wp-content\/uploads\/2025\/02\/cropped-profil-design-96x96.png","contentUrl":"https:\/\/www.designreisen.de\/magazin\/wp-content\/uploads\/2025\/02\/cropped-profil-design-96x96.png","caption":"Redaktion"},"sameAs":["https:\/\/www.facebook.com\/Designreisen\/","https:\/\/www.instagram.com\/designreisen\/"]}]}},"_links":{"self":[{"href":"https:\/\/www.designreisen.de\/magazin\/wp-json\/wp\/v2\/posts\/11807","targetHints":{"allow":["GET"]}}],"collection":[{"href":"https:\/\/www.designreisen.de\/magazin\/wp-json\/wp\/v2\/posts"}],"about":[{"href":"https:\/\/www.designreisen.de\/magazin\/wp-json\/wp\/v2\/types\/post"}],"author":[{"embeddable":true,"href":"https:\/\/www.designreisen.de\/magazin\/wp-json\/wp\/v2\/users\/51"}],"replies":[{"embeddable":true,"href":"https:\/\/www.designreisen.de\/magazin\/wp-json\/wp\/v2\/comments?post=11807"}],"version-history":[{"count":5,"href":"https:\/\/www.designreisen.de\/magazin\/wp-json\/wp\/v2\/posts\/11807\/revisions"}],"predecessor-version":[{"id":11839,"href":"https:\/\/www.designreisen.de\/magazin\/wp-json\/wp\/v2\/posts\/11807\/revisions\/11839"}],"wp:featuredmedia":[{"embeddable":true,"href":"https:\/\/www.designreisen.de\/magazin\/wp-json\/wp\/v2\/media\/11837"}],"wp:attachment":[{"href":"https:\/\/www.designreisen.de\/magazin\/wp-json\/wp\/v2\/media?parent=11807"}],"wp:term":[{"taxonomy":"category","embeddable":true,"href":"https:\/\/www.designreisen.de\/magazin\/wp-json\/wp\/v2\/categories?post=11807"},{"taxonomy":"post_tag","embeddable":true,"href":"https:\/\/www.designreisen.de\/magazin\/wp-json\/wp\/v2\/tags?post=11807"}],"curies":[{"name":"wp","href":"https:\/\/api.w.org\/{rel}","templated":true}]}}