 {"id":1923,"date":"2017-07-05T12:17:09","date_gmt":"2017-07-05T10:17:09","guid":{"rendered":"https:\/\/www.designreisen.de\/magazin\/?p=1923"},"modified":"2023-02-23T17:35:22","modified_gmt":"2023-02-23T16:35:22","slug":"soneva-jani-event","status":"publish","type":"post","link":"https:\/\/www.designreisen.de\/magazin\/soneva-jani-event\/","title":{"rendered":"Soneva Jani: Die Malediven in M\u00fcnchen"},"content":{"rendered":"<p>Jeder von uns tr\u00e4umt davon, einfach seine sieben Sachen zu packen, den Alltag hinter sich zu lassen und am liebsten weit weg vom ganzen Trubel auf eine einsame Insel zu fl\u00fcchten, um sich mal so richtig zu entspannen.<\/p>\n<p>Innovative Ideen und luxuri\u00f6se Hotels entstehen \u00fcberall auf der Welt, um diesen Tr\u00e4umen ein St\u00fcckchen n\u00e4her zu kommen \u2013 doch sind es nicht nur die atemberaubenden Bilder, die Emotionen und Lust wecken. Es ist ein Gef\u00fchl von Geborgenheit und Luxus, die das Reisen einzigartig machen.<\/p>\n<p>&nbsp;<\/p>\n<p style=\"text-align: center;\"><a href=\"\" class=\"cta default\" target=\"_blank\" rel=\"nofollow noopener\" title=\"Bildergalerie runterladen\">Bildergalerie runterladen<\/a><\/p>\n<p>&nbsp;<\/p>\n<p><img loading=\"lazy\" decoding=\"async\" class=\"alignnone size-full wp-image-1930 animated\" src=\"https:\/\/www.designreisen.de\/magazin\/wp-content\/uploads\/2017\/07\/Soneva-Jani_Cover.jpg\" alt=\"Soneva Jani Event\" width=\"713\" height=\"475\" srcset=\"https:\/\/www.designreisen.de\/magazin\/wp-content\/uploads\/2017\/07\/Soneva-Jani_Cover.jpg 713w, https:\/\/www.designreisen.de\/magazin\/wp-content\/uploads\/2017\/07\/Soneva-Jani_Cover-300x200.jpg 300w\" sizes=\"auto, (max-width: 713px) 100vw, 713px\" \/><\/p>\n<p>&nbsp;<\/p>\n<h3>Soneva Jani Event: Eine Nacht im Paradies<\/h3>\n<p>Am 08. Juni 2017 besuchte ich das Soneva Jani Event von DESIGNREISEN. F\u00fcr rund 30 geladene G\u00e4ste wurde im Luxury Travel Store von DESIGNREISEN in der Theresienstra\u00dfe 1 in M\u00fcnchen das neue Maledivenresort der Soneva-Gruppe exklusiv vorgestellt.<\/p>\n<p>Um dieses gewisse pers\u00f6nliche Gef\u00fchl und die M\u00f6glichkeit zu bekommen, sich \u00fcberall auf der Welt \u201ezu Hause\u201c zu f\u00fchlen, wurden exklusive G\u00e4ste wie der Spitzenkoch Nikki vom <a href=\"https:\/\/www.designreisen.de\/luxusreisen\/baa-atoll-soneva-fushi\/\" target=\"_blank\" rel=\"noopener\">Soneva Fushi<\/a> mit seiner unverwechselbaren Sushi-Kunst sowie der Sommelier Charles Brun, der jeden Gang bedacht mit ausgew\u00e4hlten Weinen begleitete, direkt von den Malediven eingeflogen.<\/p>\n<p>&nbsp;<\/p>\n<div id=\"attachment_1925\" class=\"wp-caption aligncenter\"><img loading=\"lazy\" decoding=\"async\" aria-describedby=\"caption-attachment-1925\" class=\"wp-image-1925 size-full animated\" title=\"Soneva Jani Event: Die Malediven zu Gast in M\u00fcnchen\" src=\"https:\/\/www.designreisen.de\/magazin\/wp-content\/uploads\/2017\/07\/Soneva-Jani-Event-4-von-29.png\" alt=\"Soneva Jani Event: Die Malediven zu Gast in M\u00fcnchen\" width=\"713\" height=\"401\" srcset=\"https:\/\/www.designreisen.de\/magazin\/wp-content\/uploads\/2017\/07\/Soneva-Jani-Event-4-von-29.png 713w, https:\/\/www.designreisen.de\/magazin\/wp-content\/uploads\/2017\/07\/Soneva-Jani-Event-4-von-29-300x169.png 300w\" sizes=\"auto, (max-width: 713px) 100vw, 713px\" \/><p id=\"caption-attachment-1925\" class=\"wp-caption-text\">Sushi-Meister Nikki pr\u00e4sentiert stolz seine k\u00f6stlichen Kreationen<\/p><\/div>\n<p>&nbsp;<\/p>\n<p>Nachdem die Gastgeber Marion und Robert Aliabadi ihre G\u00e4ste begr\u00fc\u00dft haben, pr\u00e4sentierte Alfonso Martinez Fischer, Director of Sales &amp; Marketing der Soneva Resorts, die vier einzigartigen Reisem\u00f6glichkeiten der Soneva Gruppe. Neben den hoteleigenen Bildern, brachten die Erfahrungen von Marion und Robert eine pers\u00f6nliche Note in die Pr\u00e4sentation und Vorstellung der Hotels. Die Soneva Gruppe setzt sich zusammen aus dem <a href=\"https:\/\/www.designreisen.de\/luxusreisen\/baa-atoll-soneva-fushi\/\" target=\"_blank\" rel=\"noopener\">Soneva Fushi<\/a>, Soneva in Aqua und dem <a href=\"https:\/\/www.designreisen.de\/luxusreisen\/noonu-atoll-soneva-jani\/\" target=\"_blank\" rel=\"noopener\">Soneva Jani<\/a>, allesamt auf den Malediven sowie dem <a href=\"https:\/\/www.designreisen.de\/luxusreisen\/koh-kood-soneva-kiri\/\" target=\"_blank\" rel=\"noopener\">Soneva Kiri<\/a> in Thailand.<\/p>\n<div id=\"layerslider_40\" class=\"ls-wp-container\" style=\"width:730px;height:550px;margin:0 auto;margin-bottom: 0px;\"><div class=\"ls-slide\" data-ls=\" transition2d: all;\"><img decoding=\"async\" src=\"https:\/\/www.designreisen.de\/magazin\/wp-content\/uploads\/2017\/07\/Soneva-in-Aqua.jpg\" class=\"ls-bg\" alt=\"Soneva in Aqua\" \/><h3 class=\"ls-l\" style=\"top:0px;left:0px;width:;height:;padding-top:;padding-right:;padding-bottom:;padding-left:;border-top:;border-right:;border-bottom:;border-left:;font-family:;font-size:;line-height:;color:;background:;border-radius:;white-space: nowrap;\">Soneva in Aqua<\/h3><\/div><div class=\"ls-slide\" data-ls=\" transition2d: all;\"><img decoding=\"async\" src=\"https:\/\/www.designreisen.de\/magazin\/wp-content\/uploads\/2017\/07\/Soneva-Jani.jpg\" class=\"ls-bg\" alt=\"Soneva Jani\" \/><h3 class=\"ls-l\" style=\"top:0px;left:0px;width:;height:;padding-top:;padding-right:;padding-bottom:;padding-left:;border-top:;border-right:;border-bottom:;border-left:;font-family:;font-size:;line-height:;color:;background:;border-radius:;white-space: nowrap;\">Soneva Jani<\/h3><\/div><div class=\"ls-slide\" data-ls=\" transition2d: all;\"><img decoding=\"async\" src=\"https:\/\/www.designreisen.de\/magazin\/wp-content\/uploads\/2017\/07\/Soneva-Fushi.jpg\" class=\"ls-bg\" alt=\"Soneva Fushi\" \/><h3 class=\"ls-l\" style=\"top:0px;left:0px;width:;height:;padding-top:;padding-right:;padding-bottom:;padding-left:;border-top:;border-right:;border-bottom:;border-left:;font-family:;font-size:;line-height:;color:;background:;border-radius:;white-space: nowrap;\">Soneva Fushi<\/h3><\/div><div class=\"ls-slide\" data-ls=\" transition2d: all;\"><img decoding=\"async\" src=\"https:\/\/www.designreisen.de\/magazin\/wp-content\/uploads\/2017\/07\/Soneva-Kiri.jpg\" class=\"ls-bg\" alt=\"Soneva Kiri\" \/><h3 class=\"ls-l\" style=\"top:0px;left:0px;width:;height:;padding-top:;padding-right:;padding-bottom:;padding-left:;border-top:;border-right:;border-bottom:;border-left:;font-family:;font-size:;line-height:;color:;background:;border-radius:;white-space: nowrap;\">Soneva Kiri<\/h3><\/div><\/div>\n<p>&nbsp;<\/p>\n<h3>Soneva Resorts<\/h3>\n<p>Die Philosophie von Soneva ist schnell verstanden: Ganz nach der Devise \u201eno news, no shoes\u201c streift man bei dem Betreten der Insel seine Schuhe ab und \u00fcberreicht diese dem Butler. Ein Aufenthalt im <a href=\"https:\/\/www.designreisen.de\/luxusreisen\/noonu-atoll-soneva-jani\/\" target=\"_blank\" rel=\"noopener\">Soneva Jani<\/a> soll vor allem eine Robinson Crusoe -Erfahrung darstellen: Stress und Hektik des Alltags bleiben zuhause.<\/p>\n<p>Das <a href=\"https:\/\/www.designreisen.de\/luxusreisen\/baa-atoll-soneva-fushi\/\" target=\"_blank\" rel=\"noopener\">Soneva Fushi<\/a> besteht aus 57 Villen und ist besonders f\u00fcr den Aufenthalt von Familien geeignet. F\u00fcr Kinder bietet das Resort den gr\u00f6\u00dften Kids Club in Asien \u201eThe DEN\u201c, der einen Lego- oder Musikraum beinhaltet, eine hauseigene K\u00fcche, in der die Kleinen schon fr\u00fch ihre ersten Kochk\u00fcnste erlernen k\u00f6nnen und ein eigenes Kino. Doch auch f\u00fcr eine entspannte Zeit zu zweit, verspricht das Resort au\u00dfergew\u00f6hnliche Erlebnisse, wie das Baumhaus-Restaurant \u201eFresh in the Garden\u201c oder ein Open-Air Kino am Strand.<\/p>\n<p>Das <a href=\"https:\/\/www.designreisen.de\/luxusreisen\/baa-atoll-soneva-in-aqua\/\" target=\"_blank\" rel=\"noopener\">Soneva in Aqua<\/a> dagegen, ist eine Luxusvilla in Form eines Segelboots und bietet ein au\u00dfergew\u00f6hnliches luxuri\u00f6ses Interieur f\u00fcr bis zu vier Erwachsene und zwei Kinder. Ein besonderes Highlight ist der mit einem Glasboden ausgestattetem Jacuzzi, der einen spektakul\u00e4ren Blick auf die bunte Welt der Fische freigibt.<\/p>\n<p>Das <a href=\"https:\/\/www.designreisen.de\/luxusreisen\/noonu-atoll-soneva-jani\/\" target=\"_blank\" rel=\"noopener\">Soneva Jani<\/a> ist das neueste Projekt der Soneva-Gruppe auf den Malediven. Die Wasser-Villen haben alle einen eigenen Pool und sind nur mit einem Wasserflugzeug von der Hauptstadt Mal\u00e9 aus zu erreichen.<\/p>\n<p>Am Ende der Pr\u00e4sentation stellte Alfonso Martinez Fischer noch das Soneva Kiri vor, das als einziges Resort nicht auf den Malediven, sondern auf der thail\u00e4ndischen Insel Koh Kood liegt. Dieses umfasst 36 au\u00dfergew\u00f6hnliche Villen, auch hier mit eigenem Pool und bis zu sechs Schlafzimmern.<\/p>\n<p>&nbsp;<\/p>\n<h3>Viele Eindr\u00fccke, viele Gen\u00fcsse<\/h3>\n<p>Marion und Robert Aliabadi durften Anfang des Jahres das <a href=\"https:\/\/www.designreisen.de\/luxusreisen\/noonu-atoll-soneva-jani\/\" target=\"_blank\" rel=\"noopener\">Soneva Jani<\/a> besuchen und Marion schilderte, unterst\u00fctzt von Video und Bildmaterial, den G\u00e4sten ihre ganz pers\u00f6nlichen und einzigartigen Eindr\u00fccke des neuen Luxusresorts.<\/p>\n<p>&nbsp;<\/p>\n<div id=\"attachment_1926\" class=\"wp-caption aligncenter\"><img loading=\"lazy\" decoding=\"async\" aria-describedby=\"caption-attachment-1926\" class=\"size-full wp-image-1926 animated\" src=\"https:\/\/www.designreisen.de\/magazin\/wp-content\/uploads\/2017\/07\/Soneva-Jani-Event-1-von-1.png\" alt=\"\" width=\"713\" height=\"534\" srcset=\"https:\/\/www.designreisen.de\/magazin\/wp-content\/uploads\/2017\/07\/Soneva-Jani-Event-1-von-1.png 713w, https:\/\/www.designreisen.de\/magazin\/wp-content\/uploads\/2017\/07\/Soneva-Jani-Event-1-von-1-300x225.png 300w\" sizes=\"auto, (max-width: 713px) 100vw, 713px\" \/><p id=\"caption-attachment-1926\" class=\"wp-caption-text\">Marion Aliabadi bei der Erkundung ihres Pools im Soneva Jani Resort<\/p><\/div>\n<p>&nbsp;<\/p>\n<p>Anschlie\u00dfend ergab sich ein lockeres \u201eGet together\u201c der G\u00e4ste mit vielen interessanten Gespr\u00e4chen. Dazu wurde immer wieder das k\u00f6stliche Sushi von Nikki serviert. Er ist der Japanese Head Chef des <a href=\"https:\/\/www.designreisen.de\/luxusreisen\/baa-atoll-soneva-fushi\/\" target=\"_blank\" rel=\"noopener\">Soneva Fushi<\/a>. Als geb\u00fcrtiger Singhalese ist Nikki als Kind mit seinen Eltern nach Japan gekommen, wo er sein Handwerk als Sushi-Meister gelernt hat.<\/p>\n<p>Durch die Zubereitung von au\u00dfergew\u00f6hnlichen Sushi-Kreationen nahm er die G\u00e4ste mit auf eine kulinarische Reise und brachte somit die Traumwelt der Malediven mit nach M\u00fcnchen. Zufrieden und gl\u00fccklich wurden Erfahrungen bis tief in die Nacht ausgetauscht, Kontakte gekn\u00fcpft und neue Informationen \u00fcber die Soneva Resorts gesammelt.<\/p>\n<p>&nbsp;<\/p>\n<div id=\"attachment_1927\" class=\"wp-caption aligncenter\"><img loading=\"lazy\" decoding=\"async\" aria-describedby=\"caption-attachment-1927\" class=\"size-full wp-image-1927 animated\" src=\"https:\/\/www.designreisen.de\/magazin\/wp-content\/uploads\/2017\/07\/Soneva-Jani-Event-10-von-29.png\" alt=\"\" width=\"713\" height=\"475\" srcset=\"https:\/\/www.designreisen.de\/magazin\/wp-content\/uploads\/2017\/07\/Soneva-Jani-Event-10-von-29.png 713w, https:\/\/www.designreisen.de\/magazin\/wp-content\/uploads\/2017\/07\/Soneva-Jani-Event-10-von-29-300x200.png 300w\" sizes=\"auto, (max-width: 713px) 100vw, 713px\" \/><p id=\"caption-attachment-1927\" class=\"wp-caption-text\">Nach der Pr\u00e4sentation er\u00f6ffnet Marion Aliabadi das Buffet<\/p><\/div>\n<p>&nbsp;<\/p>\n<p>Getreu dem Motto \u201econnection to paradise\u201c schafft es DESIGNREISEN wieder einmal, au\u00dfergew\u00f6hnliche Reiseziele zu einem exklusiven Event werden zu lassen.<\/p>\n<p>&nbsp;<\/p>\n<p><a href=\"https:\/\/www.dropbox.com\/sh\/vygbezk5maond99\/AADOLU0cOF32qoXaMzywQ0sGa?dl=0\" target=\"_blank\" rel=\"noopener\">Hier k\u00f6nnen Sie sich alle Bilder des Events absehen.<\/a><\/p>\n<p>&nbsp;<\/p>\n<p style=\"text-align: center;\"><a href=\"\" class=\"cta default\" target=\"_blank\" rel=\"nofollow noopener\" title=\"Magazin gratis runterladen\">Magazin gratis runterladen<\/a><\/p>\n<p>&nbsp;<\/p>\n<p><a href=\"http:\/\/www.trendeditbychris.com\/\">Christopher Fraas<\/a>, Lifestyle, Fashion und Travel Blogger, besuchte am 8. Juni 2017 den exklusiven Soneva Jani Event von DESIGNREISEN in M\u00fcnchen.<\/p>\n","protected":false},"excerpt":{"rendered":"<p>Jeder von uns tr\u00e4umt davon, einfach seine sieben Sachen zu packen, den Alltag hinter sich zu lassen und am liebsten weit weg vom ganzen Trubel auf eine einsame Insel zu fl\u00fcchten, um sich mal so richtig zu entspannen. Innovative Ideen und luxuri\u00f6se Hotels entstehen \u00fcberall auf der Welt, um diesen Tr\u00e4umen ein St\u00fcckchen n\u00e4her zu [&hellip;]<\/p>\n","protected":false},"author":23,"featured_media":1924,"comment_status":"open","ping_status":"open","sticky":false,"template":"","format":"standard","meta":{"_acf_changed":false,"footnotes":""},"categories":[85],"tags":[101,98,102],"class_list":["post-1923","post","type-post","status-publish","format-standard","has-post-thumbnail","hentry","category-inside-designreisen","tag-event","tag-malediven","tag-soneva-jani"],"acf":[],"yoast_head":"<!-- This site is optimized with the Yoast SEO plugin v27.5 - https:\/\/yoast.com\/product\/yoast-seo-wordpress\/ -->\n<title>Soneva Jani: Die Malediven in M\u00fcnchen<\/title>\n<meta name=\"description\" content=\"Christopher Fraas, Lifestyle, Fashion und Travel Blogger, besuchte am 8. Juni 2017 den exklusiven Soneva Jani Event von DESIGNREISEN in M\u00fcnchen.\" \/>\n<meta name=\"robots\" content=\"index, follow, max-snippet:-1, max-image-preview:large, max-video-preview:-1\" \/>\n<link rel=\"canonical\" href=\"https:\/\/www.designreisen.de\/magazin\/soneva-jani-event\/\" \/>\n<meta property=\"og:locale\" content=\"de_DE\" \/>\n<meta property=\"og:type\" content=\"article\" \/>\n<meta property=\"og:title\" content=\"Soneva Jani Event: Die Malediven zu Gast in M\u00fcnchen\" \/>\n<meta property=\"og:description\" content=\"Christopher Fraas, Lifestyle, Fashion und Travel Blogger, besuchte am 8. Juni 2017 den exklusiven Soneva Jani Event von DESIGNREISEN in M\u00fcnchen.\" \/>\n<meta property=\"og:url\" content=\"https:\/\/www.designreisen.de\/magazin\/soneva-jani-event\/\" \/>\n<meta property=\"og:site_name\" content=\"Connection to Paradise | Luxusreiseblog\" \/>\n<meta property=\"article:publisher\" content=\"https:\/\/www.facebook.com\/Designreisen\/\" \/>\n<meta property=\"article:author\" content=\"https:\/\/www.facebook.com\/trendeditbychris\/\" \/>\n<meta property=\"article:published_time\" content=\"2017-07-05T10:17:09+00:00\" \/>\n<meta property=\"article:modified_time\" content=\"2023-02-23T16:35:22+00:00\" \/>\n<meta property=\"og:image\" content=\"https:\/\/www.designreisen.de\/magazin\/wp-content\/uploads\/2017\/07\/Soneva-Jani_Cover.jpg\" \/>\n\t<meta property=\"og:image:width\" content=\"713\" \/>\n\t<meta property=\"og:image:height\" content=\"475\" \/>\n\t<meta property=\"og:image:type\" content=\"image\/jpeg\" \/>\n<meta name=\"author\" content=\"Christopher Fraas\" \/>\n<meta name=\"twitter:card\" content=\"summary_large_image\" \/>\n<meta name=\"twitter:title\" content=\"Soneva Jani Event: Die Malediven zu Gast in M\u00fcnchen\" \/>\n<meta name=\"twitter:description\" content=\"Christopher Fraas, Lifestyle, Fashion und Travel Blogger, besuchte am 8. Juni 2017 den exklusiven Soneva Jani Event von DESIGNREISEN in M\u00fcnchen.\" \/>\n<meta name=\"twitter:image\" content=\"https:\/\/www.designreisen.de\/magazin\/wp-content\/uploads\/2017\/07\/Soneva-Jani_Cover.jpg\" \/>\n<meta name=\"twitter:label1\" content=\"Verfasst von\" \/>\n\t<meta name=\"twitter:data1\" content=\"Christopher Fraas\" \/>\n\t<meta name=\"twitter:label2\" content=\"Gesch\u00e4tzte Lesezeit\" \/>\n\t<meta name=\"twitter:data2\" content=\"6\u00a0Minuten\" \/>\n<script type=\"application\/ld+json\" class=\"yoast-schema-graph\">{\"@context\":\"https:\\\/\\\/schema.org\",\"@graph\":[{\"@type\":\"Article\",\"@id\":\"https:\\\/\\\/www.designreisen.de\\\/magazin\\\/soneva-jani-event\\\/#article\",\"isPartOf\":{\"@id\":\"https:\\\/\\\/www.designreisen.de\\\/magazin\\\/soneva-jani-event\\\/\"},\"author\":{\"name\":\"Christopher Fraas\",\"@id\":\"https:\\\/\\\/www.designreisen.de\\\/magazin\\\/#\\\/schema\\\/person\\\/6beaae301b974adff76f70caf312d595\"},\"headline\":\"Soneva Jani: Die Malediven in M\u00fcnchen\",\"datePublished\":\"2017-07-05T10:17:09+00:00\",\"dateModified\":\"2023-02-23T16:35:22+00:00\",\"mainEntityOfPage\":{\"@id\":\"https:\\\/\\\/www.designreisen.de\\\/magazin\\\/soneva-jani-event\\\/\"},\"wordCount\":905,\"commentCount\":0,\"image\":{\"@id\":\"https:\\\/\\\/www.designreisen.de\\\/magazin\\\/soneva-jani-event\\\/#primaryimage\"},\"thumbnailUrl\":\"https:\\\/\\\/www.designreisen.de\\\/magazin\\\/wp-content\\\/uploads\\\/2017\\\/07\\\/Soneva-Jani-Event-1-von-29.png\",\"keywords\":[\"event\",\"Malediven\",\"soneva jani\"],\"articleSection\":[\"Inside Designreisen\"],\"inLanguage\":\"de\",\"potentialAction\":[{\"@type\":\"CommentAction\",\"name\":\"Comment\",\"target\":[\"https:\\\/\\\/www.designreisen.de\\\/magazin\\\/soneva-jani-event\\\/#respond\"]}]},{\"@type\":\"WebPage\",\"@id\":\"https:\\\/\\\/www.designreisen.de\\\/magazin\\\/soneva-jani-event\\\/\",\"url\":\"https:\\\/\\\/www.designreisen.de\\\/magazin\\\/soneva-jani-event\\\/\",\"name\":\"Soneva Jani: Die Malediven in M\u00fcnchen\",\"isPartOf\":{\"@id\":\"https:\\\/\\\/www.designreisen.de\\\/magazin\\\/#website\"},\"primaryImageOfPage\":{\"@id\":\"https:\\\/\\\/www.designreisen.de\\\/magazin\\\/soneva-jani-event\\\/#primaryimage\"},\"image\":{\"@id\":\"https:\\\/\\\/www.designreisen.de\\\/magazin\\\/soneva-jani-event\\\/#primaryimage\"},\"thumbnailUrl\":\"https:\\\/\\\/www.designreisen.de\\\/magazin\\\/wp-content\\\/uploads\\\/2017\\\/07\\\/Soneva-Jani-Event-1-von-29.png\",\"datePublished\":\"2017-07-05T10:17:09+00:00\",\"dateModified\":\"2023-02-23T16:35:22+00:00\",\"author\":{\"@id\":\"https:\\\/\\\/www.designreisen.de\\\/magazin\\\/#\\\/schema\\\/person\\\/6beaae301b974adff76f70caf312d595\"},\"description\":\"Christopher Fraas, Lifestyle, Fashion und Travel Blogger, besuchte am 8. Juni 2017 den exklusiven Soneva Jani Event von DESIGNREISEN in M\u00fcnchen.\",\"breadcrumb\":{\"@id\":\"https:\\\/\\\/www.designreisen.de\\\/magazin\\\/soneva-jani-event\\\/#breadcrumb\"},\"inLanguage\":\"de\",\"potentialAction\":[{\"@type\":\"ReadAction\",\"target\":[\"https:\\\/\\\/www.designreisen.de\\\/magazin\\\/soneva-jani-event\\\/\"]}]},{\"@type\":\"ImageObject\",\"inLanguage\":\"de\",\"@id\":\"https:\\\/\\\/www.designreisen.de\\\/magazin\\\/soneva-jani-event\\\/#primaryimage\",\"url\":\"https:\\\/\\\/www.designreisen.de\\\/magazin\\\/wp-content\\\/uploads\\\/2017\\\/07\\\/Soneva-Jani-Event-1-von-29.png\",\"contentUrl\":\"https:\\\/\\\/www.designreisen.de\\\/magazin\\\/wp-content\\\/uploads\\\/2017\\\/07\\\/Soneva-Jani-Event-1-von-29.png\",\"width\":713,\"height\":475,\"caption\":\"Familie Kaiser und Sommelier Charles Brun\"},{\"@type\":\"BreadcrumbList\",\"@id\":\"https:\\\/\\\/www.designreisen.de\\\/magazin\\\/soneva-jani-event\\\/#breadcrumb\",\"itemListElement\":[{\"@type\":\"ListItem\",\"position\":1,\"name\":\"Home\",\"item\":\"https:\\\/\\\/www.designreisen.de\\\/magazin\\\/\"},{\"@type\":\"ListItem\",\"position\":2,\"name\":\"Soneva Jani: Die Malediven in M\u00fcnchen\"}]},{\"@type\":\"WebSite\",\"@id\":\"https:\\\/\\\/www.designreisen.de\\\/magazin\\\/#website\",\"url\":\"https:\\\/\\\/www.designreisen.de\\\/magazin\\\/\",\"name\":\"Connection to Paradise | Luxusreiseblog\",\"description\":\"Der exklusive Reiseblog von DESIGNREISEN\",\"potentialAction\":[{\"@type\":\"SearchAction\",\"target\":{\"@type\":\"EntryPoint\",\"urlTemplate\":\"https:\\\/\\\/www.designreisen.de\\\/magazin\\\/?s={search_term_string}\"},\"query-input\":{\"@type\":\"PropertyValueSpecification\",\"valueRequired\":true,\"valueName\":\"search_term_string\"}}],\"inLanguage\":\"de\"},{\"@type\":\"Person\",\"@id\":\"https:\\\/\\\/www.designreisen.de\\\/magazin\\\/#\\\/schema\\\/person\\\/6beaae301b974adff76f70caf312d595\",\"name\":\"Christopher Fraas\",\"image\":{\"@type\":\"ImageObject\",\"inLanguage\":\"de\",\"@id\":\"https:\\\/\\\/www.designreisen.de\\\/magazin\\\/wp-content\\\/uploads\\\/2017\\\/07\\\/Christopher-Fraas_avatar_1499249827-96x96.jpg\",\"url\":\"https:\\\/\\\/www.designreisen.de\\\/magazin\\\/wp-content\\\/uploads\\\/2017\\\/07\\\/Christopher-Fraas_avatar_1499249827-96x96.jpg\",\"contentUrl\":\"https:\\\/\\\/www.designreisen.de\\\/magazin\\\/wp-content\\\/uploads\\\/2017\\\/07\\\/Christopher-Fraas_avatar_1499249827-96x96.jpg\",\"caption\":\"Christopher Fraas\"},\"description\":\"Lifestyle, Fashion und Travel Blogger auf www.trendeditbychris.com und Influencer @chrisfraas.\",\"sameAs\":[\"http:\\\/\\\/www.trendeditbychris.com\",\"https:\\\/\\\/www.facebook.com\\\/trendeditbychris\\\/\",\"https:\\\/\\\/www.instagram.com\\\/chrisfraas\\\/\"]}]}<\/script>\n<!-- \/ Yoast SEO plugin. -->","yoast_head_json":{"title":"Soneva Jani: Die Malediven in M\u00fcnchen","description":"Christopher Fraas, Lifestyle, Fashion und Travel Blogger, besuchte am 8. Juni 2017 den exklusiven Soneva Jani Event von DESIGNREISEN in M\u00fcnchen.","robots":{"index":"index","follow":"follow","max-snippet":"max-snippet:-1","max-image-preview":"max-image-preview:large","max-video-preview":"max-video-preview:-1"},"canonical":"https:\/\/www.designreisen.de\/magazin\/soneva-jani-event\/","og_locale":"de_DE","og_type":"article","og_title":"Soneva Jani Event: Die Malediven zu Gast in M\u00fcnchen","og_description":"Christopher Fraas, Lifestyle, Fashion und Travel Blogger, besuchte am 8. Juni 2017 den exklusiven Soneva Jani Event von DESIGNREISEN in M\u00fcnchen.","og_url":"https:\/\/www.designreisen.de\/magazin\/soneva-jani-event\/","og_site_name":"Connection to Paradise | Luxusreiseblog","article_publisher":"https:\/\/www.facebook.com\/Designreisen\/","article_author":"https:\/\/www.facebook.com\/trendeditbychris\/","article_published_time":"2017-07-05T10:17:09+00:00","article_modified_time":"2023-02-23T16:35:22+00:00","og_image":[{"width":713,"height":475,"url":"https:\/\/www.designreisen.de\/magazin\/wp-content\/uploads\/2017\/07\/Soneva-Jani_Cover.jpg","type":"image\/jpeg"}],"author":"Christopher Fraas","twitter_card":"summary_large_image","twitter_title":"Soneva Jani Event: Die Malediven zu Gast in M\u00fcnchen","twitter_description":"Christopher Fraas, Lifestyle, Fashion und Travel Blogger, besuchte am 8. Juni 2017 den exklusiven Soneva Jani Event von DESIGNREISEN in M\u00fcnchen.","twitter_image":"https:\/\/www.designreisen.de\/magazin\/wp-content\/uploads\/2017\/07\/Soneva-Jani_Cover.jpg","twitter_misc":{"Verfasst von":"Christopher Fraas","Gesch\u00e4tzte Lesezeit":"6\u00a0Minuten"},"schema":{"@context":"https:\/\/schema.org","@graph":[{"@type":"Article","@id":"https:\/\/www.designreisen.de\/magazin\/soneva-jani-event\/#article","isPartOf":{"@id":"https:\/\/www.designreisen.de\/magazin\/soneva-jani-event\/"},"author":{"name":"Christopher Fraas","@id":"https:\/\/www.designreisen.de\/magazin\/#\/schema\/person\/6beaae301b974adff76f70caf312d595"},"headline":"Soneva Jani: Die Malediven in M\u00fcnchen","datePublished":"2017-07-05T10:17:09+00:00","dateModified":"2023-02-23T16:35:22+00:00","mainEntityOfPage":{"@id":"https:\/\/www.designreisen.de\/magazin\/soneva-jani-event\/"},"wordCount":905,"commentCount":0,"image":{"@id":"https:\/\/www.designreisen.de\/magazin\/soneva-jani-event\/#primaryimage"},"thumbnailUrl":"https:\/\/www.designreisen.de\/magazin\/wp-content\/uploads\/2017\/07\/Soneva-Jani-Event-1-von-29.png","keywords":["event","Malediven","soneva jani"],"articleSection":["Inside Designreisen"],"inLanguage":"de","potentialAction":[{"@type":"CommentAction","name":"Comment","target":["https:\/\/www.designreisen.de\/magazin\/soneva-jani-event\/#respond"]}]},{"@type":"WebPage","@id":"https:\/\/www.designreisen.de\/magazin\/soneva-jani-event\/","url":"https:\/\/www.designreisen.de\/magazin\/soneva-jani-event\/","name":"Soneva Jani: Die Malediven in M\u00fcnchen","isPartOf":{"@id":"https:\/\/www.designreisen.de\/magazin\/#website"},"primaryImageOfPage":{"@id":"https:\/\/www.designreisen.de\/magazin\/soneva-jani-event\/#primaryimage"},"image":{"@id":"https:\/\/www.designreisen.de\/magazin\/soneva-jani-event\/#primaryimage"},"thumbnailUrl":"https:\/\/www.designreisen.de\/magazin\/wp-content\/uploads\/2017\/07\/Soneva-Jani-Event-1-von-29.png","datePublished":"2017-07-05T10:17:09+00:00","dateModified":"2023-02-23T16:35:22+00:00","author":{"@id":"https:\/\/www.designreisen.de\/magazin\/#\/schema\/person\/6beaae301b974adff76f70caf312d595"},"description":"Christopher Fraas, Lifestyle, Fashion und Travel Blogger, besuchte am 8. Juni 2017 den exklusiven Soneva Jani Event von DESIGNREISEN in M\u00fcnchen.","breadcrumb":{"@id":"https:\/\/www.designreisen.de\/magazin\/soneva-jani-event\/#breadcrumb"},"inLanguage":"de","potentialAction":[{"@type":"ReadAction","target":["https:\/\/www.designreisen.de\/magazin\/soneva-jani-event\/"]}]},{"@type":"ImageObject","inLanguage":"de","@id":"https:\/\/www.designreisen.de\/magazin\/soneva-jani-event\/#primaryimage","url":"https:\/\/www.designreisen.de\/magazin\/wp-content\/uploads\/2017\/07\/Soneva-Jani-Event-1-von-29.png","contentUrl":"https:\/\/www.designreisen.de\/magazin\/wp-content\/uploads\/2017\/07\/Soneva-Jani-Event-1-von-29.png","width":713,"height":475,"caption":"Familie Kaiser und Sommelier Charles Brun"},{"@type":"BreadcrumbList","@id":"https:\/\/www.designreisen.de\/magazin\/soneva-jani-event\/#breadcrumb","itemListElement":[{"@type":"ListItem","position":1,"name":"Home","item":"https:\/\/www.designreisen.de\/magazin\/"},{"@type":"ListItem","position":2,"name":"Soneva Jani: Die Malediven in M\u00fcnchen"}]},{"@type":"WebSite","@id":"https:\/\/www.designreisen.de\/magazin\/#website","url":"https:\/\/www.designreisen.de\/magazin\/","name":"Connection to Paradise | Luxusreiseblog","description":"Der exklusive Reiseblog von DESIGNREISEN","potentialAction":[{"@type":"SearchAction","target":{"@type":"EntryPoint","urlTemplate":"https:\/\/www.designreisen.de\/magazin\/?s={search_term_string}"},"query-input":{"@type":"PropertyValueSpecification","valueRequired":true,"valueName":"search_term_string"}}],"inLanguage":"de"},{"@type":"Person","@id":"https:\/\/www.designreisen.de\/magazin\/#\/schema\/person\/6beaae301b974adff76f70caf312d595","name":"Christopher Fraas","image":{"@type":"ImageObject","inLanguage":"de","@id":"https:\/\/www.designreisen.de\/magazin\/wp-content\/uploads\/2017\/07\/Christopher-Fraas_avatar_1499249827-96x96.jpg","url":"https:\/\/www.designreisen.de\/magazin\/wp-content\/uploads\/2017\/07\/Christopher-Fraas_avatar_1499249827-96x96.jpg","contentUrl":"https:\/\/www.designreisen.de\/magazin\/wp-content\/uploads\/2017\/07\/Christopher-Fraas_avatar_1499249827-96x96.jpg","caption":"Christopher Fraas"},"description":"Lifestyle, Fashion und Travel Blogger auf www.trendeditbychris.com und Influencer @chrisfraas.","sameAs":["http:\/\/www.trendeditbychris.com","https:\/\/www.facebook.com\/trendeditbychris\/","https:\/\/www.instagram.com\/chrisfraas\/"]}]}},"_links":{"self":[{"href":"https:\/\/www.designreisen.de\/magazin\/wp-json\/wp\/v2\/posts\/1923","targetHints":{"allow":["GET"]}}],"collection":[{"href":"https:\/\/www.designreisen.de\/magazin\/wp-json\/wp\/v2\/posts"}],"about":[{"href":"https:\/\/www.designreisen.de\/magazin\/wp-json\/wp\/v2\/types\/post"}],"author":[{"embeddable":true,"href":"https:\/\/www.designreisen.de\/magazin\/wp-json\/wp\/v2\/users\/23"}],"replies":[{"embeddable":true,"href":"https:\/\/www.designreisen.de\/magazin\/wp-json\/wp\/v2\/comments?post=1923"}],"version-history":[{"count":23,"href":"https:\/\/www.designreisen.de\/magazin\/wp-json\/wp\/v2\/posts\/1923\/revisions"}],"predecessor-version":[{"id":8007,"href":"https:\/\/www.designreisen.de\/magazin\/wp-json\/wp\/v2\/posts\/1923\/revisions\/8007"}],"wp:featuredmedia":[{"embeddable":true,"href":"https:\/\/www.designreisen.de\/magazin\/wp-json\/wp\/v2\/media\/1924"}],"wp:attachment":[{"href":"https:\/\/www.designreisen.de\/magazin\/wp-json\/wp\/v2\/media?parent=1923"}],"wp:term":[{"taxonomy":"category","embeddable":true,"href":"https:\/\/www.designreisen.de\/magazin\/wp-json\/wp\/v2\/categories?post=1923"},{"taxonomy":"post_tag","embeddable":true,"href":"https:\/\/www.designreisen.de\/magazin\/wp-json\/wp\/v2\/tags?post=1923"}],"curies":[{"name":"wp","href":"https:\/\/api.w.org\/{rel}","templated":true}]}}