{"id":3138,"date":"2018-10-16T12:45:43","date_gmt":"2018-10-16T10:45:43","guid":{"rendered":"https:\/\/www.designreisen.de\/magazin\/?p=3138"},"modified":"2022-07-14T15:33:30","modified_gmt":"2022-07-14T13:33:30","slug":"we-are-the-champions","status":"publish","type":"post","link":"https:\/\/www.designreisen.de\/magazin\/we-are-the-champions\/","title":{"rendered":"We are the Champions"},"content":{"rendered":"<p>Das f\u00fchrende Magazin f\u00fcr Touristik und Business Travel FVW hat DESIGNREISEN mit dem <a href=\"https:\/\/www.fvw.de\/news\/vertrieb\/preisverleihung-das-sind-die-fvw-touristik-champions-2018\/393\/192006\/18082\">Touristik Champions Award<\/a> ausgezeichnet.<\/p>\n<p>Mitte September dieses Jahres verlieh die fvw, das Fachmagazin f\u00fcr Tourismusexperten, erstmalig den Machern der Reisebranche den Touristik Champions Award. Eine hochkar\u00e4tig besetzte Jury w\u00e4hlte in zehn Kategorien die besten Reisb\u00fcros aus, die dann auf dem fvw-Kongress in K\u00f6ln geehrt wurden.<\/p>\n<p>Der Weg zur Preisw\u00fcrdigkeit ist oft langwierig und verworren. Nicht so f\u00fcr Marion Aliabadi, Gesch\u00e4ftsf\u00fchrerin von Designreisen. Seit 15 Jahren verkauft die Touristik-Expertin mit viel Feingef\u00fchl, Leidenschaft und Perfektion exklusive Reisen in die ganze Welt. An Auszeichnungen mangelt es ihrem Unternehmen nicht. Dennoch ist die j\u00fcngste Auszeichnung als \u201eFvw-Touristik Champion\u201c f\u00fcr sie von besonderer Bedeutung:<\/p>\n<p>Auf dem diesj\u00e4hrigen Fvw-Kongress in K\u00f6ln pr\u00e4mierte das Tourismus-Fachmagazin gemeinsam mit den Aktionspartnern AERTicket, AIDA, Alltours, LMX Touristik und MSC Kreuzfahrten erstmalig die zehn besten Reiseb\u00fcros Deutschlands mit dem \u201eTouristik Champions Award\u201c. Honoriert wurden wegweisende Ideen und herausragende Leistungen der Reiseb\u00fcros.<\/p>\n<blockquote>\n<p style=\"text-align: center;\">\u201eEs ist wichtig, sich in die Kunden<br \/>\nund ihre Gef\u00fchlswelt hineinzuversetzen.\u201c<br \/>\nMarion Aliabadi<\/p>\n<\/blockquote>\n<p>Designreisen konnte in der Kategorie Luxus die Jury \u00fcberzeugen. Kein Wunder, denn der exklusive Travelstore in M\u00fcnchen ist kein normales Reiseb\u00fcro, sondern vielmehr ein Raum f\u00fcr neue Visionen. \u201eBei uns betritt der Kunde eine einmalige Reisewelt, die die Vorstellungskraft von Reisen neu definiert und alle Sinne ber\u00fchrt\u201c, sagt Marion Aliabadi stolz. Designreisen verkauft nicht einfach Reisen von der Stange. Ganz im Gegenteil. \u201eEs ist wichtig, sich in die Kunden und ihre Gef\u00fchlswelt hineinzuversetzen.\u201c Nur so kann man einmalige Reisen designen. Denn zweimalig gibt es bei Designreisen nicht.<\/p>\n<p>Das hat auch die elfk\u00f6pfige Jury zu sch\u00e4tzen gewusst. Der Grund f\u00fcr die Pr\u00e4mierung ist laut Jury-Mitglied Kevin Keogh, Gesch\u00e4ftsbereichsleiter DER Touristik Deutschland, eindeutig die \u201eklare Positionierung und kreative Art, das Segment zu bedienen.\u201c<\/p>\n<blockquote>\n<p style=\"text-align: center;\">Designreisen bedient individuelle W\u00fcnsche<br \/>\nbesonders anspruchsvoller Urlauber<\/p>\n<\/blockquote>\n<p>Bei der Siegerehrung auf der Kongressb\u00fchne in K\u00f6ln stand Marion Aliabadi neben neun weiteren innovativen Preistr\u00e4gern und Preistr\u00e4gerinnen, die alle ob ihrer unternehmerischen Klasse ausgezeichnet wurden. Marion Aliabadi wei\u00df, dass dieser Erfolg nicht alleine ihr Verdienst ist. Ohne ihr au\u00dfergew\u00f6hnliches, 25-k\u00f6pfiges Expertenteam h\u00e4tte sie die Auszeichnung nicht entgegennehmen k\u00f6nnen.<\/p>\n","protected":false},"excerpt":{"rendered":"<p>Das f\u00fchrende Magazin f\u00fcr Touristik und Business Travel FVW hat DESIGNREISEN mit dem Touristik Champions Award ausgezeichnet. Mitte September dieses Jahres verlieh die fvw, das Fachmagazin f\u00fcr Tourismusexperten, erstmalig den Machern der Reisebranche den Touristik Champions Award. Eine hochkar\u00e4tig besetzte Jury w\u00e4hlte in zehn Kategorien die besten Reisb\u00fcros aus, die dann auf dem fvw-Kongress in [&hellip;]<\/p>\n","protected":false},"author":21,"featured_media":4115,"comment_status":"open","ping_status":"open","sticky":false,"template":"","format":"standard","meta":{"_acf_changed":false,"footnotes":""},"categories":[85],"tags":[188,186,187],"class_list":["post-3138","post","type-post","status-publish","format-standard","has-post-thumbnail","hentry","category-inside-designreisen","tag-award","tag-fvw","tag-touristik-champion-2018"],"acf":[],"yoast_head":"<!-- This site is optimized with the Yoast SEO plugin v27.5 - https:\/\/yoast.com\/product\/yoast-seo-wordpress\/ -->\n<title>We are the Champions - Connection to Paradise | Luxusreiseblog<\/title>\n<meta name=\"robots\" content=\"index, follow, max-snippet:-1, max-image-preview:large, max-video-preview:-1\" \/>\n<link rel=\"canonical\" href=\"https:\/\/www.designreisen.de\/magazin\/we-are-the-champions\/\" \/>\n<meta property=\"og:locale\" content=\"de_DE\" \/>\n<meta property=\"og:type\" content=\"article\" \/>\n<meta property=\"og:title\" content=\"We are the Champions - Connection to Paradise | Luxusreiseblog\" \/>\n<meta property=\"og:description\" content=\"Das f\u00fchrende Magazin f\u00fcr Touristik und Business Travel FVW hat DESIGNREISEN mit dem Touristik Champions Award ausgezeichnet. Mitte September dieses Jahres verlieh die fvw, das Fachmagazin f\u00fcr Tourismusexperten, erstmalig den Machern der Reisebranche den Touristik Champions Award. Eine hochkar\u00e4tig besetzte Jury w\u00e4hlte in zehn Kategorien die besten Reisb\u00fcros aus, die dann auf dem fvw-Kongress in [&hellip;]\" \/>\n<meta property=\"og:url\" content=\"https:\/\/www.designreisen.de\/magazin\/we-are-the-champions\/\" \/>\n<meta property=\"og:site_name\" content=\"Connection to Paradise | Luxusreiseblog\" \/>\n<meta property=\"article:publisher\" content=\"https:\/\/www.facebook.com\/Designreisen\/\" \/>\n<meta property=\"article:published_time\" content=\"2018-10-16T10:45:43+00:00\" \/>\n<meta property=\"article:modified_time\" content=\"2022-07-14T13:33:30+00:00\" \/>\n<meta property=\"og:image\" content=\"https:\/\/www.designreisen.de\/magazin\/wp-content\/uploads\/2018\/10\/bearbeitet.jpg\" \/>\n\t<meta property=\"og:image:width\" content=\"1920\" \/>\n\t<meta property=\"og:image:height\" content=\"1080\" \/>\n\t<meta property=\"og:image:type\" content=\"image\/jpeg\" \/>\n<meta name=\"author\" content=\"Saskia Engelhardt\" \/>\n<meta name=\"twitter:card\" content=\"summary_large_image\" \/>\n<meta name=\"twitter:label1\" content=\"Verfasst von\" \/>\n\t<meta name=\"twitter:data1\" content=\"Saskia Engelhardt\" \/>\n\t<meta name=\"twitter:label2\" content=\"Gesch\u00e4tzte Lesezeit\" \/>\n\t<meta name=\"twitter:data2\" content=\"2\u00a0Minuten\" \/>\n<script type=\"application\/ld+json\" class=\"yoast-schema-graph\">{\"@context\":\"https:\\\/\\\/schema.org\",\"@graph\":[{\"@type\":\"Article\",\"@id\":\"https:\\\/\\\/www.designreisen.de\\\/magazin\\\/we-are-the-champions\\\/#article\",\"isPartOf\":{\"@id\":\"https:\\\/\\\/www.designreisen.de\\\/magazin\\\/we-are-the-champions\\\/\"},\"author\":{\"name\":\"Saskia Engelhardt\",\"@id\":\"https:\\\/\\\/www.designreisen.de\\\/magazin\\\/#\\\/schema\\\/person\\\/12397d80def4012d2ad8c62a045b8dea\"},\"headline\":\"We are the Champions\",\"datePublished\":\"2018-10-16T10:45:43+00:00\",\"dateModified\":\"2022-07-14T13:33:30+00:00\",\"mainEntityOfPage\":{\"@id\":\"https:\\\/\\\/www.designreisen.de\\\/magazin\\\/we-are-the-champions\\\/\"},\"wordCount\":387,\"commentCount\":1,\"image\":{\"@id\":\"https:\\\/\\\/www.designreisen.de\\\/magazin\\\/we-are-the-champions\\\/#primaryimage\"},\"thumbnailUrl\":\"https:\\\/\\\/www.designreisen.de\\\/magazin\\\/wp-content\\\/uploads\\\/2018\\\/10\\\/bearbeitet.jpg\",\"keywords\":[\"award\",\"fvw\",\"Touristik Champion 2018\"],\"articleSection\":[\"Inside Designreisen\"],\"inLanguage\":\"de\",\"potentialAction\":[{\"@type\":\"CommentAction\",\"name\":\"Comment\",\"target\":[\"https:\\\/\\\/www.designreisen.de\\\/magazin\\\/we-are-the-champions\\\/#respond\"]}]},{\"@type\":\"WebPage\",\"@id\":\"https:\\\/\\\/www.designreisen.de\\\/magazin\\\/we-are-the-champions\\\/\",\"url\":\"https:\\\/\\\/www.designreisen.de\\\/magazin\\\/we-are-the-champions\\\/\",\"name\":\"We are the Champions - Connection to Paradise | Luxusreiseblog\",\"isPartOf\":{\"@id\":\"https:\\\/\\\/www.designreisen.de\\\/magazin\\\/#website\"},\"primaryImageOfPage\":{\"@id\":\"https:\\\/\\\/www.designreisen.de\\\/magazin\\\/we-are-the-champions\\\/#primaryimage\"},\"image\":{\"@id\":\"https:\\\/\\\/www.designreisen.de\\\/magazin\\\/we-are-the-champions\\\/#primaryimage\"},\"thumbnailUrl\":\"https:\\\/\\\/www.designreisen.de\\\/magazin\\\/wp-content\\\/uploads\\\/2018\\\/10\\\/bearbeitet.jpg\",\"datePublished\":\"2018-10-16T10:45:43+00:00\",\"dateModified\":\"2022-07-14T13:33:30+00:00\",\"author\":{\"@id\":\"https:\\\/\\\/www.designreisen.de\\\/magazin\\\/#\\\/schema\\\/person\\\/12397d80def4012d2ad8c62a045b8dea\"},\"breadcrumb\":{\"@id\":\"https:\\\/\\\/www.designreisen.de\\\/magazin\\\/we-are-the-champions\\\/#breadcrumb\"},\"inLanguage\":\"de\",\"potentialAction\":[{\"@type\":\"ReadAction\",\"target\":[\"https:\\\/\\\/www.designreisen.de\\\/magazin\\\/we-are-the-champions\\\/\"]}]},{\"@type\":\"ImageObject\",\"inLanguage\":\"de\",\"@id\":\"https:\\\/\\\/www.designreisen.de\\\/magazin\\\/we-are-the-champions\\\/#primaryimage\",\"url\":\"https:\\\/\\\/www.designreisen.de\\\/magazin\\\/wp-content\\\/uploads\\\/2018\\\/10\\\/bearbeitet.jpg\",\"contentUrl\":\"https:\\\/\\\/www.designreisen.de\\\/magazin\\\/wp-content\\\/uploads\\\/2018\\\/10\\\/bearbeitet.jpg\",\"width\":1920,\"height\":1080},{\"@type\":\"BreadcrumbList\",\"@id\":\"https:\\\/\\\/www.designreisen.de\\\/magazin\\\/we-are-the-champions\\\/#breadcrumb\",\"itemListElement\":[{\"@type\":\"ListItem\",\"position\":1,\"name\":\"Home\",\"item\":\"https:\\\/\\\/www.designreisen.de\\\/magazin\\\/\"},{\"@type\":\"ListItem\",\"position\":2,\"name\":\"We are the Champions\"}]},{\"@type\":\"WebSite\",\"@id\":\"https:\\\/\\\/www.designreisen.de\\\/magazin\\\/#website\",\"url\":\"https:\\\/\\\/www.designreisen.de\\\/magazin\\\/\",\"name\":\"Connection to Paradise | Luxusreiseblog\",\"description\":\"Der exklusive Reiseblog von DESIGNREISEN\",\"potentialAction\":[{\"@type\":\"SearchAction\",\"target\":{\"@type\":\"EntryPoint\",\"urlTemplate\":\"https:\\\/\\\/www.designreisen.de\\\/magazin\\\/?s={search_term_string}\"},\"query-input\":{\"@type\":\"PropertyValueSpecification\",\"valueRequired\":true,\"valueName\":\"search_term_string\"}}],\"inLanguage\":\"de\"},{\"@type\":\"Person\",\"@id\":\"https:\\\/\\\/www.designreisen.de\\\/magazin\\\/#\\\/schema\\\/person\\\/12397d80def4012d2ad8c62a045b8dea\",\"name\":\"Saskia Engelhardt\",\"image\":{\"@type\":\"ImageObject\",\"inLanguage\":\"de\",\"@id\":\"https:\\\/\\\/www.designreisen.de\\\/magazin\\\/wp-content\\\/uploads\\\/2018\\\/03\\\/Saskia-Engelhardt_avatar_1521621043-96x96.jpg\",\"url\":\"https:\\\/\\\/www.designreisen.de\\\/magazin\\\/wp-content\\\/uploads\\\/2018\\\/03\\\/Saskia-Engelhardt_avatar_1521621043-96x96.jpg\",\"contentUrl\":\"https:\\\/\\\/www.designreisen.de\\\/magazin\\\/wp-content\\\/uploads\\\/2018\\\/03\\\/Saskia-Engelhardt_avatar_1521621043-96x96.jpg\",\"caption\":\"Saskia Engelhardt\"},\"description\":\"Saskia Engelhardt hat zehn Jahre f\u00fcr die Reise- und Beilagenredaktion der \\\"S\u00fcddeutschen Zeitung\\\" gearbeitet. Zu ihren Spezialgebieten z\u00e4hlen Genuss- und Outdoor-Themen sowie Italien. Heute lebt sie mit ihrem Mann und drei Kindern am Gardasee.\ufeff\"}]}<\/script>\n<!-- \/ Yoast SEO plugin. -->","yoast_head_json":{"title":"We are the Champions - Connection to Paradise | Luxusreiseblog","robots":{"index":"index","follow":"follow","max-snippet":"max-snippet:-1","max-image-preview":"max-image-preview:large","max-video-preview":"max-video-preview:-1"},"canonical":"https:\/\/www.designreisen.de\/magazin\/we-are-the-champions\/","og_locale":"de_DE","og_type":"article","og_title":"We are the Champions - Connection to Paradise | Luxusreiseblog","og_description":"Das f\u00fchrende Magazin f\u00fcr Touristik und Business Travel FVW hat DESIGNREISEN mit dem Touristik Champions Award ausgezeichnet. Mitte September dieses Jahres verlieh die fvw, das Fachmagazin f\u00fcr Tourismusexperten, erstmalig den Machern der Reisebranche den Touristik Champions Award. Eine hochkar\u00e4tig besetzte Jury w\u00e4hlte in zehn Kategorien die besten Reisb\u00fcros aus, die dann auf dem fvw-Kongress in [&hellip;]","og_url":"https:\/\/www.designreisen.de\/magazin\/we-are-the-champions\/","og_site_name":"Connection to Paradise | Luxusreiseblog","article_publisher":"https:\/\/www.facebook.com\/Designreisen\/","article_published_time":"2018-10-16T10:45:43+00:00","article_modified_time":"2022-07-14T13:33:30+00:00","og_image":[{"width":1920,"height":1080,"url":"https:\/\/www.designreisen.de\/magazin\/wp-content\/uploads\/2018\/10\/bearbeitet.jpg","type":"image\/jpeg"}],"author":"Saskia Engelhardt","twitter_card":"summary_large_image","twitter_misc":{"Verfasst von":"Saskia Engelhardt","Gesch\u00e4tzte Lesezeit":"2\u00a0Minuten"},"schema":{"@context":"https:\/\/schema.org","@graph":[{"@type":"Article","@id":"https:\/\/www.designreisen.de\/magazin\/we-are-the-champions\/#article","isPartOf":{"@id":"https:\/\/www.designreisen.de\/magazin\/we-are-the-champions\/"},"author":{"name":"Saskia Engelhardt","@id":"https:\/\/www.designreisen.de\/magazin\/#\/schema\/person\/12397d80def4012d2ad8c62a045b8dea"},"headline":"We are the Champions","datePublished":"2018-10-16T10:45:43+00:00","dateModified":"2022-07-14T13:33:30+00:00","mainEntityOfPage":{"@id":"https:\/\/www.designreisen.de\/magazin\/we-are-the-champions\/"},"wordCount":387,"commentCount":1,"image":{"@id":"https:\/\/www.designreisen.de\/magazin\/we-are-the-champions\/#primaryimage"},"thumbnailUrl":"https:\/\/www.designreisen.de\/magazin\/wp-content\/uploads\/2018\/10\/bearbeitet.jpg","keywords":["award","fvw","Touristik Champion 2018"],"articleSection":["Inside Designreisen"],"inLanguage":"de","potentialAction":[{"@type":"CommentAction","name":"Comment","target":["https:\/\/www.designreisen.de\/magazin\/we-are-the-champions\/#respond"]}]},{"@type":"WebPage","@id":"https:\/\/www.designreisen.de\/magazin\/we-are-the-champions\/","url":"https:\/\/www.designreisen.de\/magazin\/we-are-the-champions\/","name":"We are the Champions - Connection to Paradise | Luxusreiseblog","isPartOf":{"@id":"https:\/\/www.designreisen.de\/magazin\/#website"},"primaryImageOfPage":{"@id":"https:\/\/www.designreisen.de\/magazin\/we-are-the-champions\/#primaryimage"},"image":{"@id":"https:\/\/www.designreisen.de\/magazin\/we-are-the-champions\/#primaryimage"},"thumbnailUrl":"https:\/\/www.designreisen.de\/magazin\/wp-content\/uploads\/2018\/10\/bearbeitet.jpg","datePublished":"2018-10-16T10:45:43+00:00","dateModified":"2022-07-14T13:33:30+00:00","author":{"@id":"https:\/\/www.designreisen.de\/magazin\/#\/schema\/person\/12397d80def4012d2ad8c62a045b8dea"},"breadcrumb":{"@id":"https:\/\/www.designreisen.de\/magazin\/we-are-the-champions\/#breadcrumb"},"inLanguage":"de","potentialAction":[{"@type":"ReadAction","target":["https:\/\/www.designreisen.de\/magazin\/we-are-the-champions\/"]}]},{"@type":"ImageObject","inLanguage":"de","@id":"https:\/\/www.designreisen.de\/magazin\/we-are-the-champions\/#primaryimage","url":"https:\/\/www.designreisen.de\/magazin\/wp-content\/uploads\/2018\/10\/bearbeitet.jpg","contentUrl":"https:\/\/www.designreisen.de\/magazin\/wp-content\/uploads\/2018\/10\/bearbeitet.jpg","width":1920,"height":1080},{"@type":"BreadcrumbList","@id":"https:\/\/www.designreisen.de\/magazin\/we-are-the-champions\/#breadcrumb","itemListElement":[{"@type":"ListItem","position":1,"name":"Home","item":"https:\/\/www.designreisen.de\/magazin\/"},{"@type":"ListItem","position":2,"name":"We are the Champions"}]},{"@type":"WebSite","@id":"https:\/\/www.designreisen.de\/magazin\/#website","url":"https:\/\/www.designreisen.de\/magazin\/","name":"Connection to Paradise | Luxusreiseblog","description":"Der exklusive Reiseblog von DESIGNREISEN","potentialAction":[{"@type":"SearchAction","target":{"@type":"EntryPoint","urlTemplate":"https:\/\/www.designreisen.de\/magazin\/?s={search_term_string}"},"query-input":{"@type":"PropertyValueSpecification","valueRequired":true,"valueName":"search_term_string"}}],"inLanguage":"de"},{"@type":"Person","@id":"https:\/\/www.designreisen.de\/magazin\/#\/schema\/person\/12397d80def4012d2ad8c62a045b8dea","name":"Saskia Engelhardt","image":{"@type":"ImageObject","inLanguage":"de","@id":"https:\/\/www.designreisen.de\/magazin\/wp-content\/uploads\/2018\/03\/Saskia-Engelhardt_avatar_1521621043-96x96.jpg","url":"https:\/\/www.designreisen.de\/magazin\/wp-content\/uploads\/2018\/03\/Saskia-Engelhardt_avatar_1521621043-96x96.jpg","contentUrl":"https:\/\/www.designreisen.de\/magazin\/wp-content\/uploads\/2018\/03\/Saskia-Engelhardt_avatar_1521621043-96x96.jpg","caption":"Saskia Engelhardt"},"description":"Saskia Engelhardt hat zehn Jahre f\u00fcr die Reise- und Beilagenredaktion der \"S\u00fcddeutschen Zeitung\" gearbeitet. Zu ihren Spezialgebieten z\u00e4hlen Genuss- und Outdoor-Themen sowie Italien. Heute lebt sie mit ihrem Mann und drei Kindern am Gardasee.\ufeff"}]}},"_links":{"self":[{"href":"https:\/\/www.designreisen.de\/magazin\/wp-json\/wp\/v2\/posts\/3138","targetHints":{"allow":["GET"]}}],"collection":[{"href":"https:\/\/www.designreisen.de\/magazin\/wp-json\/wp\/v2\/posts"}],"about":[{"href":"https:\/\/www.designreisen.de\/magazin\/wp-json\/wp\/v2\/types\/post"}],"author":[{"embeddable":true,"href":"https:\/\/www.designreisen.de\/magazin\/wp-json\/wp\/v2\/users\/21"}],"replies":[{"embeddable":true,"href":"https:\/\/www.designreisen.de\/magazin\/wp-json\/wp\/v2\/comments?post=3138"}],"version-history":[{"count":15,"href":"https:\/\/www.designreisen.de\/magazin\/wp-json\/wp\/v2\/posts\/3138\/revisions"}],"predecessor-version":[{"id":7025,"href":"https:\/\/www.designreisen.de\/magazin\/wp-json\/wp\/v2\/posts\/3138\/revisions\/7025"}],"wp:featuredmedia":[{"embeddable":true,"href":"https:\/\/www.designreisen.de\/magazin\/wp-json\/wp\/v2\/media\/4115"}],"wp:attachment":[{"href":"https:\/\/www.designreisen.de\/magazin\/wp-json\/wp\/v2\/media?parent=3138"}],"wp:term":[{"taxonomy":"category","embeddable":true,"href":"https:\/\/www.designreisen.de\/magazin\/wp-json\/wp\/v2\/categories?post=3138"},{"taxonomy":"post_tag","embeddable":true,"href":"https:\/\/www.designreisen.de\/magazin\/wp-json\/wp\/v2\/tags?post=3138"}],"curies":[{"name":"wp","href":"https:\/\/api.w.org\/{rel}","templated":true}]}}