{"id":3705,"date":"2019-06-03T16:21:35","date_gmt":"2019-06-03T14:21:35","guid":{"rendered":"https:\/\/www.designreisen.de\/magazin\/?p=3705"},"modified":"2022-07-14T00:41:35","modified_gmt":"2022-07-13T22:41:35","slug":"ayurveda-in-suedtirol","status":"publish","type":"post","link":"https:\/\/www.designreisen.de\/magazin\/ayurveda-in-suedtirol\/","title":{"rendered":"AYURVEDA IN S\u00dcDTIROL"},"content":{"rendered":"<p>Das B\u00fchnenbild ist viel versprechend: die Dolomiten \u2013 \u201edas sch\u00f6nste Bauwerk der Welt\u201c laut Reinhold Messner, sattgr\u00fcne Almwiesen, dazu eine kr\u00e4ftige Dosis frische Luft. Das erste F\u00fcnf-Sterne-Haus der Ferienregion Pustertal ist Mitglied der Bellvita Leading Wellnesshotels S\u00fcdtirols und hat sich einen himmlischen Platz ausgesucht. Der Garten ist nach Feng-Shui gestaltet, vom warmen Outdoorpool gleitet man sanft in den Indoorpool. In K\u00fcrze werden auch der 36 Grad hei\u00dfe Whirlpool und das sieben Meter lange Tauchbecken fertiggestellt sein. Und im Sommer 2020 der Yoga-Pavillon im Garten.<\/p>\n<div id=\"attachment_3727\" class=\"wp-caption alignnone\"><img loading=\"lazy\" decoding=\"async\" aria-describedby=\"caption-attachment-3727\" class=\"wp-image-3727 size-full animated\" src=\"https:\/\/www.designreisen.de\/magazin\/wp-content\/uploads\/2019\/05\/\u00a9wisthaler.jpg-gf-beitrag.jpg\" alt=\"\" width=\"1090\" height=\"700\" srcset=\"https:\/\/www.designreisen.de\/magazin\/wp-content\/uploads\/2019\/05\/\u00a9wisthaler.jpg-gf-beitrag.jpg 1090w, https:\/\/www.designreisen.de\/magazin\/wp-content\/uploads\/2019\/05\/\u00a9wisthaler.jpg-gf-beitrag-300x193.jpg 300w, https:\/\/www.designreisen.de\/magazin\/wp-content\/uploads\/2019\/05\/\u00a9wisthaler.jpg-gf-beitrag-768x493.jpg 768w, https:\/\/www.designreisen.de\/magazin\/wp-content\/uploads\/2019\/05\/\u00a9wisthaler.jpg-gf-beitrag-1024x658.jpg 1024w\" sizes=\"auto, (max-width: 1090px) 100vw, 1090px\" \/><p id=\"caption-attachment-3727\" class=\"wp-caption-text\">Ein Fr\u00fchst\u00fcck im Garten &#8211; herrlich! \u00a9 Harald Wisthaler<\/p><\/div>\n<p>Vor dem Besuch im riesigen Wellnessbereich und im Aurora SPA, geht\u2019s zum Check-up. Naturheilpraktiker Alexander Kirchler ermittelt den individuellen Ayurveda-Typ mittels Puls-, Zungen- und Irisdiagnose. Anwendungen, Fitnessprogramm und Ern\u00e4hrungstipps werden dann darauf abgestimmt. Zum Einsatz kommen bei der Methode Alpine Ayurveda dann heimische Kr\u00e4uter und Pflanzen wie Arnika und Zirbelkiefer. Vor der Gesichtsbehandlung und dem K\u00f6rperpeeling lasse ich mir erkl\u00e4ren, was es mit der Kosmetiklinie PHARMOS NATUR auf sich hat: An Stelle von Wasser kommt die wirkstoffreiche Aloe-Vera-Pflanze zur Anwendung \u2013 das soll die Energie f\u00f6rdern und die Haut straffer erscheinen lassen.<\/p>\n<div id=\"attachment_3724\" class=\"wp-caption alignnone\"><img loading=\"lazy\" decoding=\"async\" aria-describedby=\"caption-attachment-3724\" class=\"wp-image-3724 size-full animated\" src=\"https:\/\/www.designreisen.de\/magazin\/wp-content\/uploads\/2019\/05\/\u00a9wisthaler.jpg-bb-beitrag.jpg\" alt=\"\" width=\"1090\" height=\"700\" srcset=\"https:\/\/www.designreisen.de\/magazin\/wp-content\/uploads\/2019\/05\/\u00a9wisthaler.jpg-bb-beitrag.jpg 1090w, https:\/\/www.designreisen.de\/magazin\/wp-content\/uploads\/2019\/05\/\u00a9wisthaler.jpg-bb-beitrag-300x193.jpg 300w, https:\/\/www.designreisen.de\/magazin\/wp-content\/uploads\/2019\/05\/\u00a9wisthaler.jpg-bb-beitrag-768x493.jpg 768w, https:\/\/www.designreisen.de\/magazin\/wp-content\/uploads\/2019\/05\/\u00a9wisthaler.jpg-bb-beitrag-1024x658.jpg 1024w\" sizes=\"auto, (max-width: 1090px) 100vw, 1090px\" \/><p id=\"caption-attachment-3724\" class=\"wp-caption-text\">Sch\u00f6n schwitzen in der Aurora Sauna Welt. \u00a9 Harald Wisthaler<\/p><\/div>\n<div id=\"attachment_3725\" class=\"wp-caption alignnone\"><img loading=\"lazy\" decoding=\"async\" aria-describedby=\"caption-attachment-3725\" class=\"wp-image-3725 size-full animated\" src=\"https:\/\/www.designreisen.de\/magazin\/wp-content\/uploads\/2019\/05\/\u00a9wisthaler.jpg-beitrag.jpg\" alt=\"\" width=\"1090\" height=\"700\" srcset=\"https:\/\/www.designreisen.de\/magazin\/wp-content\/uploads\/2019\/05\/\u00a9wisthaler.jpg-beitrag.jpg 1090w, https:\/\/www.designreisen.de\/magazin\/wp-content\/uploads\/2019\/05\/\u00a9wisthaler.jpg-beitrag-300x193.jpg 300w, https:\/\/www.designreisen.de\/magazin\/wp-content\/uploads\/2019\/05\/\u00a9wisthaler.jpg-beitrag-768x493.jpg 768w, https:\/\/www.designreisen.de\/magazin\/wp-content\/uploads\/2019\/05\/\u00a9wisthaler.jpg-beitrag-1024x658.jpg 1024w\" sizes=\"auto, (max-width: 1090px) 100vw, 1090px\" \/><p id=\"caption-attachment-3725\" class=\"wp-caption-text\">Zur Ruhe kommen im Liegeraum. \u00a9 Harald Wisthaler<\/p><\/div>\n<div id=\"attachment_3728\" class=\"wp-caption alignnone\"><img loading=\"lazy\" decoding=\"async\" aria-describedby=\"caption-attachment-3728\" class=\"wp-image-3728 size-full animated\" src=\"https:\/\/www.designreisen.de\/magazin\/wp-content\/uploads\/2019\/05\/\u00a9wisthaler.jpggg-beitrag.jpg\" alt=\"\" width=\"1090\" height=\"700\" srcset=\"https:\/\/www.designreisen.de\/magazin\/wp-content\/uploads\/2019\/05\/\u00a9wisthaler.jpggg-beitrag.jpg 1090w, https:\/\/www.designreisen.de\/magazin\/wp-content\/uploads\/2019\/05\/\u00a9wisthaler.jpggg-beitrag-300x193.jpg 300w, https:\/\/www.designreisen.de\/magazin\/wp-content\/uploads\/2019\/05\/\u00a9wisthaler.jpggg-beitrag-768x493.jpg 768w, https:\/\/www.designreisen.de\/magazin\/wp-content\/uploads\/2019\/05\/\u00a9wisthaler.jpggg-beitrag-1024x658.jpg 1024w\" sizes=\"auto, (max-width: 1090px) 100vw, 1090px\" \/><p id=\"caption-attachment-3728\" class=\"wp-caption-text\">Dem Alltag entfliehen im Spa. \u00a9 Harald Wisthaler<\/p><\/div>\n<div id=\"attachment_3739\" class=\"wp-caption alignnone\"><img loading=\"lazy\" decoding=\"async\" aria-describedby=\"caption-attachment-3739\" class=\"wp-image-3739 size-full animated\" src=\"https:\/\/www.designreisen.de\/magazin\/wp-content\/uploads\/2019\/05\/Stirnguss.jpg-beitrag.jpg\" alt=\"\" width=\"1090\" height=\"700\" srcset=\"https:\/\/www.designreisen.de\/magazin\/wp-content\/uploads\/2019\/05\/Stirnguss.jpg-beitrag.jpg 1090w, https:\/\/www.designreisen.de\/magazin\/wp-content\/uploads\/2019\/05\/Stirnguss.jpg-beitrag-300x193.jpg 300w, https:\/\/www.designreisen.de\/magazin\/wp-content\/uploads\/2019\/05\/Stirnguss.jpg-beitrag-768x493.jpg 768w, https:\/\/www.designreisen.de\/magazin\/wp-content\/uploads\/2019\/05\/Stirnguss.jpg-beitrag-1024x658.jpg 1024w\" sizes=\"auto, (max-width: 1090px) 100vw, 1090px\" \/><p id=\"caption-attachment-3739\" class=\"wp-caption-text\">Special im Spa: ayurvedischer Stirn\u00f6lguss. \u00a9 Stefan Pfeiffer<\/p><\/div>\n<div id=\"attachment_3729\" class=\"wp-caption alignnone\"><img loading=\"lazy\" decoding=\"async\" aria-describedby=\"caption-attachment-3729\" class=\"wp-image-3729 size-full animated\" src=\"https:\/\/www.designreisen.de\/magazin\/wp-content\/uploads\/2019\/05\/\u00a9www.wisthaler.jpg-massage-beitrag.jpg\" alt=\"\" width=\"1090\" height=\"700\" srcset=\"https:\/\/www.designreisen.de\/magazin\/wp-content\/uploads\/2019\/05\/\u00a9www.wisthaler.jpg-massage-beitrag.jpg 1090w, https:\/\/www.designreisen.de\/magazin\/wp-content\/uploads\/2019\/05\/\u00a9www.wisthaler.jpg-massage-beitrag-300x193.jpg 300w, https:\/\/www.designreisen.de\/magazin\/wp-content\/uploads\/2019\/05\/\u00a9www.wisthaler.jpg-massage-beitrag-768x493.jpg 768w, https:\/\/www.designreisen.de\/magazin\/wp-content\/uploads\/2019\/05\/\u00a9www.wisthaler.jpg-massage-beitrag-1024x658.jpg 1024w\" sizes=\"auto, (max-width: 1090px) 100vw, 1090px\" \/><p id=\"caption-attachment-3729\" class=\"wp-caption-text\">Ayurveda-Massagen zur Tiefenentspannung. \u00a9 Harald Wisthaler<\/p><\/div>\n<p>Judith und Hannah Agstner f\u00fchren das Hotel mit viel Herzblut und S\u00fcdtiroler Charme. Das sp\u00fcrt man bis in jeden Winkel. 55 Zimmer und Suiten gibt es insgesamt. Alle sind luxuri\u00f6s, aber gleichzeitig ungezwungen und behaglich und mit viel Holz, Glas und Stein gestaltet. Farbe wird akzentuiert eingesetzt, in jedem Raum anders. Im \u201eTurm\u201c wohnt man im \u201eTiroler Lodenstil\u201c, im \u201eWaldsaum\u201c im \u201eS\u00fcdtiroler Landhausstil\u201c. Die \u201eStube\u201c ist f\u00fcr Allergiker konzipiert.<\/p>\n<div id=\"attachment_3730\" class=\"wp-caption alignnone\"><img loading=\"lazy\" decoding=\"async\" aria-describedby=\"caption-attachment-3730\" class=\"wp-image-3730 size-full animated\" src=\"https:\/\/www.designreisen.de\/magazin\/wp-content\/uploads\/2019\/05\/Foto_AVEDA_5697.jpg-beitrag.jpg\" alt=\"\" width=\"1090\" height=\"700\" srcset=\"https:\/\/www.designreisen.de\/magazin\/wp-content\/uploads\/2019\/05\/Foto_AVEDA_5697.jpg-beitrag.jpg 1090w, https:\/\/www.designreisen.de\/magazin\/wp-content\/uploads\/2019\/05\/Foto_AVEDA_5697.jpg-beitrag-300x193.jpg 300w, https:\/\/www.designreisen.de\/magazin\/wp-content\/uploads\/2019\/05\/Foto_AVEDA_5697.jpg-beitrag-768x493.jpg 768w, https:\/\/www.designreisen.de\/magazin\/wp-content\/uploads\/2019\/05\/Foto_AVEDA_5697.jpg-beitrag-1024x658.jpg 1024w\" sizes=\"auto, (max-width: 1090px) 100vw, 1090px\" \/><p id=\"caption-attachment-3730\" class=\"wp-caption-text\">Rundum behaglich: die Zimmer im modernen S\u00fcdtiroler Stil. . \u00a9 Hannes Niederkofler<\/p><\/div>\n<div id=\"attachment_3731\" class=\"wp-caption alignnone\"><img loading=\"lazy\" decoding=\"async\" aria-describedby=\"caption-attachment-3731\" class=\"wp-image-3731 size-full animated\" src=\"https:\/\/www.designreisen.de\/magazin\/wp-content\/uploads\/2019\/05\/Foto_GARTEN_6057.jpg-beitrag.jpg\" alt=\"\" width=\"1090\" height=\"700\" srcset=\"https:\/\/www.designreisen.de\/magazin\/wp-content\/uploads\/2019\/05\/Foto_GARTEN_6057.jpg-beitrag.jpg 1090w, https:\/\/www.designreisen.de\/magazin\/wp-content\/uploads\/2019\/05\/Foto_GARTEN_6057.jpg-beitrag-300x193.jpg 300w, https:\/\/www.designreisen.de\/magazin\/wp-content\/uploads\/2019\/05\/Foto_GARTEN_6057.jpg-beitrag-768x493.jpg 768w, https:\/\/www.designreisen.de\/magazin\/wp-content\/uploads\/2019\/05\/Foto_GARTEN_6057.jpg-beitrag-1024x658.jpg 1024w\" sizes=\"auto, (max-width: 1090px) 100vw, 1090px\" \/><p id=\"caption-attachment-3731\" class=\"wp-caption-text\">Farbtupfer und Terrasse: Zimmer, die einfach alles haben. . \u00a9 Hannes Niederkofler<\/p><\/div>\n<p>Auf dem hoteleigenen 3-Loch-Golfplatz lasse ich mein Spiel vom Golftrainer Ulrich Schneider optimieren. Danach geht\u2019s in den Fitnessraum. Auch Nordic Walking, Qigong und Aqua Fitness werden angeboten. Gut so, denn die Haubenk\u00fcche von Ulrich Plankensteiner und Team ist unwiderstehlich, egal, ob vom Buffet oder als 6-G\u00e4nge-\u00dcberraschungsmen\u00fc. Zum Abnehmen kann man auch die kohlenhydratarme LOGI-K\u00fcche bestellen. Was auch immer: Die virtuos kombinierten heimischen Zutaten sind wahre Gaumenfreuden und aus den Ecken und Nischen der gem\u00fctlichen Stuben will man sich gar nicht mehr heraussch\u00e4len. H\u00f6chstens vielleicht f\u00fcr einen Drink an der Drehbar, wo man mit anderen vom Erlebten plaudert oder Tipps f\u00fcr den n\u00e4chsten Tag gibt. Was? Du warst noch nicht beim Biken? Morgen, versprochen.<\/p>\n<div id=\"attachment_3723\" class=\"wp-caption alignnone\"><img loading=\"lazy\" decoding=\"async\" aria-describedby=\"caption-attachment-3723\" class=\"wp-image-3723 size-full animated\" src=\"https:\/\/www.designreisen.de\/magazin\/wp-content\/uploads\/2019\/05\/\u00a9-Hannes-Niederkofler_WEB-5555.jpg-beitrag.jpg\" alt=\"\" width=\"1090\" height=\"700\" srcset=\"https:\/\/www.designreisen.de\/magazin\/wp-content\/uploads\/2019\/05\/\u00a9-Hannes-Niederkofler_WEB-5555.jpg-beitrag.jpg 1090w, https:\/\/www.designreisen.de\/magazin\/wp-content\/uploads\/2019\/05\/\u00a9-Hannes-Niederkofler_WEB-5555.jpg-beitrag-300x193.jpg 300w, https:\/\/www.designreisen.de\/magazin\/wp-content\/uploads\/2019\/05\/\u00a9-Hannes-Niederkofler_WEB-5555.jpg-beitrag-768x493.jpg 768w, https:\/\/www.designreisen.de\/magazin\/wp-content\/uploads\/2019\/05\/\u00a9-Hannes-Niederkofler_WEB-5555.jpg-beitrag-1024x658.jpg 1024w\" sizes=\"auto, (max-width: 1090px) 100vw, 1090px\" \/><p id=\"caption-attachment-3723\" class=\"wp-caption-text\">Hier trifft kulinarischer Genuss auf \u00c4sthetik. \u00a9 Hannes Niederkofler<\/p><\/div>\n<div id=\"attachment_3726\" class=\"wp-caption alignnone\"><img loading=\"lazy\" decoding=\"async\" aria-describedby=\"caption-attachment-3726\" class=\"wp-image-3726 size-full animated\" src=\"https:\/\/www.designreisen.de\/magazin\/wp-content\/uploads\/2019\/05\/\u00a9wisthaler.jpgdf-beitrag.jpg\" alt=\"\" width=\"1090\" height=\"700\" srcset=\"https:\/\/www.designreisen.de\/magazin\/wp-content\/uploads\/2019\/05\/\u00a9wisthaler.jpgdf-beitrag.jpg 1090w, https:\/\/www.designreisen.de\/magazin\/wp-content\/uploads\/2019\/05\/\u00a9wisthaler.jpgdf-beitrag-300x193.jpg 300w, https:\/\/www.designreisen.de\/magazin\/wp-content\/uploads\/2019\/05\/\u00a9wisthaler.jpgdf-beitrag-768x493.jpg 768w, https:\/\/www.designreisen.de\/magazin\/wp-content\/uploads\/2019\/05\/\u00a9wisthaler.jpgdf-beitrag-1024x658.jpg 1024w\" sizes=\"auto, (max-width: 1090px) 100vw, 1090px\" \/><p id=\"caption-attachment-3726\" class=\"wp-caption-text\">Gehobene H\u00fcttenatmosph\u00e4re in den gem\u00fctlichen Stuben. \u00a9 Harald Wisthaler<\/p><\/div>\n<div id=\"attachment_3733\" class=\"wp-caption alignnone\"><img loading=\"lazy\" decoding=\"async\" aria-describedby=\"caption-attachment-3733\" class=\"wp-image-3733 size-full animated\" src=\"https:\/\/www.designreisen.de\/magazin\/wp-content\/uploads\/2019\/05\/s-mountainbike-c-tvb-kronplatz-kirsten-j.jpg-beitrag.jpg\" alt=\"\" width=\"1090\" height=\"700\" srcset=\"https:\/\/www.designreisen.de\/magazin\/wp-content\/uploads\/2019\/05\/s-mountainbike-c-tvb-kronplatz-kirsten-j.jpg-beitrag.jpg 1090w, https:\/\/www.designreisen.de\/magazin\/wp-content\/uploads\/2019\/05\/s-mountainbike-c-tvb-kronplatz-kirsten-j.jpg-beitrag-300x193.jpg 300w, https:\/\/www.designreisen.de\/magazin\/wp-content\/uploads\/2019\/05\/s-mountainbike-c-tvb-kronplatz-kirsten-j.jpg-beitrag-768x493.jpg 768w, https:\/\/www.designreisen.de\/magazin\/wp-content\/uploads\/2019\/05\/s-mountainbike-c-tvb-kronplatz-kirsten-j.jpg-beitrag-1024x658.jpg 1024w\" sizes=\"auto, (max-width: 1090px) 100vw, 1090px\" \/><p id=\"caption-attachment-3733\" class=\"wp-caption-text\">Erkunden Sie die Natur zu Fu\u00df oder auf dem Fahrrad! \u00a9 Kirsten S\u00f6rries<\/p><\/div>\n<p>&nbsp;<\/p>\n<p><strong>Mehr Informationen finden Sie unter: <a href=\"https:\/\/www.mirabell.it\/de\/\"><span style=\"color: #993300;\">Mirabell.it<\/span><\/a><\/strong><\/p>\n<p>&nbsp;<\/p>\n<p>&nbsp;<\/p>\n","protected":false},"excerpt":{"rendered":"<p>Warum in die Ferne schweifen, fragten wir uns in der Redaktion von Connection to Paradise. Im 5-Sterne-Hotel Mirabell am Kronplatz kann man sich mit traditionell-indischer Heilkunst, Haubenk\u00fcche und viel W\u00e4rme rundum verw\u00f6hnen lassen.<\/p>\n","protected":false},"author":33,"featured_media":3720,"comment_status":"open","ping_status":"open","sticky":false,"template":"","format":"standard","meta":{"_acf_changed":false,"footnotes":""},"categories":[84],"tags":[64,183],"class_list":["post-3705","post","type-post","status-publish","format-standard","has-post-thumbnail","hentry","category-my-time-is-my-body","tag-europa","tag-italien"],"acf":[],"yoast_head":"<!-- This site is optimized with the Yoast SEO plugin v27.5 - https:\/\/yoast.com\/product\/yoast-seo-wordpress\/ -->\n<title>AYURVEDA IN S\u00dcDTIROL - Connection to Paradise | Luxusreiseblog<\/title>\n<meta name=\"robots\" content=\"index, follow, max-snippet:-1, max-image-preview:large, max-video-preview:-1\" \/>\n<link rel=\"canonical\" href=\"https:\/\/www.designreisen.de\/magazin\/ayurveda-in-suedtirol\/\" \/>\n<meta property=\"og:locale\" content=\"de_DE\" \/>\n<meta property=\"og:type\" content=\"article\" \/>\n<meta property=\"og:title\" content=\"AYURVEDA IN S\u00dcDTIROL - Connection to Paradise | Luxusreiseblog\" \/>\n<meta property=\"og:description\" content=\"Warum in die Ferne schweifen, fragten wir uns in der Redaktion von Connection to Paradise. Im 5-Sterne-Hotel Mirabell am Kronplatz kann man sich mit traditionell-indischer Heilkunst, Haubenk\u00fcche und viel W\u00e4rme rundum verw\u00f6hnen lassen.\" \/>\n<meta property=\"og:url\" content=\"https:\/\/www.designreisen.de\/magazin\/ayurveda-in-suedtirol\/\" \/>\n<meta property=\"og:site_name\" content=\"Connection to Paradise | Luxusreiseblog\" \/>\n<meta property=\"article:publisher\" content=\"https:\/\/www.facebook.com\/Designreisen\/\" \/>\n<meta property=\"article:published_time\" content=\"2019-06-03T14:21:35+00:00\" \/>\n<meta property=\"article:modified_time\" content=\"2022-07-13T22:41:35+00:00\" \/>\n<meta property=\"og:image\" content=\"https:\/\/www.designreisen.de\/magazin\/wp-content\/uploads\/2019\/05\/\u00a9-Hannes-Niederkofler_HQ-1082.jpg-beitragsbild.jpg\" \/>\n\t<meta property=\"og:image:width\" content=\"1920\" \/>\n\t<meta property=\"og:image:height\" content=\"1080\" \/>\n\t<meta property=\"og:image:type\" content=\"image\/jpeg\" \/>\n<meta name=\"author\" content=\"Carolin Fried\" \/>\n<meta name=\"twitter:card\" content=\"summary_large_image\" \/>\n<meta name=\"twitter:label1\" content=\"Verfasst von\" \/>\n\t<meta name=\"twitter:data1\" content=\"Carolin Fried\" \/>\n\t<meta name=\"twitter:label2\" content=\"Gesch\u00e4tzte Lesezeit\" \/>\n\t<meta name=\"twitter:data2\" content=\"5\u00a0Minuten\" \/>\n<script type=\"application\/ld+json\" class=\"yoast-schema-graph\">{\"@context\":\"https:\\\/\\\/schema.org\",\"@graph\":[{\"@type\":\"Article\",\"@id\":\"https:\\\/\\\/www.designreisen.de\\\/magazin\\\/ayurveda-in-suedtirol\\\/#article\",\"isPartOf\":{\"@id\":\"https:\\\/\\\/www.designreisen.de\\\/magazin\\\/ayurveda-in-suedtirol\\\/\"},\"author\":{\"name\":\"Carolin Fried\",\"@id\":\"https:\\\/\\\/www.designreisen.de\\\/magazin\\\/#\\\/schema\\\/person\\\/8acf63390f31179074512ede844eeef1\"},\"headline\":\"AYURVEDA IN S\u00dcDTIROL\",\"datePublished\":\"2019-06-03T14:21:35+00:00\",\"dateModified\":\"2022-07-13T22:41:35+00:00\",\"mainEntityOfPage\":{\"@id\":\"https:\\\/\\\/www.designreisen.de\\\/magazin\\\/ayurveda-in-suedtirol\\\/\"},\"wordCount\":575,\"commentCount\":0,\"image\":{\"@id\":\"https:\\\/\\\/www.designreisen.de\\\/magazin\\\/ayurveda-in-suedtirol\\\/#primaryimage\"},\"thumbnailUrl\":\"https:\\\/\\\/www.designreisen.de\\\/magazin\\\/wp-content\\\/uploads\\\/2019\\\/05\\\/\u00a9-Hannes-Niederkofler_HQ-1082.jpg-beitragsbild.jpg\",\"keywords\":[\"Europa\",\"italien\"],\"articleSection\":[\"My Body My Soul\"],\"inLanguage\":\"de\",\"potentialAction\":[{\"@type\":\"CommentAction\",\"name\":\"Comment\",\"target\":[\"https:\\\/\\\/www.designreisen.de\\\/magazin\\\/ayurveda-in-suedtirol\\\/#respond\"]}]},{\"@type\":\"WebPage\",\"@id\":\"https:\\\/\\\/www.designreisen.de\\\/magazin\\\/ayurveda-in-suedtirol\\\/\",\"url\":\"https:\\\/\\\/www.designreisen.de\\\/magazin\\\/ayurveda-in-suedtirol\\\/\",\"name\":\"AYURVEDA IN S\u00dcDTIROL - Connection to Paradise | Luxusreiseblog\",\"isPartOf\":{\"@id\":\"https:\\\/\\\/www.designreisen.de\\\/magazin\\\/#website\"},\"primaryImageOfPage\":{\"@id\":\"https:\\\/\\\/www.designreisen.de\\\/magazin\\\/ayurveda-in-suedtirol\\\/#primaryimage\"},\"image\":{\"@id\":\"https:\\\/\\\/www.designreisen.de\\\/magazin\\\/ayurveda-in-suedtirol\\\/#primaryimage\"},\"thumbnailUrl\":\"https:\\\/\\\/www.designreisen.de\\\/magazin\\\/wp-content\\\/uploads\\\/2019\\\/05\\\/\u00a9-Hannes-Niederkofler_HQ-1082.jpg-beitragsbild.jpg\",\"datePublished\":\"2019-06-03T14:21:35+00:00\",\"dateModified\":\"2022-07-13T22:41:35+00:00\",\"author\":{\"@id\":\"https:\\\/\\\/www.designreisen.de\\\/magazin\\\/#\\\/schema\\\/person\\\/8acf63390f31179074512ede844eeef1\"},\"breadcrumb\":{\"@id\":\"https:\\\/\\\/www.designreisen.de\\\/magazin\\\/ayurveda-in-suedtirol\\\/#breadcrumb\"},\"inLanguage\":\"de\",\"potentialAction\":[{\"@type\":\"ReadAction\",\"target\":[\"https:\\\/\\\/www.designreisen.de\\\/magazin\\\/ayurveda-in-suedtirol\\\/\"]}]},{\"@type\":\"ImageObject\",\"inLanguage\":\"de\",\"@id\":\"https:\\\/\\\/www.designreisen.de\\\/magazin\\\/ayurveda-in-suedtirol\\\/#primaryimage\",\"url\":\"https:\\\/\\\/www.designreisen.de\\\/magazin\\\/wp-content\\\/uploads\\\/2019\\\/05\\\/\u00a9-Hannes-Niederkofler_HQ-1082.jpg-beitragsbild.jpg\",\"contentUrl\":\"https:\\\/\\\/www.designreisen.de\\\/magazin\\\/wp-content\\\/uploads\\\/2019\\\/05\\\/\u00a9-Hannes-Niederkofler_HQ-1082.jpg-beitragsbild.jpg\",\"width\":1920,\"height\":1080},{\"@type\":\"BreadcrumbList\",\"@id\":\"https:\\\/\\\/www.designreisen.de\\\/magazin\\\/ayurveda-in-suedtirol\\\/#breadcrumb\",\"itemListElement\":[{\"@type\":\"ListItem\",\"position\":1,\"name\":\"Home\",\"item\":\"https:\\\/\\\/www.designreisen.de\\\/magazin\\\/\"},{\"@type\":\"ListItem\",\"position\":2,\"name\":\"AYURVEDA IN S\u00dcDTIROL\"}]},{\"@type\":\"WebSite\",\"@id\":\"https:\\\/\\\/www.designreisen.de\\\/magazin\\\/#website\",\"url\":\"https:\\\/\\\/www.designreisen.de\\\/magazin\\\/\",\"name\":\"Connection to Paradise | Luxusreiseblog\",\"description\":\"Der exklusive Reiseblog von DESIGNREISEN\",\"potentialAction\":[{\"@type\":\"SearchAction\",\"target\":{\"@type\":\"EntryPoint\",\"urlTemplate\":\"https:\\\/\\\/www.designreisen.de\\\/magazin\\\/?s={search_term_string}\"},\"query-input\":{\"@type\":\"PropertyValueSpecification\",\"valueRequired\":true,\"valueName\":\"search_term_string\"}}],\"inLanguage\":\"de\"},{\"@type\":\"Person\",\"@id\":\"https:\\\/\\\/www.designreisen.de\\\/magazin\\\/#\\\/schema\\\/person\\\/8acf63390f31179074512ede844eeef1\",\"name\":\"Carolin Fried\",\"image\":{\"@type\":\"ImageObject\",\"inLanguage\":\"de\",\"@id\":\"https:\\\/\\\/www.designreisen.de\\\/magazin\\\/wp-content\\\/uploads\\\/2019\\\/04\\\/Caro-Fried-e1554902410734-96x96.jpg\",\"url\":\"https:\\\/\\\/www.designreisen.de\\\/magazin\\\/wp-content\\\/uploads\\\/2019\\\/04\\\/Caro-Fried-e1554902410734-96x96.jpg\",\"contentUrl\":\"https:\\\/\\\/www.designreisen.de\\\/magazin\\\/wp-content\\\/uploads\\\/2019\\\/04\\\/Caro-Fried-e1554902410734-96x96.jpg\",\"caption\":\"Carolin Fried\"},\"description\":\"Carolin Fried schreibt seit rund 25 Jahren f\u00fcr Magazine, Blogs und Websites. Ihre Lieblingsthemen sind M\u00fcnchen und Menschen, Wellness, Food und Reisen. Daf\u00fcr ist sie gern unterwegs und immer m\u00f6glichst nah dran am Geschehen. So findet sie immer die richtigen Worte und verwandelt auch trockene Tatsachen in sch\u00f6ne Geschichten.\"}]}<\/script>\n<!-- \/ Yoast SEO plugin. -->","yoast_head_json":{"title":"AYURVEDA IN S\u00dcDTIROL - Connection to Paradise | Luxusreiseblog","robots":{"index":"index","follow":"follow","max-snippet":"max-snippet:-1","max-image-preview":"max-image-preview:large","max-video-preview":"max-video-preview:-1"},"canonical":"https:\/\/www.designreisen.de\/magazin\/ayurveda-in-suedtirol\/","og_locale":"de_DE","og_type":"article","og_title":"AYURVEDA IN S\u00dcDTIROL - Connection to Paradise | Luxusreiseblog","og_description":"Warum in die Ferne schweifen, fragten wir uns in der Redaktion von Connection to Paradise. Im 5-Sterne-Hotel Mirabell am Kronplatz kann man sich mit traditionell-indischer Heilkunst, Haubenk\u00fcche und viel W\u00e4rme rundum verw\u00f6hnen lassen.","og_url":"https:\/\/www.designreisen.de\/magazin\/ayurveda-in-suedtirol\/","og_site_name":"Connection to Paradise | Luxusreiseblog","article_publisher":"https:\/\/www.facebook.com\/Designreisen\/","article_published_time":"2019-06-03T14:21:35+00:00","article_modified_time":"2022-07-13T22:41:35+00:00","og_image":[{"width":1920,"height":1080,"url":"https:\/\/www.designreisen.de\/magazin\/wp-content\/uploads\/2019\/05\/\u00a9-Hannes-Niederkofler_HQ-1082.jpg-beitragsbild.jpg","type":"image\/jpeg"}],"author":"Carolin Fried","twitter_card":"summary_large_image","twitter_misc":{"Verfasst von":"Carolin Fried","Gesch\u00e4tzte Lesezeit":"5\u00a0Minuten"},"schema":{"@context":"https:\/\/schema.org","@graph":[{"@type":"Article","@id":"https:\/\/www.designreisen.de\/magazin\/ayurveda-in-suedtirol\/#article","isPartOf":{"@id":"https:\/\/www.designreisen.de\/magazin\/ayurveda-in-suedtirol\/"},"author":{"name":"Carolin Fried","@id":"https:\/\/www.designreisen.de\/magazin\/#\/schema\/person\/8acf63390f31179074512ede844eeef1"},"headline":"AYURVEDA IN S\u00dcDTIROL","datePublished":"2019-06-03T14:21:35+00:00","dateModified":"2022-07-13T22:41:35+00:00","mainEntityOfPage":{"@id":"https:\/\/www.designreisen.de\/magazin\/ayurveda-in-suedtirol\/"},"wordCount":575,"commentCount":0,"image":{"@id":"https:\/\/www.designreisen.de\/magazin\/ayurveda-in-suedtirol\/#primaryimage"},"thumbnailUrl":"https:\/\/www.designreisen.de\/magazin\/wp-content\/uploads\/2019\/05\/\u00a9-Hannes-Niederkofler_HQ-1082.jpg-beitragsbild.jpg","keywords":["Europa","italien"],"articleSection":["My Body My Soul"],"inLanguage":"de","potentialAction":[{"@type":"CommentAction","name":"Comment","target":["https:\/\/www.designreisen.de\/magazin\/ayurveda-in-suedtirol\/#respond"]}]},{"@type":"WebPage","@id":"https:\/\/www.designreisen.de\/magazin\/ayurveda-in-suedtirol\/","url":"https:\/\/www.designreisen.de\/magazin\/ayurveda-in-suedtirol\/","name":"AYURVEDA IN S\u00dcDTIROL - Connection to Paradise | Luxusreiseblog","isPartOf":{"@id":"https:\/\/www.designreisen.de\/magazin\/#website"},"primaryImageOfPage":{"@id":"https:\/\/www.designreisen.de\/magazin\/ayurveda-in-suedtirol\/#primaryimage"},"image":{"@id":"https:\/\/www.designreisen.de\/magazin\/ayurveda-in-suedtirol\/#primaryimage"},"thumbnailUrl":"https:\/\/www.designreisen.de\/magazin\/wp-content\/uploads\/2019\/05\/\u00a9-Hannes-Niederkofler_HQ-1082.jpg-beitragsbild.jpg","datePublished":"2019-06-03T14:21:35+00:00","dateModified":"2022-07-13T22:41:35+00:00","author":{"@id":"https:\/\/www.designreisen.de\/magazin\/#\/schema\/person\/8acf63390f31179074512ede844eeef1"},"breadcrumb":{"@id":"https:\/\/www.designreisen.de\/magazin\/ayurveda-in-suedtirol\/#breadcrumb"},"inLanguage":"de","potentialAction":[{"@type":"ReadAction","target":["https:\/\/www.designreisen.de\/magazin\/ayurveda-in-suedtirol\/"]}]},{"@type":"ImageObject","inLanguage":"de","@id":"https:\/\/www.designreisen.de\/magazin\/ayurveda-in-suedtirol\/#primaryimage","url":"https:\/\/www.designreisen.de\/magazin\/wp-content\/uploads\/2019\/05\/\u00a9-Hannes-Niederkofler_HQ-1082.jpg-beitragsbild.jpg","contentUrl":"https:\/\/www.designreisen.de\/magazin\/wp-content\/uploads\/2019\/05\/\u00a9-Hannes-Niederkofler_HQ-1082.jpg-beitragsbild.jpg","width":1920,"height":1080},{"@type":"BreadcrumbList","@id":"https:\/\/www.designreisen.de\/magazin\/ayurveda-in-suedtirol\/#breadcrumb","itemListElement":[{"@type":"ListItem","position":1,"name":"Home","item":"https:\/\/www.designreisen.de\/magazin\/"},{"@type":"ListItem","position":2,"name":"AYURVEDA IN S\u00dcDTIROL"}]},{"@type":"WebSite","@id":"https:\/\/www.designreisen.de\/magazin\/#website","url":"https:\/\/www.designreisen.de\/magazin\/","name":"Connection to Paradise | Luxusreiseblog","description":"Der exklusive Reiseblog von DESIGNREISEN","potentialAction":[{"@type":"SearchAction","target":{"@type":"EntryPoint","urlTemplate":"https:\/\/www.designreisen.de\/magazin\/?s={search_term_string}"},"query-input":{"@type":"PropertyValueSpecification","valueRequired":true,"valueName":"search_term_string"}}],"inLanguage":"de"},{"@type":"Person","@id":"https:\/\/www.designreisen.de\/magazin\/#\/schema\/person\/8acf63390f31179074512ede844eeef1","name":"Carolin Fried","image":{"@type":"ImageObject","inLanguage":"de","@id":"https:\/\/www.designreisen.de\/magazin\/wp-content\/uploads\/2019\/04\/Caro-Fried-e1554902410734-96x96.jpg","url":"https:\/\/www.designreisen.de\/magazin\/wp-content\/uploads\/2019\/04\/Caro-Fried-e1554902410734-96x96.jpg","contentUrl":"https:\/\/www.designreisen.de\/magazin\/wp-content\/uploads\/2019\/04\/Caro-Fried-e1554902410734-96x96.jpg","caption":"Carolin Fried"},"description":"Carolin Fried schreibt seit rund 25 Jahren f\u00fcr Magazine, Blogs und Websites. Ihre Lieblingsthemen sind M\u00fcnchen und Menschen, Wellness, Food und Reisen. Daf\u00fcr ist sie gern unterwegs und immer m\u00f6glichst nah dran am Geschehen. So findet sie immer die richtigen Worte und verwandelt auch trockene Tatsachen in sch\u00f6ne Geschichten."}]}},"_links":{"self":[{"href":"https:\/\/www.designreisen.de\/magazin\/wp-json\/wp\/v2\/posts\/3705","targetHints":{"allow":["GET"]}}],"collection":[{"href":"https:\/\/www.designreisen.de\/magazin\/wp-json\/wp\/v2\/posts"}],"about":[{"href":"https:\/\/www.designreisen.de\/magazin\/wp-json\/wp\/v2\/types\/post"}],"author":[{"embeddable":true,"href":"https:\/\/www.designreisen.de\/magazin\/wp-json\/wp\/v2\/users\/33"}],"replies":[{"embeddable":true,"href":"https:\/\/www.designreisen.de\/magazin\/wp-json\/wp\/v2\/comments?post=3705"}],"version-history":[{"count":20,"href":"https:\/\/www.designreisen.de\/magazin\/wp-json\/wp\/v2\/posts\/3705\/revisions"}],"predecessor-version":[{"id":6922,"href":"https:\/\/www.designreisen.de\/magazin\/wp-json\/wp\/v2\/posts\/3705\/revisions\/6922"}],"wp:featuredmedia":[{"embeddable":true,"href":"https:\/\/www.designreisen.de\/magazin\/wp-json\/wp\/v2\/media\/3720"}],"wp:attachment":[{"href":"https:\/\/www.designreisen.de\/magazin\/wp-json\/wp\/v2\/media?parent=3705"}],"wp:term":[{"taxonomy":"category","embeddable":true,"href":"https:\/\/www.designreisen.de\/magazin\/wp-json\/wp\/v2\/categories?post=3705"},{"taxonomy":"post_tag","embeddable":true,"href":"https:\/\/www.designreisen.de\/magazin\/wp-json\/wp\/v2\/tags?post=3705"}],"curies":[{"name":"wp","href":"https:\/\/api.w.org\/{rel}","templated":true}]}}