{"id":3706,"date":"2019-05-23T17:25:19","date_gmt":"2019-05-23T15:25:19","guid":{"rendered":"https:\/\/www.designreisen.de\/magazin\/?p=3706"},"modified":"2021-10-01T14:47:04","modified_gmt":"2021-10-01T12:47:04","slug":"vorsicht-scharf-mit-kult-charakter","status":"publish","type":"post","link":"https:\/\/www.designreisen.de\/magazin\/vorsicht-scharf-mit-kult-charakter\/","title":{"rendered":"Vorsicht, scharf mit Kult-Charakter!"},"content":{"rendered":"<div id=\"attachment_3707\" class=\"wp-caption alignnone\"><a href=\"https:\/\/www.designreisen.de\/magazin\/wp-content\/uploads\/2019\/05\/O-Richter-2018-123.jpg\"><img loading=\"lazy\" decoding=\"async\" aria-describedby=\"caption-attachment-3707\" class=\"wp-image-3707 size-full animated\" src=\"https:\/\/www.designreisen.de\/magazin\/wp-content\/uploads\/2019\/05\/O-Richter-2018-123.jpg\" alt=\"\" width=\"1090\" height=\"699\" srcset=\"https:\/\/www.designreisen.de\/magazin\/wp-content\/uploads\/2019\/05\/O-Richter-2018-123.jpg 1090w, https:\/\/www.designreisen.de\/magazin\/wp-content\/uploads\/2019\/05\/O-Richter-2018-123-300x192.jpg 300w, https:\/\/www.designreisen.de\/magazin\/wp-content\/uploads\/2019\/05\/O-Richter-2018-123-768x493.jpg 768w, https:\/\/www.designreisen.de\/magazin\/wp-content\/uploads\/2019\/05\/O-Richter-2018-123-1024x657.jpg 1024w\" sizes=\"auto, (max-width: 1090px) 100vw, 1090px\" \/><\/a><p id=\"caption-attachment-3707\" class=\"wp-caption-text\">Die &#8222;Transamerica Pyramid&#8220; in San Fransicso, Kalifornien. \u00a9 Leica.<\/p><\/div>\n<p>Gerade auf Reisen versp\u00fcren wir den Wunsch, unsere Erlebnisse und Eindr\u00fccke in Form von Bildern f\u00fcr die Ewigkeit festzuhalten. Atemberaubende Ausblicke, das unvergleichliche Farbenspiel der pulsierenden Metropolen, die volle Pracht der Natur \u2013 nur allzu gerne halten wir diese Sch\u00f6nheit fest. Nicht selten wird dies jedoch zu einer schier unl\u00f6sbaren Aufgabe, denn oft hat das Ergebnis nicht mehr viel mit der gesehenen und erlebten Realit\u00e4t zu tun. Dahin ist sie, die visuelle Magie dieses Moments. Die Farbwiedergabe des Bildes hat nichts mit der tats\u00e4chlichen Pracht zu tun und die Bildsch\u00e4rfe des Fokus-Objektes ist im Endergebnis nicht mehr als einen verschwommener Fleck, wo zuvor ein majest\u00e4tisches Nashorn in der Steppe Afrikas posierte.<\/p>\n<p>Selbst mit sehr guten Kenntnissen in der hohen Kunst der Fotografie, kommt man nur mit bestem Equipment dem Wunschziel des perfekten Bildes einen guten Schritt n\u00e4her. Doch gerade auf Reisen sollte der Kamerabegleiter so kompakt und praktikabel wie m\u00f6glich sein, und dennoch die perfekte \u201ePerformance\u201c liefern.<\/p>\n<div id=\"attachment_3709\" class=\"wp-caption alignnone\"><a href=\"https:\/\/www.designreisen.de\/magazin\/wp-content\/uploads\/2019\/05\/L1070575.jpg\"><img loading=\"lazy\" decoding=\"async\" aria-describedby=\"caption-attachment-3709\" class=\"wp-image-3709 size-full animated\" src=\"https:\/\/www.designreisen.de\/magazin\/wp-content\/uploads\/2019\/05\/L1070575.jpg\" alt=\"\" width=\"1090\" height=\"697\" srcset=\"https:\/\/www.designreisen.de\/magazin\/wp-content\/uploads\/2019\/05\/L1070575.jpg 1090w, https:\/\/www.designreisen.de\/magazin\/wp-content\/uploads\/2019\/05\/L1070575-450x288.jpg 450w, https:\/\/www.designreisen.de\/magazin\/wp-content\/uploads\/2019\/05\/L1070575-1024x655.jpg 1024w, https:\/\/www.designreisen.de\/magazin\/wp-content\/uploads\/2019\/05\/L1070575-768x491.jpg 768w, https:\/\/www.designreisen.de\/magazin\/wp-content\/uploads\/2019\/05\/L1070575-310x198.jpg 310w, https:\/\/www.designreisen.de\/magazin\/wp-content\/uploads\/2019\/05\/L1070575-300x192.jpg 300w\" sizes=\"auto, (max-width: 1090px) 100vw, 1090px\" \/><\/a><p id=\"caption-attachment-3709\" class=\"wp-caption-text\">Gestochen scharfer Blick in die endlose Weite. \u00a9 Leica.<\/p><\/div>\n<p>&nbsp;<\/p>\n<p>&nbsp;<\/p>\n<h4>Die Leica V-Lux: das Allround-Talent<\/h4>\n<p><a href=\"https:\/\/www.designreisen.de\/magazin\/wp-content\/uploads\/2019\/05\/Leica-V-Lux_Ambient_1.jpg\"><img loading=\"lazy\" decoding=\"async\" class=\"alignnone size-full wp-image-3711 animated\" src=\"https:\/\/www.designreisen.de\/magazin\/wp-content\/uploads\/2019\/05\/Leica-V-Lux_Ambient_1.jpg\" alt=\"\" width=\"1091\" height=\"700\" srcset=\"https:\/\/www.designreisen.de\/magazin\/wp-content\/uploads\/2019\/05\/Leica-V-Lux_Ambient_1.jpg 1091w, https:\/\/www.designreisen.de\/magazin\/wp-content\/uploads\/2019\/05\/Leica-V-Lux_Ambient_1-300x192.jpg 300w, https:\/\/www.designreisen.de\/magazin\/wp-content\/uploads\/2019\/05\/Leica-V-Lux_Ambient_1-768x493.jpg 768w, https:\/\/www.designreisen.de\/magazin\/wp-content\/uploads\/2019\/05\/Leica-V-Lux_Ambient_1-1024x657.jpg 1024w\" sizes=\"auto, (max-width: 1091px) 100vw, 1091px\" \/><\/a><\/p>\n<p>Die Leica V-Lux ist die perfekte Kompaktkamera f\u00fcr unterwegs. Denn durch ihre enorme Brennweitenspanne von 25 bis 400 mm er\u00fcbrigen sich zeitraubende Objektivwechsel und schwere zus\u00e4tzliche Ausr\u00fcstung. Sie deckt jede fotografische Situation von Weitwinkel- \u00fcber Standard- und Supertele- bis hin zu Makrofotografie mit einem Abstand von nur 3 cm ab. Ihr Objektiv Leica DC Vario-Elmarit garantiert scharfe und detaillierte Aufnahmen auch auf gro\u00dfe Distanz.<\/p>\n<p><a href=\"https:\/\/www.designreisen.de\/magazin\/wp-content\/uploads\/2019\/05\/Leica-V-Lux_top_display.jpg\"><img loading=\"lazy\" decoding=\"async\" class=\"alignnone size-full wp-image-3713 animated\" src=\"https:\/\/www.designreisen.de\/magazin\/wp-content\/uploads\/2019\/05\/Leica-V-Lux_top_display.jpg\" alt=\"\" width=\"1092\" height=\"700\" srcset=\"https:\/\/www.designreisen.de\/magazin\/wp-content\/uploads\/2019\/05\/Leica-V-Lux_top_display.jpg 1092w, https:\/\/www.designreisen.de\/magazin\/wp-content\/uploads\/2019\/05\/Leica-V-Lux_top_display-300x192.jpg 300w, https:\/\/www.designreisen.de\/magazin\/wp-content\/uploads\/2019\/05\/Leica-V-Lux_top_display-768x492.jpg 768w, https:\/\/www.designreisen.de\/magazin\/wp-content\/uploads\/2019\/05\/Leica-V-Lux_top_display-1024x656.jpg 1024w\" sizes=\"auto, (max-width: 1092px) 100vw, 1092px\" \/><\/a><\/p>\n<p>Der pfeilschnelle Autofokus mit nur 0,2 Sekunden erfasst zuverl\u00e4ssig jedes Motiv, selbst wenn es sich schnell bewegt. Der gro\u00dfe Sensor sichert eine exzellente Bildqualit\u00e4t, selbst bei ung\u00fcnstigen Lichtverh\u00e4ltnissen. Beeindruckend ist auch die schnelle Serienbildfunktion: Sie liefert bis zu 12 Bilder in der Sekunde bei voller Aufl\u00f6sung. Die perfekte Wahl also f\u00fcr Sport- und Tieraufnahmen. Zudem liefert die V-Lux auch gestochen scharfe 4K-Videos auf Knopfdruck mit viermal h\u00f6herer Aufl\u00f6sung als Full HD. Ein wahrer Allesk\u00f6nner aus Wetzlar.<\/p>\n<p><a href=\"https:\/\/www.designreisen.de\/magazin\/wp-content\/uploads\/2019\/05\/Leica-V-Lux_front.jpg\"><img loading=\"lazy\" decoding=\"async\" class=\"alignnone size-full wp-image-3712 animated\" src=\"https:\/\/www.designreisen.de\/magazin\/wp-content\/uploads\/2019\/05\/Leica-V-Lux_front.jpg\" alt=\"\" width=\"1092\" height=\"700\" srcset=\"https:\/\/www.designreisen.de\/magazin\/wp-content\/uploads\/2019\/05\/Leica-V-Lux_front.jpg 1092w, https:\/\/www.designreisen.de\/magazin\/wp-content\/uploads\/2019\/05\/Leica-V-Lux_front-300x192.jpg 300w, https:\/\/www.designreisen.de\/magazin\/wp-content\/uploads\/2019\/05\/Leica-V-Lux_front-768x492.jpg 768w, https:\/\/www.designreisen.de\/magazin\/wp-content\/uploads\/2019\/05\/Leica-V-Lux_front-1024x656.jpg 1024w\" sizes=\"auto, (max-width: 1092px) 100vw, 1092px\" \/><\/a><\/p>\n<p>\u201eLeica V-Lux\u201c; UVP: 1.290 \u20ac<\/p>\n<p>&nbsp;<\/p>\n<p>&nbsp;<\/p>\n<p>&nbsp;<\/p>\n<p>&nbsp;<\/p>\n<h4>Noctivid: Symbiose aus perfektem Fokus und idealer Balance<\/h4>\n<p><a href=\"https:\/\/www.designreisen.de\/magazin\/wp-content\/uploads\/2019\/05\/Noctivid_horizontal.jpg\"><img loading=\"lazy\" decoding=\"async\" class=\"alignnone size-full wp-image-3715 animated\" src=\"https:\/\/www.designreisen.de\/magazin\/wp-content\/uploads\/2019\/05\/Noctivid_horizontal.jpg\" alt=\"\" width=\"1091\" height=\"700\" srcset=\"https:\/\/www.designreisen.de\/magazin\/wp-content\/uploads\/2019\/05\/Noctivid_horizontal.jpg 1091w, https:\/\/www.designreisen.de\/magazin\/wp-content\/uploads\/2019\/05\/Noctivid_horizontal-300x192.jpg 300w, https:\/\/www.designreisen.de\/magazin\/wp-content\/uploads\/2019\/05\/Noctivid_horizontal-768x493.jpg 768w, https:\/\/www.designreisen.de\/magazin\/wp-content\/uploads\/2019\/05\/Noctivid_horizontal-1024x657.jpg 1024w\" sizes=\"auto, (max-width: 1091px) 100vw, 1091px\" \/><\/a><\/p>\n<p>Die \u00fcber 100-j\u00e4hrige Expertise in der Entwicklung von fernoptischen Ger\u00e4ten, Mikroskopen und Kameras verschmelzen in der neuen Familie der Leica Premium-Ferngl\u00e4ser: den Noctivid-Ferngl\u00e4sern.<\/p>\n<p><a href=\"https:\/\/www.designreisen.de\/magazin\/wp-content\/uploads\/2019\/05\/Noctivid_8x42_front.jpg\"><img loading=\"lazy\" decoding=\"async\" class=\"alignnone size-full wp-image-3714 animated\" src=\"https:\/\/www.designreisen.de\/magazin\/wp-content\/uploads\/2019\/05\/Noctivid_8x42_front.jpg\" alt=\"\" width=\"1090\" height=\"718\" srcset=\"https:\/\/www.designreisen.de\/magazin\/wp-content\/uploads\/2019\/05\/Noctivid_8x42_front.jpg 1090w, https:\/\/www.designreisen.de\/magazin\/wp-content\/uploads\/2019\/05\/Noctivid_8x42_front-300x198.jpg 300w, https:\/\/www.designreisen.de\/magazin\/wp-content\/uploads\/2019\/05\/Noctivid_8x42_front-768x506.jpg 768w, https:\/\/www.designreisen.de\/magazin\/wp-content\/uploads\/2019\/05\/Noctivid_8x42_front-1024x675.jpg 1024w\" sizes=\"auto, (max-width: 1090px) 100vw, 1090px\" \/><\/a><\/p>\n<p>H\u00f6chste Funktionalit\u00e4t trifft auf elegant-puristisches Design. Brillante Sch\u00e4rfe, perfekte Kontraste und absolute Farbauthentizit\u00e4t treffen auf funktionelle Robustheit und ein intelligent-kompaktes Handling: Die schlanken Fernglastuben lassen sich durch die offene Br\u00fccke mit einer Hand umgreifen. Durch die kurze Bauweise ruht das prim\u00e4re Gewicht auf der Mitte der Handfl\u00e4che und erm\u00f6glicht so erm\u00fcdungsfreies Beobachten, auch \u00fcber lange Phasen.<\/p>\n<div class=\"responsive-embed\"><iframe loading=\"lazy\" title=\"LEICA_Noctivid_Deutsch_H.264_Web\" src=\"https:\/\/player.vimeo.com\/video\/337797129?dnt=1&amp;app_id=122963\" width=\"500\" height=\"281\" frameborder=\"0\" allow=\"autoplay; fullscreen; picture-in-picture; clipboard-write\"><\/iframe><\/div>\n<p>\u201eLeica Noctivid 8&#215;42&#8243; ; UVP: 2.580 \u20ac<\/p>\n<p><em>\u00a0<\/em><\/p>\n<p>&nbsp;<\/p>\n<h4>About Leica:<\/h4>\n<p>Seit der Gr\u00fcndung des Unternehmens in 1914 ist der Antrieb und die Motivation, seiner Zeit voraus zu sein. Die Philosophie: Mit Leidenschaft die Perfektion f\u00fcr das beste Bild zu produzieren und nicht nur Kameras zu bauen, sondern bleibende Werte zu schaffen und damit Standards zu setzen. Dieses Erfolgsrezept des Wetzlarer Unternehmens bew\u00e4hrt sich bis heute. Im Laufe der vergangenen Jahrzehnte gingen Leica-Bilder von Fotografie-Ikonen und K\u00fcnstlern um die Welt, die bis heute nichts von Ihrer Kraft und St\u00e4rke verloren haben. Meisterwerke in Schwarz-Wei\u00df und \u201eMulticolor\u201c. Kultst\u00fccke, wie die Produkte von Leica selbst. Doch wer sich auf den Erfolg von gestern beruft, hat die Zukunft nicht im Fokus. Daher arbeitet Leica unentwegt mit gro\u00dfer Leidenschaft an der Perfektion f\u00fcr einzigartige Bilder, der besonderen Kultur des Sehens und an der besten Optik und Produktfunktion weiter. Stets dabei im Fokus: Die Konzentration auf das Wesentliche und das Schaffen von nachhaltigen Premiumprodukten, die mit absoluter Zuverl\u00e4ssigkeit und \u00fcberdurchschnittlicher Langlebigkeit seinem Besitzer dauerhaft Freude bereiten.<\/p>\n<div id=\"attachment_3708\" class=\"wp-caption alignnone\"><a href=\"https:\/\/www.designreisen.de\/magazin\/wp-content\/uploads\/2019\/05\/Fazze105.jpg\"><img loading=\"lazy\" decoding=\"async\" aria-describedby=\"caption-attachment-3708\" class=\"wp-image-3708 size-full animated\" src=\"https:\/\/www.designreisen.de\/magazin\/wp-content\/uploads\/2019\/05\/Fazze105.jpg\" alt=\"\" width=\"1092\" height=\"700\" srcset=\"https:\/\/www.designreisen.de\/magazin\/wp-content\/uploads\/2019\/05\/Fazze105.jpg 1092w, https:\/\/www.designreisen.de\/magazin\/wp-content\/uploads\/2019\/05\/Fazze105-300x192.jpg 300w, https:\/\/www.designreisen.de\/magazin\/wp-content\/uploads\/2019\/05\/Fazze105-768x492.jpg 768w, https:\/\/www.designreisen.de\/magazin\/wp-content\/uploads\/2019\/05\/Fazze105-1024x656.jpg 1024w\" sizes=\"auto, (max-width: 1092px) 100vw, 1092px\" \/><\/a><p id=\"caption-attachment-3708\" class=\"wp-caption-text\">Atemberaubend: Hier werden Momente f\u00fcr die Ewigkeit festgehalten. \u00a9 Leica<\/p><\/div>\n<p>&nbsp;<\/p>\n<p><strong>Mehr Informationen finden Sie unter:\u00a0<\/strong><\/p>\n<p><strong><em><a href=\"http:\/\/de.leica-camera.com\/\"><span style=\"color: #800000;\">leica-camera.com\/<\/span><\/a><\/em><\/strong><\/p>\n<p>&nbsp;<\/p>\n","protected":false},"excerpt":{"rendered":"<p>Leica, der renommierte Premium-Hersteller von Kameras und Sportoptikprodukten steht f\u00fcr die Leidenschaft f\u00fcr herausragende Funktion und innovatives Design mit Kultstatus. Die beiden Genrevertreter, die \u201eV-Lux\u201c-Kamera und das Noctivid-Fernglas sind ideale Begleiter auf Reisen.<\/p>\n","protected":false},"author":32,"featured_media":3709,"comment_status":"open","ping_status":"open","sticky":false,"template":"","format":"standard","meta":{"_acf_changed":false,"footnotes":""},"categories":[1],"tags":[143],"class_list":["post-3706","post","type-post","status-publish","format-standard","has-post-thumbnail","hentry","category-fashion-lifestyle","tag-reisen"],"acf":[],"yoast_head":"<!-- This site is optimized with the Yoast SEO plugin v27.5 - https:\/\/yoast.com\/product\/yoast-seo-wordpress\/ -->\n<title>Vorsicht, scharf mit Kult-Charakter! - Connection to Paradise | Luxusreiseblog<\/title>\n<meta name=\"robots\" content=\"index, follow, max-snippet:-1, max-image-preview:large, max-video-preview:-1\" \/>\n<link rel=\"canonical\" href=\"https:\/\/www.designreisen.de\/magazin\/vorsicht-scharf-mit-kult-charakter\/\" \/>\n<meta property=\"og:locale\" content=\"de_DE\" \/>\n<meta property=\"og:type\" content=\"article\" \/>\n<meta property=\"og:title\" content=\"Vorsicht, scharf mit Kult-Charakter! - Connection to Paradise | Luxusreiseblog\" \/>\n<meta property=\"og:description\" content=\"Leica, der renommierte Premium-Hersteller von Kameras und Sportoptikprodukten steht f\u00fcr die Leidenschaft f\u00fcr herausragende Funktion und innovatives Design mit Kultstatus. Die beiden Genrevertreter, die \u201eV-Lux\u201c-Kamera und das Noctivid-Fernglas sind ideale Begleiter auf Reisen.\" \/>\n<meta property=\"og:url\" content=\"https:\/\/www.designreisen.de\/magazin\/vorsicht-scharf-mit-kult-charakter\/\" \/>\n<meta property=\"og:site_name\" content=\"Connection to Paradise | Luxusreiseblog\" \/>\n<meta property=\"article:publisher\" content=\"https:\/\/www.facebook.com\/Designreisen\/\" \/>\n<meta property=\"article:published_time\" content=\"2019-05-23T15:25:19+00:00\" \/>\n<meta property=\"article:modified_time\" content=\"2021-10-01T12:47:04+00:00\" \/>\n<meta property=\"og:image\" content=\"https:\/\/www.designreisen.de\/magazin\/wp-content\/uploads\/2019\/05\/L1070575.jpg\" \/>\n\t<meta property=\"og:image:width\" content=\"1090\" \/>\n\t<meta property=\"og:image:height\" content=\"697\" \/>\n\t<meta property=\"og:image:type\" content=\"image\/jpeg\" \/>\n<meta name=\"author\" content=\"Olivia Rybak\" \/>\n<meta name=\"twitter:card\" content=\"summary_large_image\" \/>\n<meta name=\"twitter:label1\" content=\"Verfasst von\" \/>\n\t<meta name=\"twitter:data1\" content=\"Olivia Rybak\" \/>\n\t<meta name=\"twitter:label2\" content=\"Gesch\u00e4tzte Lesezeit\" \/>\n\t<meta name=\"twitter:data2\" content=\"3\u00a0Minuten\" \/>\n<script type=\"application\/ld+json\" class=\"yoast-schema-graph\">{\"@context\":\"https:\\\/\\\/schema.org\",\"@graph\":[{\"@type\":\"Article\",\"@id\":\"https:\\\/\\\/www.designreisen.de\\\/magazin\\\/vorsicht-scharf-mit-kult-charakter\\\/#article\",\"isPartOf\":{\"@id\":\"https:\\\/\\\/www.designreisen.de\\\/magazin\\\/vorsicht-scharf-mit-kult-charakter\\\/\"},\"author\":{\"name\":\"Olivia Rybak\",\"@id\":\"https:\\\/\\\/www.designreisen.de\\\/magazin\\\/#\\\/schema\\\/person\\\/25037dd1ce0d65b37933ca6259f33567\"},\"headline\":\"Vorsicht, scharf mit Kult-Charakter!\",\"datePublished\":\"2019-05-23T15:25:19+00:00\",\"dateModified\":\"2021-10-01T12:47:04+00:00\",\"mainEntityOfPage\":{\"@id\":\"https:\\\/\\\/www.designreisen.de\\\/magazin\\\/vorsicht-scharf-mit-kult-charakter\\\/\"},\"wordCount\":669,\"commentCount\":0,\"image\":{\"@id\":\"https:\\\/\\\/www.designreisen.de\\\/magazin\\\/vorsicht-scharf-mit-kult-charakter\\\/#primaryimage\"},\"thumbnailUrl\":\"https:\\\/\\\/www.designreisen.de\\\/magazin\\\/wp-content\\\/uploads\\\/2019\\\/05\\\/L1070575.jpg\",\"keywords\":[\"reisen\"],\"articleSection\":[\"Fashion + Lifestyle\"],\"inLanguage\":\"de\",\"potentialAction\":[{\"@type\":\"CommentAction\",\"name\":\"Comment\",\"target\":[\"https:\\\/\\\/www.designreisen.de\\\/magazin\\\/vorsicht-scharf-mit-kult-charakter\\\/#respond\"]}]},{\"@type\":\"WebPage\",\"@id\":\"https:\\\/\\\/www.designreisen.de\\\/magazin\\\/vorsicht-scharf-mit-kult-charakter\\\/\",\"url\":\"https:\\\/\\\/www.designreisen.de\\\/magazin\\\/vorsicht-scharf-mit-kult-charakter\\\/\",\"name\":\"Vorsicht, scharf mit Kult-Charakter! - Connection to Paradise | Luxusreiseblog\",\"isPartOf\":{\"@id\":\"https:\\\/\\\/www.designreisen.de\\\/magazin\\\/#website\"},\"primaryImageOfPage\":{\"@id\":\"https:\\\/\\\/www.designreisen.de\\\/magazin\\\/vorsicht-scharf-mit-kult-charakter\\\/#primaryimage\"},\"image\":{\"@id\":\"https:\\\/\\\/www.designreisen.de\\\/magazin\\\/vorsicht-scharf-mit-kult-charakter\\\/#primaryimage\"},\"thumbnailUrl\":\"https:\\\/\\\/www.designreisen.de\\\/magazin\\\/wp-content\\\/uploads\\\/2019\\\/05\\\/L1070575.jpg\",\"datePublished\":\"2019-05-23T15:25:19+00:00\",\"dateModified\":\"2021-10-01T12:47:04+00:00\",\"author\":{\"@id\":\"https:\\\/\\\/www.designreisen.de\\\/magazin\\\/#\\\/schema\\\/person\\\/25037dd1ce0d65b37933ca6259f33567\"},\"breadcrumb\":{\"@id\":\"https:\\\/\\\/www.designreisen.de\\\/magazin\\\/vorsicht-scharf-mit-kult-charakter\\\/#breadcrumb\"},\"inLanguage\":\"de\",\"potentialAction\":[{\"@type\":\"ReadAction\",\"target\":[\"https:\\\/\\\/www.designreisen.de\\\/magazin\\\/vorsicht-scharf-mit-kult-charakter\\\/\"]}]},{\"@type\":\"ImageObject\",\"inLanguage\":\"de\",\"@id\":\"https:\\\/\\\/www.designreisen.de\\\/magazin\\\/vorsicht-scharf-mit-kult-charakter\\\/#primaryimage\",\"url\":\"https:\\\/\\\/www.designreisen.de\\\/magazin\\\/wp-content\\\/uploads\\\/2019\\\/05\\\/L1070575.jpg\",\"contentUrl\":\"https:\\\/\\\/www.designreisen.de\\\/magazin\\\/wp-content\\\/uploads\\\/2019\\\/05\\\/L1070575.jpg\",\"width\":1090,\"height\":697},{\"@type\":\"BreadcrumbList\",\"@id\":\"https:\\\/\\\/www.designreisen.de\\\/magazin\\\/vorsicht-scharf-mit-kult-charakter\\\/#breadcrumb\",\"itemListElement\":[{\"@type\":\"ListItem\",\"position\":1,\"name\":\"Home\",\"item\":\"https:\\\/\\\/www.designreisen.de\\\/magazin\\\/\"},{\"@type\":\"ListItem\",\"position\":2,\"name\":\"Vorsicht, scharf mit Kult-Charakter!\"}]},{\"@type\":\"WebSite\",\"@id\":\"https:\\\/\\\/www.designreisen.de\\\/magazin\\\/#website\",\"url\":\"https:\\\/\\\/www.designreisen.de\\\/magazin\\\/\",\"name\":\"Connection to Paradise | Luxusreiseblog\",\"description\":\"Der exklusive Reiseblog von DESIGNREISEN\",\"potentialAction\":[{\"@type\":\"SearchAction\",\"target\":{\"@type\":\"EntryPoint\",\"urlTemplate\":\"https:\\\/\\\/www.designreisen.de\\\/magazin\\\/?s={search_term_string}\"},\"query-input\":{\"@type\":\"PropertyValueSpecification\",\"valueRequired\":true,\"valueName\":\"search_term_string\"}}],\"inLanguage\":\"de\"},{\"@type\":\"Person\",\"@id\":\"https:\\\/\\\/www.designreisen.de\\\/magazin\\\/#\\\/schema\\\/person\\\/25037dd1ce0d65b37933ca6259f33567\",\"name\":\"Olivia Rybak\",\"image\":{\"@type\":\"ImageObject\",\"inLanguage\":\"de\",\"@id\":\"https:\\\/\\\/www.designreisen.de\\\/magazin\\\/wp-content\\\/uploads\\\/2019\\\/04\\\/Olivia-e1554901656736-96x96.jpg\",\"url\":\"https:\\\/\\\/www.designreisen.de\\\/magazin\\\/wp-content\\\/uploads\\\/2019\\\/04\\\/Olivia-e1554901656736-96x96.jpg\",\"contentUrl\":\"https:\\\/\\\/www.designreisen.de\\\/magazin\\\/wp-content\\\/uploads\\\/2019\\\/04\\\/Olivia-e1554901656736-96x96.jpg\",\"caption\":\"Olivia Rybak\"}}]}<\/script>\n<!-- \/ Yoast SEO plugin. -->","yoast_head_json":{"title":"Vorsicht, scharf mit Kult-Charakter! - Connection to Paradise | Luxusreiseblog","robots":{"index":"index","follow":"follow","max-snippet":"max-snippet:-1","max-image-preview":"max-image-preview:large","max-video-preview":"max-video-preview:-1"},"canonical":"https:\/\/www.designreisen.de\/magazin\/vorsicht-scharf-mit-kult-charakter\/","og_locale":"de_DE","og_type":"article","og_title":"Vorsicht, scharf mit Kult-Charakter! - Connection to Paradise | Luxusreiseblog","og_description":"Leica, der renommierte Premium-Hersteller von Kameras und Sportoptikprodukten steht f\u00fcr die Leidenschaft f\u00fcr herausragende Funktion und innovatives Design mit Kultstatus. Die beiden Genrevertreter, die \u201eV-Lux\u201c-Kamera und das Noctivid-Fernglas sind ideale Begleiter auf Reisen.","og_url":"https:\/\/www.designreisen.de\/magazin\/vorsicht-scharf-mit-kult-charakter\/","og_site_name":"Connection to Paradise | Luxusreiseblog","article_publisher":"https:\/\/www.facebook.com\/Designreisen\/","article_published_time":"2019-05-23T15:25:19+00:00","article_modified_time":"2021-10-01T12:47:04+00:00","og_image":[{"width":1090,"height":697,"url":"https:\/\/www.designreisen.de\/magazin\/wp-content\/uploads\/2019\/05\/L1070575.jpg","type":"image\/jpeg"}],"author":"Olivia Rybak","twitter_card":"summary_large_image","twitter_misc":{"Verfasst von":"Olivia Rybak","Gesch\u00e4tzte Lesezeit":"3\u00a0Minuten"},"schema":{"@context":"https:\/\/schema.org","@graph":[{"@type":"Article","@id":"https:\/\/www.designreisen.de\/magazin\/vorsicht-scharf-mit-kult-charakter\/#article","isPartOf":{"@id":"https:\/\/www.designreisen.de\/magazin\/vorsicht-scharf-mit-kult-charakter\/"},"author":{"name":"Olivia Rybak","@id":"https:\/\/www.designreisen.de\/magazin\/#\/schema\/person\/25037dd1ce0d65b37933ca6259f33567"},"headline":"Vorsicht, scharf mit Kult-Charakter!","datePublished":"2019-05-23T15:25:19+00:00","dateModified":"2021-10-01T12:47:04+00:00","mainEntityOfPage":{"@id":"https:\/\/www.designreisen.de\/magazin\/vorsicht-scharf-mit-kult-charakter\/"},"wordCount":669,"commentCount":0,"image":{"@id":"https:\/\/www.designreisen.de\/magazin\/vorsicht-scharf-mit-kult-charakter\/#primaryimage"},"thumbnailUrl":"https:\/\/www.designreisen.de\/magazin\/wp-content\/uploads\/2019\/05\/L1070575.jpg","keywords":["reisen"],"articleSection":["Fashion + Lifestyle"],"inLanguage":"de","potentialAction":[{"@type":"CommentAction","name":"Comment","target":["https:\/\/www.designreisen.de\/magazin\/vorsicht-scharf-mit-kult-charakter\/#respond"]}]},{"@type":"WebPage","@id":"https:\/\/www.designreisen.de\/magazin\/vorsicht-scharf-mit-kult-charakter\/","url":"https:\/\/www.designreisen.de\/magazin\/vorsicht-scharf-mit-kult-charakter\/","name":"Vorsicht, scharf mit Kult-Charakter! - Connection to Paradise | Luxusreiseblog","isPartOf":{"@id":"https:\/\/www.designreisen.de\/magazin\/#website"},"primaryImageOfPage":{"@id":"https:\/\/www.designreisen.de\/magazin\/vorsicht-scharf-mit-kult-charakter\/#primaryimage"},"image":{"@id":"https:\/\/www.designreisen.de\/magazin\/vorsicht-scharf-mit-kult-charakter\/#primaryimage"},"thumbnailUrl":"https:\/\/www.designreisen.de\/magazin\/wp-content\/uploads\/2019\/05\/L1070575.jpg","datePublished":"2019-05-23T15:25:19+00:00","dateModified":"2021-10-01T12:47:04+00:00","author":{"@id":"https:\/\/www.designreisen.de\/magazin\/#\/schema\/person\/25037dd1ce0d65b37933ca6259f33567"},"breadcrumb":{"@id":"https:\/\/www.designreisen.de\/magazin\/vorsicht-scharf-mit-kult-charakter\/#breadcrumb"},"inLanguage":"de","potentialAction":[{"@type":"ReadAction","target":["https:\/\/www.designreisen.de\/magazin\/vorsicht-scharf-mit-kult-charakter\/"]}]},{"@type":"ImageObject","inLanguage":"de","@id":"https:\/\/www.designreisen.de\/magazin\/vorsicht-scharf-mit-kult-charakter\/#primaryimage","url":"https:\/\/www.designreisen.de\/magazin\/wp-content\/uploads\/2019\/05\/L1070575.jpg","contentUrl":"https:\/\/www.designreisen.de\/magazin\/wp-content\/uploads\/2019\/05\/L1070575.jpg","width":1090,"height":697},{"@type":"BreadcrumbList","@id":"https:\/\/www.designreisen.de\/magazin\/vorsicht-scharf-mit-kult-charakter\/#breadcrumb","itemListElement":[{"@type":"ListItem","position":1,"name":"Home","item":"https:\/\/www.designreisen.de\/magazin\/"},{"@type":"ListItem","position":2,"name":"Vorsicht, scharf mit Kult-Charakter!"}]},{"@type":"WebSite","@id":"https:\/\/www.designreisen.de\/magazin\/#website","url":"https:\/\/www.designreisen.de\/magazin\/","name":"Connection to Paradise | Luxusreiseblog","description":"Der exklusive Reiseblog von DESIGNREISEN","potentialAction":[{"@type":"SearchAction","target":{"@type":"EntryPoint","urlTemplate":"https:\/\/www.designreisen.de\/magazin\/?s={search_term_string}"},"query-input":{"@type":"PropertyValueSpecification","valueRequired":true,"valueName":"search_term_string"}}],"inLanguage":"de"},{"@type":"Person","@id":"https:\/\/www.designreisen.de\/magazin\/#\/schema\/person\/25037dd1ce0d65b37933ca6259f33567","name":"Olivia Rybak","image":{"@type":"ImageObject","inLanguage":"de","@id":"https:\/\/www.designreisen.de\/magazin\/wp-content\/uploads\/2019\/04\/Olivia-e1554901656736-96x96.jpg","url":"https:\/\/www.designreisen.de\/magazin\/wp-content\/uploads\/2019\/04\/Olivia-e1554901656736-96x96.jpg","contentUrl":"https:\/\/www.designreisen.de\/magazin\/wp-content\/uploads\/2019\/04\/Olivia-e1554901656736-96x96.jpg","caption":"Olivia Rybak"}}]}},"_links":{"self":[{"href":"https:\/\/www.designreisen.de\/magazin\/wp-json\/wp\/v2\/posts\/3706","targetHints":{"allow":["GET"]}}],"collection":[{"href":"https:\/\/www.designreisen.de\/magazin\/wp-json\/wp\/v2\/posts"}],"about":[{"href":"https:\/\/www.designreisen.de\/magazin\/wp-json\/wp\/v2\/types\/post"}],"author":[{"embeddable":true,"href":"https:\/\/www.designreisen.de\/magazin\/wp-json\/wp\/v2\/users\/32"}],"replies":[{"embeddable":true,"href":"https:\/\/www.designreisen.de\/magazin\/wp-json\/wp\/v2\/comments?post=3706"}],"version-history":[{"count":8,"href":"https:\/\/www.designreisen.de\/magazin\/wp-json\/wp\/v2\/posts\/3706\/revisions"}],"predecessor-version":[{"id":5516,"href":"https:\/\/www.designreisen.de\/magazin\/wp-json\/wp\/v2\/posts\/3706\/revisions\/5516"}],"wp:featuredmedia":[{"embeddable":true,"href":"https:\/\/www.designreisen.de\/magazin\/wp-json\/wp\/v2\/media\/3709"}],"wp:attachment":[{"href":"https:\/\/www.designreisen.de\/magazin\/wp-json\/wp\/v2\/media?parent=3706"}],"wp:term":[{"taxonomy":"category","embeddable":true,"href":"https:\/\/www.designreisen.de\/magazin\/wp-json\/wp\/v2\/categories?post=3706"},{"taxonomy":"post_tag","embeddable":true,"href":"https:\/\/www.designreisen.de\/magazin\/wp-json\/wp\/v2\/tags?post=3706"}],"curies":[{"name":"wp","href":"https:\/\/api.w.org\/{rel}","templated":true}]}}