{"id":5006,"date":"2021-05-12T13:46:08","date_gmt":"2021-05-12T11:46:08","guid":{"rendered":"https:\/\/www.designreisen.de\/magazin\/?p=5006"},"modified":"2022-09-28T13:16:40","modified_gmt":"2022-09-28T11:16:40","slug":"santorin","status":"publish","type":"post","link":"https:\/\/www.designreisen.de\/magazin\/santorin\/","title":{"rendered":"Santorin"},"content":{"rendered":"<p class=\"NurText1\" style=\"margin-right: 6.0cm; text-align: justify; line-height: 150%;\"><span style=\"font-family: Arial, sans-serif;\"><b>Warum hin?<\/b><\/span><\/p>\n<p>Der Blick von der Inselhauptstadt Fira \u00fcber die Caldera, die Sonnenunterg\u00e4nge von Oia, der frische Fisch im Ammoudi-Hafen: Was soll man \u00fcber <a href=\"https:\/\/www.designreisen.de\/luxusreisen\/santorin\/\">Santorin<\/a> noch sagen? Die Insel ist weltbekannt \u2013 und doch jedes Mal wieder ein Traum. Vor allem f\u00fcr Paare und Honeymooner ist sie der Top-Spot in <a href=\"https:\/\/www.designreisen.de\/luxusreisen\/griechenland\/\">Griechenland<\/a>. Sonnenaufg\u00e4nge \u00fcber blauen Kuppeln, D\u00f6rfer mit schneewei\u00dfen W\u00fcrfelh\u00e4usern, roter Klatschmohn allenthalben: <a href=\"https:\/\/www.designreisen.de\/luxusreisen\/santorin\/\">Santorin<\/a> ist eine Wirklichkeit gewordene Postkarte!<\/p>\n<div id=\"attachment_5146\" class=\"wp-caption alignnone\"><img loading=\"lazy\" decoding=\"async\" aria-describedby=\"caption-attachment-5146\" class=\"wp-image-5146 size-large animated\" src=\"https:\/\/www.designreisen.de\/magazin\/wp-content\/uploads\/2021\/05\/greece-1301701_1920-1024x578.jpg\" alt=\"\" width=\"1024\" height=\"578\" srcset=\"https:\/\/www.designreisen.de\/magazin\/wp-content\/uploads\/2021\/05\/greece-1301701_1920-1024x578.jpg 1024w, https:\/\/www.designreisen.de\/magazin\/wp-content\/uploads\/2021\/05\/greece-1301701_1920-300x169.jpg 300w, https:\/\/www.designreisen.de\/magazin\/wp-content\/uploads\/2021\/05\/greece-1301701_1920-768x433.jpg 768w, https:\/\/www.designreisen.de\/magazin\/wp-content\/uploads\/2021\/05\/greece-1301701_1920-1536x866.jpg 1536w, https:\/\/www.designreisen.de\/magazin\/wp-content\/uploads\/2021\/05\/greece-1301701_1920.jpg 1920w\" sizes=\"auto, (max-width: 1024px) 100vw, 1024px\" \/><p id=\"caption-attachment-5146\" class=\"wp-caption-text\">Santorin &#8211; Wei\u00dfe H\u00e4user und roter Klatschmohn<\/p><\/div>\n<div id=\"attachment_5008\" class=\"wp-caption alignnone\"><img loading=\"lazy\" decoding=\"async\" aria-describedby=\"caption-attachment-5008\" class=\"wp-image-5008 size-large animated\" src=\"https:\/\/www.designreisen.de\/magazin\/wp-content\/uploads\/2021\/05\/fvpl_Santorin_069-1024x658.jpg\" alt=\"\" width=\"1024\" height=\"658\" srcset=\"https:\/\/www.designreisen.de\/magazin\/wp-content\/uploads\/2021\/05\/fvpl_Santorin_069-1024x658.jpg 1024w, https:\/\/www.designreisen.de\/magazin\/wp-content\/uploads\/2021\/05\/fvpl_Santorin_069-300x193.jpg 300w, https:\/\/www.designreisen.de\/magazin\/wp-content\/uploads\/2021\/05\/fvpl_Santorin_069-768x493.jpg 768w, https:\/\/www.designreisen.de\/magazin\/wp-content\/uploads\/2021\/05\/fvpl_Santorin_069.jpg 1090w\" sizes=\"auto, (max-width: 1024px) 100vw, 1024px\" \/><p id=\"caption-attachment-5008\" class=\"wp-caption-text\">Kykladen-Traum in Wei\u00df und Blau: Der Blick von der Inselhauptstadt Fira \u00fcber die D\u00e4cher der Altstadt in die Caldera.<span style=\"font-family: Arial, sans-serif; font-size: 12pt; text-align: justify;\">\u00a0<\/span><\/p><\/div>\n<p class=\"NurText1\" style=\"margin-right: 6.0cm; text-align: justify; line-height: 150%;\"><span style=\"font-family: Arial, sans-serif;\"><b>Wo \u00fcbernachten?<\/b><\/span><\/p>\n<p>Ein Kykladen-Traum ist das <a href=\"https:\/\/www.designreisen.de\/luxusreisen\/santorin-canaves-oia-hotel\/\">Canaves Oia<\/a> mit seinen luxuri\u00f6sen Zimmern, Suiten und Villas. Sie thronen waghalsig auf den Klippen von Oia. Das samtblaue Meer immer im Blick, entspannt sich&#8217;s kaum irgendwo besser als auf den privaten Verandas der Suiten. Im Open-Air-Jacuzzi schwebt man hier quasi dem Himmel entgegen. Der Tipp f\u00fcr Honeymooner ist das <a href=\"https:\/\/www.designreisen.de\/luxusreisen\/santorin-perivolas\/\">Hotel Perivolas<\/a>: Das Adults-Only-Haus liegt terrassenf\u00f6rmig auf einer Klippe hoch \u00fcber dem Meer. Die wei\u00df get\u00fcnchten Villen sind im Stil der Kykladen gebaut. Und erst der Infinity-Pool mit Blick \u00fcber die Caldera: Er geh\u00f6rt zu den spektakul\u00e4rsten <a href=\"https:\/\/www.designreisen.de\/luxusreisen\/griechenland\/\">Griechenlands<\/a> und ist einfach atemberaubend sch\u00f6n!<\/p>\n<div id=\"attachment_5009\" class=\"wp-caption alignnone\"><img loading=\"lazy\" decoding=\"async\" aria-describedby=\"caption-attachment-5009\" class=\"wp-image-5009 size-large animated\" src=\"https:\/\/www.designreisen.de\/magazin\/wp-content\/uploads\/2021\/05\/Perivolas_EXTERIOR-VERANDA-Enrique-Menossi-1024x658.jpg\" alt=\"\" width=\"1024\" height=\"658\" srcset=\"https:\/\/www.designreisen.de\/magazin\/wp-content\/uploads\/2021\/05\/Perivolas_EXTERIOR-VERANDA-Enrique-Menossi-1024x658.jpg 1024w, https:\/\/www.designreisen.de\/magazin\/wp-content\/uploads\/2021\/05\/Perivolas_EXTERIOR-VERANDA-Enrique-Menossi-300x193.jpg 300w, https:\/\/www.designreisen.de\/magazin\/wp-content\/uploads\/2021\/05\/Perivolas_EXTERIOR-VERANDA-Enrique-Menossi-768x493.jpg 768w, https:\/\/www.designreisen.de\/magazin\/wp-content\/uploads\/2021\/05\/Perivolas_EXTERIOR-VERANDA-Enrique-Menossi.jpg 1090w\" sizes=\"auto, (max-width: 1024px) 100vw, 1024px\" \/><p id=\"caption-attachment-5009\" class=\"wp-caption-text\">Gro\u00dfartiges Ambiente im Hotel <a href=\"https:\/\/www.designreisen.de\/luxusreisen\/santorin-perivolas\/\">Perivolas<\/a>.<span style=\"font-family: Arial, sans-serif; font-size: 12pt; text-align: justify;\">\u00a0<\/span><\/p><\/div>\n<p>Honeymooner oder diejenigen, die Zweisamkeit genie\u00dfen m\u00f6chten, kommen auch beim <a href=\"https:\/\/www.designreisen.de\/luxusreisen\/santorin-grace-santorini\/\">Grace Santorini<\/a> im Nordwesten der Insel ganz auf ihre Kosten. Aber auch Familien mit Kindern unter 14 Jahren sind in der Villa Grace Santorini herzlich willkommen. Abseits des Touristentrubels mit Barfu\u00dfchic am \u00f6stlichen Teil der Insel gelegen besticht das <a href=\"https:\/\/www.designreisen.de\/luxusreisen\/santorin-istoria\/\">ehemalige Herrenhaus Istoria<\/a> nicht nur mit seinem schwarzen Sandtrand &#8211; er ist gut drei Kilometer lang und so schwarz, wie es eben f\u00fcr die griechische Vulkaninsel Santorin typisch ist!<\/p>\n<p><a href=\"https:\/\/www.designreisen.de\/luxusreisen\/santorin-grace-santorini\/\"><img loading=\"lazy\" decoding=\"async\" class=\"alignnone size-large wp-image-5130 animated\" src=\"https:\/\/www.designreisen.de\/magazin\/wp-content\/uploads\/2021\/05\/ps_view_sun-1024x683.jpg\" alt=\"\" width=\"1024\" height=\"683\" srcset=\"https:\/\/www.designreisen.de\/magazin\/wp-content\/uploads\/2021\/05\/ps_view_sun-1024x683.jpg 1024w, https:\/\/www.designreisen.de\/magazin\/wp-content\/uploads\/2021\/05\/ps_view_sun-300x200.jpg 300w, https:\/\/www.designreisen.de\/magazin\/wp-content\/uploads\/2021\/05\/ps_view_sun-768x512.jpg 768w, https:\/\/www.designreisen.de\/magazin\/wp-content\/uploads\/2021\/05\/ps_view_sun.jpg 1536w\" sizes=\"auto, (max-width: 1024px) 100vw, 1024px\" \/><\/a><\/p>\n<p class=\"NurText1\" style=\"margin-right: 6.0cm; text-align: justify; line-height: 150%;\"><b><span style=\"font-size: 12.0pt; line-height: 150%; font-family: 'Arial',sans-serif;\">Was nicht verpassen?<\/span><\/b><\/p>\n<p>Es gibt Dinge, die muss man auf <a href=\"https:\/\/www.designreisen.de\/luxusreisen\/santorin\/\">Santorin<\/a> einfach getan haben. Zum Beispiel einmal den Sonnenuntergang in der Altstadt von Oia mit den f\u00fcnf ber\u00fchmten Windm\u00fchlen als Blickfang genie\u00dfen, frischen Fisch in einer der urigen Tavernen im Ammoudi-Hafen essen und ein Bootsausflug auf die Insel Nea Kameni in der Caldera der Vulkaninsel machen.<\/p>\n<div id=\"attachment_5149\" class=\"wp-caption alignnone\"><img loading=\"lazy\" decoding=\"async\" aria-describedby=\"caption-attachment-5149\" class=\"wp-image-5149 size-large animated\" src=\"https:\/\/www.designreisen.de\/magazin\/wp-content\/uploads\/2021\/05\/santorini-6266671_1920-1024x683.jpg\" alt=\"Altstadt von Oia\" width=\"1024\" height=\"683\" \/><p id=\"caption-attachment-5149\" class=\"wp-caption-text\">Altstadt von Oia<\/p><\/div>\n<p>Die Caf\u00e9-Terrassen der Inselhauptstadt Fira sind am sp\u00e4ten Nachmittag ein traumhafter Spot. Direkt davor geht es 200 Meter tief hinunter ins Meer.<\/p>\n<div id=\"attachment_5150\" class=\"wp-caption alignnone\"><img loading=\"lazy\" decoding=\"async\" aria-describedby=\"caption-attachment-5150\" class=\"wp-image-5150 size-large animated\" src=\"https:\/\/www.designreisen.de\/magazin\/wp-content\/uploads\/2021\/05\/greece-3559812_1920-1024x574.jpg\" alt=\"Inselhauptstadt Fira\" width=\"1024\" height=\"574\" \/><p id=\"caption-attachment-5150\" class=\"wp-caption-text\">Inselhauptstadt Fira<\/p><\/div>\n<p>Die sch\u00f6nsten Santorin-Hotels finden Sie<span style=\"color: #ff9900;\"><strong>\u00a0<a style=\"color: #ff9900;\" href=\"https:\/\/www.designreisen.de\/suche\/#search@\/suche\/?no_cache=1?q=santorin&amp;id=1903&amp;L=0\">hier.<\/a><\/strong><\/span><\/p>\n<p>&nbsp;<\/p>\n<p>Fotocredits: : Roman Sigaev\/Stock.adobe.com, Lamjiere\/Stock.adobe.com Abranowicz\/Hotel Perivolas<\/p>\n","protected":false},"excerpt":{"rendered":"<p>Atemberaubend sch\u00f6n<\/p>\n","protected":false},"author":22,"featured_media":5007,"comment_status":"open","ping_status":"open","sticky":false,"template":"","format":"standard","meta":{"_acf_changed":false,"footnotes":""},"categories":[248,202],"tags":[64,241,153,155],"class_list":["post-5006","post","type-post","status-publish","format-standard","has-post-thumbnail","hentry","category-europas-schoenste-inseln","category-specials","tag-europa","tag-griechenland","tag-honeymoon","tag-luxusreisen"],"acf":[],"yoast_head":"<!-- This site is optimized with the Yoast SEO plugin v27.5 - https:\/\/yoast.com\/product\/yoast-seo-wordpress\/ -->\n<title>Santorin - Connection to Paradise | Luxusreiseblog<\/title>\n<meta name=\"robots\" content=\"index, follow, max-snippet:-1, max-image-preview:large, max-video-preview:-1\" \/>\n<link rel=\"canonical\" href=\"https:\/\/www.designreisen.de\/magazin\/santorin\/\" \/>\n<meta property=\"og:locale\" content=\"de_DE\" \/>\n<meta property=\"og:type\" content=\"article\" \/>\n<meta property=\"og:title\" content=\"Santorin - Connection to Paradise | Luxusreiseblog\" \/>\n<meta property=\"og:description\" content=\"Atemberaubend sch\u00f6n\" \/>\n<meta property=\"og:url\" content=\"https:\/\/www.designreisen.de\/magazin\/santorin\/\" \/>\n<meta property=\"og:site_name\" content=\"Connection to Paradise | Luxusreiseblog\" \/>\n<meta property=\"article:publisher\" content=\"https:\/\/www.facebook.com\/Designreisen\/\" \/>\n<meta property=\"article:published_time\" content=\"2021-05-12T11:46:08+00:00\" \/>\n<meta property=\"article:modified_time\" content=\"2022-09-28T11:16:40+00:00\" \/>\n<meta property=\"og:image\" content=\"https:\/\/www.designreisen.de\/magazin\/wp-content\/uploads\/2021\/05\/huj.jpg\" \/>\n\t<meta property=\"og:image:width\" content=\"1090\" \/>\n\t<meta property=\"og:image:height\" content=\"700\" \/>\n\t<meta property=\"og:image:type\" content=\"image\/jpeg\" \/>\n<meta name=\"author\" content=\"Fabian von Poser\" \/>\n<meta name=\"twitter:card\" content=\"summary_large_image\" \/>\n<meta name=\"twitter:label1\" content=\"Verfasst von\" \/>\n\t<meta name=\"twitter:data1\" content=\"Fabian von Poser\" \/>\n\t<meta name=\"twitter:label2\" content=\"Gesch\u00e4tzte Lesezeit\" \/>\n\t<meta name=\"twitter:data2\" content=\"4\u00a0Minuten\" \/>\n<script type=\"application\/ld+json\" class=\"yoast-schema-graph\">{\"@context\":\"https:\\\/\\\/schema.org\",\"@graph\":[{\"@type\":\"Article\",\"@id\":\"https:\\\/\\\/www.designreisen.de\\\/magazin\\\/santorin\\\/#article\",\"isPartOf\":{\"@id\":\"https:\\\/\\\/www.designreisen.de\\\/magazin\\\/santorin\\\/\"},\"author\":{\"name\":\"Fabian von Poser\",\"@id\":\"https:\\\/\\\/www.designreisen.de\\\/magazin\\\/#\\\/schema\\\/person\\\/4715cef33fdb6966f85c73c5f7fec58d\"},\"headline\":\"Santorin\",\"datePublished\":\"2021-05-12T11:46:08+00:00\",\"dateModified\":\"2022-09-28T11:16:40+00:00\",\"mainEntityOfPage\":{\"@id\":\"https:\\\/\\\/www.designreisen.de\\\/magazin\\\/santorin\\\/\"},\"wordCount\":441,\"commentCount\":0,\"image\":{\"@id\":\"https:\\\/\\\/www.designreisen.de\\\/magazin\\\/santorin\\\/#primaryimage\"},\"thumbnailUrl\":\"https:\\\/\\\/www.designreisen.de\\\/magazin\\\/wp-content\\\/uploads\\\/2021\\\/05\\\/huj.jpg\",\"keywords\":[\"Europa\",\"Griechenland\",\"honeymoon\",\"luxusreisen\"],\"articleSection\":[\"Europas sch\u00f6nste Inseln\",\"Specials\"],\"inLanguage\":\"de\",\"potentialAction\":[{\"@type\":\"CommentAction\",\"name\":\"Comment\",\"target\":[\"https:\\\/\\\/www.designreisen.de\\\/magazin\\\/santorin\\\/#respond\"]}]},{\"@type\":\"WebPage\",\"@id\":\"https:\\\/\\\/www.designreisen.de\\\/magazin\\\/santorin\\\/\",\"url\":\"https:\\\/\\\/www.designreisen.de\\\/magazin\\\/santorin\\\/\",\"name\":\"Santorin - Connection to Paradise | Luxusreiseblog\",\"isPartOf\":{\"@id\":\"https:\\\/\\\/www.designreisen.de\\\/magazin\\\/#website\"},\"primaryImageOfPage\":{\"@id\":\"https:\\\/\\\/www.designreisen.de\\\/magazin\\\/santorin\\\/#primaryimage\"},\"image\":{\"@id\":\"https:\\\/\\\/www.designreisen.de\\\/magazin\\\/santorin\\\/#primaryimage\"},\"thumbnailUrl\":\"https:\\\/\\\/www.designreisen.de\\\/magazin\\\/wp-content\\\/uploads\\\/2021\\\/05\\\/huj.jpg\",\"datePublished\":\"2021-05-12T11:46:08+00:00\",\"dateModified\":\"2022-09-28T11:16:40+00:00\",\"author\":{\"@id\":\"https:\\\/\\\/www.designreisen.de\\\/magazin\\\/#\\\/schema\\\/person\\\/4715cef33fdb6966f85c73c5f7fec58d\"},\"breadcrumb\":{\"@id\":\"https:\\\/\\\/www.designreisen.de\\\/magazin\\\/santorin\\\/#breadcrumb\"},\"inLanguage\":\"de\",\"potentialAction\":[{\"@type\":\"ReadAction\",\"target\":[\"https:\\\/\\\/www.designreisen.de\\\/magazin\\\/santorin\\\/\"]}]},{\"@type\":\"ImageObject\",\"inLanguage\":\"de\",\"@id\":\"https:\\\/\\\/www.designreisen.de\\\/magazin\\\/santorin\\\/#primaryimage\",\"url\":\"https:\\\/\\\/www.designreisen.de\\\/magazin\\\/wp-content\\\/uploads\\\/2021\\\/05\\\/huj.jpg\",\"contentUrl\":\"https:\\\/\\\/www.designreisen.de\\\/magazin\\\/wp-content\\\/uploads\\\/2021\\\/05\\\/huj.jpg\",\"width\":1090,\"height\":700},{\"@type\":\"BreadcrumbList\",\"@id\":\"https:\\\/\\\/www.designreisen.de\\\/magazin\\\/santorin\\\/#breadcrumb\",\"itemListElement\":[{\"@type\":\"ListItem\",\"position\":1,\"name\":\"Home\",\"item\":\"https:\\\/\\\/www.designreisen.de\\\/magazin\\\/\"},{\"@type\":\"ListItem\",\"position\":2,\"name\":\"Santorin\"}]},{\"@type\":\"WebSite\",\"@id\":\"https:\\\/\\\/www.designreisen.de\\\/magazin\\\/#website\",\"url\":\"https:\\\/\\\/www.designreisen.de\\\/magazin\\\/\",\"name\":\"Connection to Paradise | Luxusreiseblog\",\"description\":\"Der exklusive Reiseblog von DESIGNREISEN\",\"potentialAction\":[{\"@type\":\"SearchAction\",\"target\":{\"@type\":\"EntryPoint\",\"urlTemplate\":\"https:\\\/\\\/www.designreisen.de\\\/magazin\\\/?s={search_term_string}\"},\"query-input\":{\"@type\":\"PropertyValueSpecification\",\"valueRequired\":true,\"valueName\":\"search_term_string\"}}],\"inLanguage\":\"de\"},{\"@type\":\"Person\",\"@id\":\"https:\\\/\\\/www.designreisen.de\\\/magazin\\\/#\\\/schema\\\/person\\\/4715cef33fdb6966f85c73c5f7fec58d\",\"name\":\"Fabian von Poser\",\"image\":{\"@type\":\"ImageObject\",\"inLanguage\":\"de\",\"@id\":\"https:\\\/\\\/www.designreisen.de\\\/magazin\\\/wp-content\\\/uploads\\\/2017\\\/06\\\/Fabian-von-Poser_avatar_1496389865-96x96.jpg\",\"url\":\"https:\\\/\\\/www.designreisen.de\\\/magazin\\\/wp-content\\\/uploads\\\/2017\\\/06\\\/Fabian-von-Poser_avatar_1496389865-96x96.jpg\",\"contentUrl\":\"https:\\\/\\\/www.designreisen.de\\\/magazin\\\/wp-content\\\/uploads\\\/2017\\\/06\\\/Fabian-von-Poser_avatar_1496389865-96x96.jpg\",\"caption\":\"Fabian von Poser\"},\"description\":\"Fabian von Poser ist Chefredakteur von \u201eConnection to Paradise\u201c und seit 20 Jahren f\u00fcr namhafte Magazine im In- und Ausland t\u00e4tig. F\u00fcr seine Reportagen bereiste er fast die ganze Welt. Immer wieder zieht es ihn in die spanischsprachigen L\u00e4nder. Den afrikanischen Kontinent bereiste er mehr als 50 Mal.\",\"sameAs\":[\"http:\\\/\\\/www.fabianvonposer.com\\\/\"]}]}<\/script>\n<!-- \/ Yoast SEO plugin. -->","yoast_head_json":{"title":"Santorin - Connection to Paradise | Luxusreiseblog","robots":{"index":"index","follow":"follow","max-snippet":"max-snippet:-1","max-image-preview":"max-image-preview:large","max-video-preview":"max-video-preview:-1"},"canonical":"https:\/\/www.designreisen.de\/magazin\/santorin\/","og_locale":"de_DE","og_type":"article","og_title":"Santorin - Connection to Paradise | Luxusreiseblog","og_description":"Atemberaubend sch\u00f6n","og_url":"https:\/\/www.designreisen.de\/magazin\/santorin\/","og_site_name":"Connection to Paradise | Luxusreiseblog","article_publisher":"https:\/\/www.facebook.com\/Designreisen\/","article_published_time":"2021-05-12T11:46:08+00:00","article_modified_time":"2022-09-28T11:16:40+00:00","og_image":[{"width":1090,"height":700,"url":"https:\/\/www.designreisen.de\/magazin\/wp-content\/uploads\/2021\/05\/huj.jpg","type":"image\/jpeg"}],"author":"Fabian von Poser","twitter_card":"summary_large_image","twitter_misc":{"Verfasst von":"Fabian von Poser","Gesch\u00e4tzte Lesezeit":"4\u00a0Minuten"},"schema":{"@context":"https:\/\/schema.org","@graph":[{"@type":"Article","@id":"https:\/\/www.designreisen.de\/magazin\/santorin\/#article","isPartOf":{"@id":"https:\/\/www.designreisen.de\/magazin\/santorin\/"},"author":{"name":"Fabian von Poser","@id":"https:\/\/www.designreisen.de\/magazin\/#\/schema\/person\/4715cef33fdb6966f85c73c5f7fec58d"},"headline":"Santorin","datePublished":"2021-05-12T11:46:08+00:00","dateModified":"2022-09-28T11:16:40+00:00","mainEntityOfPage":{"@id":"https:\/\/www.designreisen.de\/magazin\/santorin\/"},"wordCount":441,"commentCount":0,"image":{"@id":"https:\/\/www.designreisen.de\/magazin\/santorin\/#primaryimage"},"thumbnailUrl":"https:\/\/www.designreisen.de\/magazin\/wp-content\/uploads\/2021\/05\/huj.jpg","keywords":["Europa","Griechenland","honeymoon","luxusreisen"],"articleSection":["Europas sch\u00f6nste Inseln","Specials"],"inLanguage":"de","potentialAction":[{"@type":"CommentAction","name":"Comment","target":["https:\/\/www.designreisen.de\/magazin\/santorin\/#respond"]}]},{"@type":"WebPage","@id":"https:\/\/www.designreisen.de\/magazin\/santorin\/","url":"https:\/\/www.designreisen.de\/magazin\/santorin\/","name":"Santorin - Connection to Paradise | Luxusreiseblog","isPartOf":{"@id":"https:\/\/www.designreisen.de\/magazin\/#website"},"primaryImageOfPage":{"@id":"https:\/\/www.designreisen.de\/magazin\/santorin\/#primaryimage"},"image":{"@id":"https:\/\/www.designreisen.de\/magazin\/santorin\/#primaryimage"},"thumbnailUrl":"https:\/\/www.designreisen.de\/magazin\/wp-content\/uploads\/2021\/05\/huj.jpg","datePublished":"2021-05-12T11:46:08+00:00","dateModified":"2022-09-28T11:16:40+00:00","author":{"@id":"https:\/\/www.designreisen.de\/magazin\/#\/schema\/person\/4715cef33fdb6966f85c73c5f7fec58d"},"breadcrumb":{"@id":"https:\/\/www.designreisen.de\/magazin\/santorin\/#breadcrumb"},"inLanguage":"de","potentialAction":[{"@type":"ReadAction","target":["https:\/\/www.designreisen.de\/magazin\/santorin\/"]}]},{"@type":"ImageObject","inLanguage":"de","@id":"https:\/\/www.designreisen.de\/magazin\/santorin\/#primaryimage","url":"https:\/\/www.designreisen.de\/magazin\/wp-content\/uploads\/2021\/05\/huj.jpg","contentUrl":"https:\/\/www.designreisen.de\/magazin\/wp-content\/uploads\/2021\/05\/huj.jpg","width":1090,"height":700},{"@type":"BreadcrumbList","@id":"https:\/\/www.designreisen.de\/magazin\/santorin\/#breadcrumb","itemListElement":[{"@type":"ListItem","position":1,"name":"Home","item":"https:\/\/www.designreisen.de\/magazin\/"},{"@type":"ListItem","position":2,"name":"Santorin"}]},{"@type":"WebSite","@id":"https:\/\/www.designreisen.de\/magazin\/#website","url":"https:\/\/www.designreisen.de\/magazin\/","name":"Connection to Paradise | Luxusreiseblog","description":"Der exklusive Reiseblog von DESIGNREISEN","potentialAction":[{"@type":"SearchAction","target":{"@type":"EntryPoint","urlTemplate":"https:\/\/www.designreisen.de\/magazin\/?s={search_term_string}"},"query-input":{"@type":"PropertyValueSpecification","valueRequired":true,"valueName":"search_term_string"}}],"inLanguage":"de"},{"@type":"Person","@id":"https:\/\/www.designreisen.de\/magazin\/#\/schema\/person\/4715cef33fdb6966f85c73c5f7fec58d","name":"Fabian von Poser","image":{"@type":"ImageObject","inLanguage":"de","@id":"https:\/\/www.designreisen.de\/magazin\/wp-content\/uploads\/2017\/06\/Fabian-von-Poser_avatar_1496389865-96x96.jpg","url":"https:\/\/www.designreisen.de\/magazin\/wp-content\/uploads\/2017\/06\/Fabian-von-Poser_avatar_1496389865-96x96.jpg","contentUrl":"https:\/\/www.designreisen.de\/magazin\/wp-content\/uploads\/2017\/06\/Fabian-von-Poser_avatar_1496389865-96x96.jpg","caption":"Fabian von Poser"},"description":"Fabian von Poser ist Chefredakteur von \u201eConnection to Paradise\u201c und seit 20 Jahren f\u00fcr namhafte Magazine im In- und Ausland t\u00e4tig. F\u00fcr seine Reportagen bereiste er fast die ganze Welt. Immer wieder zieht es ihn in die spanischsprachigen L\u00e4nder. Den afrikanischen Kontinent bereiste er mehr als 50 Mal.","sameAs":["http:\/\/www.fabianvonposer.com\/"]}]}},"_links":{"self":[{"href":"https:\/\/www.designreisen.de\/magazin\/wp-json\/wp\/v2\/posts\/5006","targetHints":{"allow":["GET"]}}],"collection":[{"href":"https:\/\/www.designreisen.de\/magazin\/wp-json\/wp\/v2\/posts"}],"about":[{"href":"https:\/\/www.designreisen.de\/magazin\/wp-json\/wp\/v2\/types\/post"}],"author":[{"embeddable":true,"href":"https:\/\/www.designreisen.de\/magazin\/wp-json\/wp\/v2\/users\/22"}],"replies":[{"embeddable":true,"href":"https:\/\/www.designreisen.de\/magazin\/wp-json\/wp\/v2\/comments?post=5006"}],"version-history":[{"count":15,"href":"https:\/\/www.designreisen.de\/magazin\/wp-json\/wp\/v2\/posts\/5006\/revisions"}],"predecessor-version":[{"id":7512,"href":"https:\/\/www.designreisen.de\/magazin\/wp-json\/wp\/v2\/posts\/5006\/revisions\/7512"}],"wp:featuredmedia":[{"embeddable":true,"href":"https:\/\/www.designreisen.de\/magazin\/wp-json\/wp\/v2\/media\/5007"}],"wp:attachment":[{"href":"https:\/\/www.designreisen.de\/magazin\/wp-json\/wp\/v2\/media?parent=5006"}],"wp:term":[{"taxonomy":"category","embeddable":true,"href":"https:\/\/www.designreisen.de\/magazin\/wp-json\/wp\/v2\/categories?post=5006"},{"taxonomy":"post_tag","embeddable":true,"href":"https:\/\/www.designreisen.de\/magazin\/wp-json\/wp\/v2\/tags?post=5006"}],"curies":[{"name":"wp","href":"https:\/\/api.w.org\/{rel}","templated":true}]}}