{"id":5023,"date":"2021-05-12T13:45:26","date_gmt":"2021-05-12T11:45:26","guid":{"rendered":"https:\/\/www.designreisen.de\/magazin\/?p=5023"},"modified":"2022-09-28T13:48:50","modified_gmt":"2022-09-28T11:48:50","slug":"ibiza","status":"publish","type":"post","link":"https:\/\/www.designreisen.de\/magazin\/ibiza\/","title":{"rendered":"Ibiza"},"content":{"rendered":"<p><strong>Warum hinfahren?<\/strong><\/p>\n<p>Wenn auch weniger glamour\u00f6s als Mykonos, ist<a href=\"https:\/\/www.designreisen.de\/luxusreisen\/ibiza\/\"> Ibiza<\/a> mit seinen unz\u00e4hligen Clubs und Diskotheken ein Dorado f\u00fcr Party-G\u00e4nger. Das wird auch nach der Pandemie so bleiben. Doch ungeachtet davon ist die Insel eine der vielf\u00e4ltigsten im Mittelmeer, denn gerade der Norden ist von wilder Sch\u00f6nheit und Urspr\u00fcnglichkeit. Auch Paare, Familien und Golfer finden hier ihre Erf\u00fcllung. Ebenfalls ein gro\u00dfes Thema sind derzeit <a href=\"https:\/\/www.designreisen.de\/luxusreisen\/my-body-my-soul\/yoga\/\">Yoga<\/a> und <a href=\"https:\/\/www.designreisen.de\/magazin\/der-weg-zur-inneren-staerke\/\">Healing<\/a>. Zurecht, denn die Insel ist mit einer wunderbaren Energie aufgeladen.<\/p>\n<div id=\"attachment_5024\" class=\"wp-caption alignnone\"><img loading=\"lazy\" decoding=\"async\" aria-describedby=\"caption-attachment-5024\" class=\"wp-image-5024 size-large animated\" src=\"https:\/\/www.designreisen.de\/magazin\/wp-content\/uploads\/2021\/05\/AdobeStock_130780694-1024x658.jpg\" alt=\"\" width=\"1024\" height=\"658\" srcset=\"https:\/\/www.designreisen.de\/magazin\/wp-content\/uploads\/2021\/05\/AdobeStock_130780694-1024x658.jpg 1024w, https:\/\/www.designreisen.de\/magazin\/wp-content\/uploads\/2021\/05\/AdobeStock_130780694-300x193.jpg 300w, https:\/\/www.designreisen.de\/magazin\/wp-content\/uploads\/2021\/05\/AdobeStock_130780694-768x493.jpg 768w, https:\/\/www.designreisen.de\/magazin\/wp-content\/uploads\/2021\/05\/AdobeStock_130780694.jpg 1090w\" sizes=\"auto, (max-width: 1024px) 100vw, 1024px\" \/><p id=\"caption-attachment-5024\" class=\"wp-caption-text\"><a href=\"https:\/\/www.designreisen.de\/luxusreisen\/ibiza\/\">Ibiza<\/a> mit seinen unz\u00e4hligen Clubs und Diskotheken ist ein Dorado f\u00fcr Party-G\u00e4nger.<\/p><\/div>\n<div id=\"attachment_5025\" class=\"wp-caption alignnone\"><img loading=\"lazy\" decoding=\"async\" aria-describedby=\"caption-attachment-5025\" class=\"wp-image-5025 size-large animated\" src=\"https:\/\/www.designreisen.de\/magazin\/wp-content\/uploads\/2021\/05\/AdobeStock_84346656-1024x658.jpg\" alt=\"\" width=\"1024\" height=\"658\" srcset=\"https:\/\/www.designreisen.de\/magazin\/wp-content\/uploads\/2021\/05\/AdobeStock_84346656-1024x658.jpg 1024w, https:\/\/www.designreisen.de\/magazin\/wp-content\/uploads\/2021\/05\/AdobeStock_84346656-300x193.jpg 300w, https:\/\/www.designreisen.de\/magazin\/wp-content\/uploads\/2021\/05\/AdobeStock_84346656-768x493.jpg 768w, https:\/\/www.designreisen.de\/magazin\/wp-content\/uploads\/2021\/05\/AdobeStock_84346656.jpg 1090w\" sizes=\"auto, (max-width: 1024px) 100vw, 1024px\" \/><p id=\"caption-attachment-5025\" class=\"wp-caption-text\">Mediteranes Idyll.<\/p><\/div>\n<p><strong>Wo \u00fcbernachten?<\/strong><\/p>\n<p>Es gibt kaum einen besseren Ort f\u00fcr einen exklusiven Urlaub auf <a href=\"https:\/\/www.designreisen.de\/luxusreisen\/ibiza\/\">Ibiza<\/a> als das<a href=\"https:\/\/www.designreisen.de\/luxusreisen\/ibiza-7pines-resort-ibiza\/\"> 7 Pines Kempinski<\/a>. Das mehr als <a href=\"https:\/\/www.designreisen.de\/magazin\/bar-im-stil-einer-luxusyacht\/\">5,5 Hektar gro\u00dfe Resort<\/a> mit seinen 186 Suiten liegt im S\u00fcdwesten der Insel hoch auf einer Klippe und bietet eine \u00fcberw\u00e4ltigende Aussicht auf das azurblaue Meer und die Felsinsel Es Vedr\u00e0.<\/p>\n<div id=\"attachment_5157\" class=\"wp-caption alignnone\"><img loading=\"lazy\" decoding=\"async\" aria-describedby=\"caption-attachment-5157\" class=\"wp-image-5157 size-large animated\" src=\"https:\/\/www.designreisen.de\/magazin\/wp-content\/uploads\/2021\/05\/ibiza-3804696_1920-1024x576.jpg\" alt=\"Die Insel Es Vedr\u00e0\" width=\"1024\" height=\"576\" srcset=\"https:\/\/www.designreisen.de\/magazin\/wp-content\/uploads\/2021\/05\/ibiza-3804696_1920-1024x576.jpg 1024w, https:\/\/www.designreisen.de\/magazin\/wp-content\/uploads\/2021\/05\/ibiza-3804696_1920-300x169.jpg 300w, https:\/\/www.designreisen.de\/magazin\/wp-content\/uploads\/2021\/05\/ibiza-3804696_1920-768x432.jpg 768w, https:\/\/www.designreisen.de\/magazin\/wp-content\/uploads\/2021\/05\/ibiza-3804696_1920-1536x864.jpg 1536w, https:\/\/www.designreisen.de\/magazin\/wp-content\/uploads\/2021\/05\/ibiza-3804696_1920.jpg 1920w\" sizes=\"auto, (max-width: 1024px) 100vw, 1024px\" \/><p id=\"caption-attachment-5157\" class=\"wp-caption-text\">Die Insel Es Vedr\u00e0<\/p><\/div>\n<p>Gute Alternativen sind das <a href=\"https:\/\/www.designreisen.de\/luxusreisen\/ibiza-nobu-hotel-ibiza-bay\/\">Nobu Ibiza Bay<\/a> an der Playa Talamanca und das Meli\u00e1 bei San Antonio. Wer <a href=\"https:\/\/www.designreisen.de\/magazin\/der-weg-zur-inneren-staerke\/\">Yoga<\/a>, Stille und <a href=\"https:\/\/www.designreisen.de\/magazin\/spanische-haute-cuisine-hautnah\/\">ganzheitliche Ern\u00e4hrung<\/a> sucht, f\u00fcr den ist das <a href=\"https:\/\/www.designreisen.de\/luxusreisen\/ibiza-yogarosa-retreat\/\">Yoga Rosa Retreat<\/a> von Rosa Klein der Ort schlechthin. Die liebevoll gestaltete Anlage und nicht zuletzt die von Rosa angeleitete Yoga- und Pranayama-Praxis sind der Hit!<\/p>\n<div id=\"attachment_5026\" class=\"wp-caption alignnone\"><img loading=\"lazy\" decoding=\"async\" aria-describedby=\"caption-attachment-5026\" class=\"wp-image-5026 size-large animated\" src=\"https:\/\/www.designreisen.de\/magazin\/wp-content\/uploads\/2021\/05\/7Pines_Dining_Pershing-Yacht-Terrace_8_W-1024x658.jpg\" alt=\"\" width=\"1024\" height=\"658\" srcset=\"https:\/\/www.designreisen.de\/magazin\/wp-content\/uploads\/2021\/05\/7Pines_Dining_Pershing-Yacht-Terrace_8_W-1024x658.jpg 1024w, https:\/\/www.designreisen.de\/magazin\/wp-content\/uploads\/2021\/05\/7Pines_Dining_Pershing-Yacht-Terrace_8_W-300x193.jpg 300w, https:\/\/www.designreisen.de\/magazin\/wp-content\/uploads\/2021\/05\/7Pines_Dining_Pershing-Yacht-Terrace_8_W-768x493.jpg 768w, https:\/\/www.designreisen.de\/magazin\/wp-content\/uploads\/2021\/05\/7Pines_Dining_Pershing-Yacht-Terrace_8_W.jpg 1090w\" sizes=\"auto, (max-width: 1024px) 100vw, 1024px\" \/><p id=\"caption-attachment-5026\" class=\"wp-caption-text\">Das <a href=\"https:\/\/www.designreisen.de\/luxusreisen\/ibiza-7pines-resort-ibiza\/\">\u201e7 Pines Kempinski \u201c<\/a> liegt im S\u00fcdwesten der Insel auf einer Klippe und bietet eine \u00fcberw\u00e4ltigende Aussicht auf das Mittelmeer.<\/p><\/div>\n<p>Wohl aber die spannendste Neuer\u00f6ffnung des Jahres kommt aus dem Hause Six Senses: Das <a href=\"https:\/\/www.designreisen.de\/luxusreisen\/ibiza-six-senses\/\">Six Senses Ibiza<\/a> umfasst 116 Unterk\u00fcnfte, die sich auf H\u00e4user, Pool-Suiten und Strandh\u00f6hlen verteilen. An der Cala Xarraca Bay im Norden Ibizas gelegen, ist es das erste nachhaltige BREEAM-zertifizierte Resort auf den gesamten Balearen.<\/p>\n<p><a href=\"https:\/\/www.designreisen.de\/luxusreisen\/ibiza-six-senses\/\"><img loading=\"lazy\" decoding=\"async\" class=\"alignnone size-large wp-image-5133 animated\" src=\"https:\/\/www.designreisen.de\/magazin\/wp-content\/uploads\/2021\/05\/Terrace_with_private_sundeck_and_sea_view_9396-A4-1024x683.jpg\" alt=\"\" width=\"1024\" height=\"683\" srcset=\"https:\/\/www.designreisen.de\/magazin\/wp-content\/uploads\/2021\/05\/Terrace_with_private_sundeck_and_sea_view_9396-A4-1024x683.jpg 1024w, https:\/\/www.designreisen.de\/magazin\/wp-content\/uploads\/2021\/05\/Terrace_with_private_sundeck_and_sea_view_9396-A4-300x200.jpg 300w, https:\/\/www.designreisen.de\/magazin\/wp-content\/uploads\/2021\/05\/Terrace_with_private_sundeck_and_sea_view_9396-A4-768x513.jpg 768w, https:\/\/www.designreisen.de\/magazin\/wp-content\/uploads\/2021\/05\/Terrace_with_private_sundeck_and_sea_view_9396-A4-1536x1025.jpg 1536w, https:\/\/www.designreisen.de\/magazin\/wp-content\/uploads\/2021\/05\/Terrace_with_private_sundeck_and_sea_view_9396-A4-2048x1367.jpg 2048w, https:\/\/www.designreisen.de\/magazin\/wp-content\/uploads\/2021\/05\/Terrace_with_private_sundeck_and_sea_view_9396-A4-1920x1281.jpg 1920w\" sizes=\"auto, (max-width: 1024px) 100vw, 1024px\" \/><\/a><\/p>\n<p><strong>Was nicht verpassen?<\/strong><\/p>\n<p>Ganz vorne steht da nat\u00fcrlich Ibiza-Stadt mit seiner wunderbaren Altstadt. In den urigen Gassen mit ihren wei\u00df get\u00fcnchten Fassaden und kleinen Boutiquen l\u00e4sst es sich bis nachts um zwei traumhaft bummeln.<\/p>\n<div id=\"attachment_5159\" class=\"wp-caption alignnone\"><img loading=\"lazy\" decoding=\"async\" aria-describedby=\"caption-attachment-5159\" class=\"wp-image-5159 size-large animated\" src=\"https:\/\/www.designreisen.de\/magazin\/wp-content\/uploads\/2021\/05\/ibiza-4475750_1920-1024x684.jpg\" alt=\"Ibiza-Stadt\" width=\"1024\" height=\"684\" srcset=\"https:\/\/www.designreisen.de\/magazin\/wp-content\/uploads\/2021\/05\/ibiza-4475750_1920-1024x684.jpg 1024w, https:\/\/www.designreisen.de\/magazin\/wp-content\/uploads\/2021\/05\/ibiza-4475750_1920-300x200.jpg 300w, https:\/\/www.designreisen.de\/magazin\/wp-content\/uploads\/2021\/05\/ibiza-4475750_1920-768x513.jpg 768w, https:\/\/www.designreisen.de\/magazin\/wp-content\/uploads\/2021\/05\/ibiza-4475750_1920-1536x1026.jpg 1536w, https:\/\/www.designreisen.de\/magazin\/wp-content\/uploads\/2021\/05\/ibiza-4475750_1920.jpg 1920w\" sizes=\"auto, (max-width: 1024px) 100vw, 1024px\" \/><p id=\"caption-attachment-5159\" class=\"wp-caption-text\">Ibiza-Stadt<\/p><\/div>\n<p>Die l\u00e4ssigsten Beach Clubs sind der Amante Beach Club und El Chiringuito. Zu den sch\u00f6nsten Str\u00e4nden z\u00e4hlen die Cala Jondal, die Playa Es Cavallet und die Cala d&#8217;Hort. Die Sonnenunterg\u00e4nge am Sunset-Strip von San Antonio sind legend\u00e4r!<\/p>\n<p>Die sch\u00f6nsten Ibiza-Hotels finden Sie<a href=\"https:\/\/www.designreisen.de\/suche\/#search@\/suche\/?no_cache=1?q=ibiza&amp;id=1903&amp;L=0\"><strong>\u00a0<span style=\"color: #ff9900;\">hier.<\/span><\/strong><\/a><\/p>\n<p>&nbsp;<\/p>\n<p>Fotocredits: : Photocreo Bednarek\/Stock.adobe.com , Oneinchpunch\/Stock.adobe.com , Doris Oberfrank-List\/Stock.adobe.com , 7 Pines Kempinski<\/p>\n","protected":false},"excerpt":{"rendered":"<p>Juwel der Balearen<\/p>\n","protected":false},"author":22,"featured_media":5027,"comment_status":"open","ping_status":"open","sticky":false,"template":"","format":"standard","meta":{"_acf_changed":false,"footnotes":""},"categories":[248,202],"tags":[64,230,97,103],"class_list":["post-5023","post","type-post","status-publish","format-standard","has-post-thumbnail","hentry","category-europas-schoenste-inseln","category-specials","tag-europa","tag-ibiza","tag-spanien","tag-wellbeing"],"acf":[],"yoast_head":"<!-- This site is optimized with the Yoast SEO plugin v27.5 - https:\/\/yoast.com\/product\/yoast-seo-wordpress\/ -->\n<title>Ibiza - Connection to Paradise | Luxusreiseblog<\/title>\n<meta name=\"robots\" content=\"index, follow, max-snippet:-1, max-image-preview:large, max-video-preview:-1\" \/>\n<link rel=\"canonical\" href=\"https:\/\/www.designreisen.de\/magazin\/ibiza\/\" \/>\n<meta property=\"og:locale\" content=\"de_DE\" \/>\n<meta property=\"og:type\" content=\"article\" \/>\n<meta property=\"og:title\" content=\"Ibiza - Connection to Paradise | Luxusreiseblog\" \/>\n<meta property=\"og:description\" content=\"Juwel der Balearen\" \/>\n<meta property=\"og:url\" content=\"https:\/\/www.designreisen.de\/magazin\/ibiza\/\" \/>\n<meta property=\"og:site_name\" content=\"Connection to Paradise | Luxusreiseblog\" \/>\n<meta property=\"article:publisher\" content=\"https:\/\/www.facebook.com\/Designreisen\/\" \/>\n<meta property=\"article:published_time\" content=\"2021-05-12T11:45:26+00:00\" \/>\n<meta property=\"article:modified_time\" content=\"2022-09-28T11:48:50+00:00\" \/>\n<meta property=\"og:image\" content=\"https:\/\/www.designreisen.de\/magazin\/wp-content\/uploads\/2021\/05\/AdobeStock_55139437.jpg\" \/>\n\t<meta property=\"og:image:width\" content=\"1090\" \/>\n\t<meta property=\"og:image:height\" content=\"700\" \/>\n\t<meta property=\"og:image:type\" content=\"image\/jpeg\" \/>\n<meta name=\"author\" content=\"Fabian von Poser\" \/>\n<meta name=\"twitter:card\" content=\"summary_large_image\" \/>\n<meta name=\"twitter:label1\" content=\"Verfasst von\" \/>\n\t<meta name=\"twitter:data1\" content=\"Fabian von Poser\" \/>\n\t<meta name=\"twitter:label2\" content=\"Gesch\u00e4tzte Lesezeit\" \/>\n\t<meta name=\"twitter:data2\" content=\"4\u00a0Minuten\" \/>\n<script type=\"application\/ld+json\" class=\"yoast-schema-graph\">{\"@context\":\"https:\\\/\\\/schema.org\",\"@graph\":[{\"@type\":\"Article\",\"@id\":\"https:\\\/\\\/www.designreisen.de\\\/magazin\\\/ibiza\\\/#article\",\"isPartOf\":{\"@id\":\"https:\\\/\\\/www.designreisen.de\\\/magazin\\\/ibiza\\\/\"},\"author\":{\"name\":\"Fabian von Poser\",\"@id\":\"https:\\\/\\\/www.designreisen.de\\\/magazin\\\/#\\\/schema\\\/person\\\/4715cef33fdb6966f85c73c5f7fec58d\"},\"headline\":\"Ibiza\",\"datePublished\":\"2021-05-12T11:45:26+00:00\",\"dateModified\":\"2022-09-28T11:48:50+00:00\",\"mainEntityOfPage\":{\"@id\":\"https:\\\/\\\/www.designreisen.de\\\/magazin\\\/ibiza\\\/\"},\"wordCount\":431,\"commentCount\":0,\"image\":{\"@id\":\"https:\\\/\\\/www.designreisen.de\\\/magazin\\\/ibiza\\\/#primaryimage\"},\"thumbnailUrl\":\"https:\\\/\\\/www.designreisen.de\\\/magazin\\\/wp-content\\\/uploads\\\/2021\\\/05\\\/AdobeStock_55139437.jpg\",\"keywords\":[\"Europa\",\"ibiza\",\"spanien\",\"wellbeing\"],\"articleSection\":[\"Europas sch\u00f6nste Inseln\",\"Specials\"],\"inLanguage\":\"de\",\"potentialAction\":[{\"@type\":\"CommentAction\",\"name\":\"Comment\",\"target\":[\"https:\\\/\\\/www.designreisen.de\\\/magazin\\\/ibiza\\\/#respond\"]}]},{\"@type\":\"WebPage\",\"@id\":\"https:\\\/\\\/www.designreisen.de\\\/magazin\\\/ibiza\\\/\",\"url\":\"https:\\\/\\\/www.designreisen.de\\\/magazin\\\/ibiza\\\/\",\"name\":\"Ibiza - Connection to Paradise | Luxusreiseblog\",\"isPartOf\":{\"@id\":\"https:\\\/\\\/www.designreisen.de\\\/magazin\\\/#website\"},\"primaryImageOfPage\":{\"@id\":\"https:\\\/\\\/www.designreisen.de\\\/magazin\\\/ibiza\\\/#primaryimage\"},\"image\":{\"@id\":\"https:\\\/\\\/www.designreisen.de\\\/magazin\\\/ibiza\\\/#primaryimage\"},\"thumbnailUrl\":\"https:\\\/\\\/www.designreisen.de\\\/magazin\\\/wp-content\\\/uploads\\\/2021\\\/05\\\/AdobeStock_55139437.jpg\",\"datePublished\":\"2021-05-12T11:45:26+00:00\",\"dateModified\":\"2022-09-28T11:48:50+00:00\",\"author\":{\"@id\":\"https:\\\/\\\/www.designreisen.de\\\/magazin\\\/#\\\/schema\\\/person\\\/4715cef33fdb6966f85c73c5f7fec58d\"},\"breadcrumb\":{\"@id\":\"https:\\\/\\\/www.designreisen.de\\\/magazin\\\/ibiza\\\/#breadcrumb\"},\"inLanguage\":\"de\",\"potentialAction\":[{\"@type\":\"ReadAction\",\"target\":[\"https:\\\/\\\/www.designreisen.de\\\/magazin\\\/ibiza\\\/\"]}]},{\"@type\":\"ImageObject\",\"inLanguage\":\"de\",\"@id\":\"https:\\\/\\\/www.designreisen.de\\\/magazin\\\/ibiza\\\/#primaryimage\",\"url\":\"https:\\\/\\\/www.designreisen.de\\\/magazin\\\/wp-content\\\/uploads\\\/2021\\\/05\\\/AdobeStock_55139437.jpg\",\"contentUrl\":\"https:\\\/\\\/www.designreisen.de\\\/magazin\\\/wp-content\\\/uploads\\\/2021\\\/05\\\/AdobeStock_55139437.jpg\",\"width\":1090,\"height\":700},{\"@type\":\"BreadcrumbList\",\"@id\":\"https:\\\/\\\/www.designreisen.de\\\/magazin\\\/ibiza\\\/#breadcrumb\",\"itemListElement\":[{\"@type\":\"ListItem\",\"position\":1,\"name\":\"Home\",\"item\":\"https:\\\/\\\/www.designreisen.de\\\/magazin\\\/\"},{\"@type\":\"ListItem\",\"position\":2,\"name\":\"Ibiza\"}]},{\"@type\":\"WebSite\",\"@id\":\"https:\\\/\\\/www.designreisen.de\\\/magazin\\\/#website\",\"url\":\"https:\\\/\\\/www.designreisen.de\\\/magazin\\\/\",\"name\":\"Connection to Paradise | Luxusreiseblog\",\"description\":\"Der exklusive Reiseblog von DESIGNREISEN\",\"potentialAction\":[{\"@type\":\"SearchAction\",\"target\":{\"@type\":\"EntryPoint\",\"urlTemplate\":\"https:\\\/\\\/www.designreisen.de\\\/magazin\\\/?s={search_term_string}\"},\"query-input\":{\"@type\":\"PropertyValueSpecification\",\"valueRequired\":true,\"valueName\":\"search_term_string\"}}],\"inLanguage\":\"de\"},{\"@type\":\"Person\",\"@id\":\"https:\\\/\\\/www.designreisen.de\\\/magazin\\\/#\\\/schema\\\/person\\\/4715cef33fdb6966f85c73c5f7fec58d\",\"name\":\"Fabian von Poser\",\"image\":{\"@type\":\"ImageObject\",\"inLanguage\":\"de\",\"@id\":\"https:\\\/\\\/www.designreisen.de\\\/magazin\\\/wp-content\\\/uploads\\\/2017\\\/06\\\/Fabian-von-Poser_avatar_1496389865-96x96.jpg\",\"url\":\"https:\\\/\\\/www.designreisen.de\\\/magazin\\\/wp-content\\\/uploads\\\/2017\\\/06\\\/Fabian-von-Poser_avatar_1496389865-96x96.jpg\",\"contentUrl\":\"https:\\\/\\\/www.designreisen.de\\\/magazin\\\/wp-content\\\/uploads\\\/2017\\\/06\\\/Fabian-von-Poser_avatar_1496389865-96x96.jpg\",\"caption\":\"Fabian von Poser\"},\"description\":\"Fabian von Poser ist Chefredakteur von \u201eConnection to Paradise\u201c und seit 20 Jahren f\u00fcr namhafte Magazine im In- und Ausland t\u00e4tig. F\u00fcr seine Reportagen bereiste er fast die ganze Welt. Immer wieder zieht es ihn in die spanischsprachigen L\u00e4nder. Den afrikanischen Kontinent bereiste er mehr als 50 Mal.\",\"sameAs\":[\"http:\\\/\\\/www.fabianvonposer.com\\\/\"]}]}<\/script>\n<!-- \/ Yoast SEO plugin. -->","yoast_head_json":{"title":"Ibiza - Connection to Paradise | Luxusreiseblog","robots":{"index":"index","follow":"follow","max-snippet":"max-snippet:-1","max-image-preview":"max-image-preview:large","max-video-preview":"max-video-preview:-1"},"canonical":"https:\/\/www.designreisen.de\/magazin\/ibiza\/","og_locale":"de_DE","og_type":"article","og_title":"Ibiza - Connection to Paradise | Luxusreiseblog","og_description":"Juwel der Balearen","og_url":"https:\/\/www.designreisen.de\/magazin\/ibiza\/","og_site_name":"Connection to Paradise | Luxusreiseblog","article_publisher":"https:\/\/www.facebook.com\/Designreisen\/","article_published_time":"2021-05-12T11:45:26+00:00","article_modified_time":"2022-09-28T11:48:50+00:00","og_image":[{"width":1090,"height":700,"url":"https:\/\/www.designreisen.de\/magazin\/wp-content\/uploads\/2021\/05\/AdobeStock_55139437.jpg","type":"image\/jpeg"}],"author":"Fabian von Poser","twitter_card":"summary_large_image","twitter_misc":{"Verfasst von":"Fabian von Poser","Gesch\u00e4tzte Lesezeit":"4\u00a0Minuten"},"schema":{"@context":"https:\/\/schema.org","@graph":[{"@type":"Article","@id":"https:\/\/www.designreisen.de\/magazin\/ibiza\/#article","isPartOf":{"@id":"https:\/\/www.designreisen.de\/magazin\/ibiza\/"},"author":{"name":"Fabian von Poser","@id":"https:\/\/www.designreisen.de\/magazin\/#\/schema\/person\/4715cef33fdb6966f85c73c5f7fec58d"},"headline":"Ibiza","datePublished":"2021-05-12T11:45:26+00:00","dateModified":"2022-09-28T11:48:50+00:00","mainEntityOfPage":{"@id":"https:\/\/www.designreisen.de\/magazin\/ibiza\/"},"wordCount":431,"commentCount":0,"image":{"@id":"https:\/\/www.designreisen.de\/magazin\/ibiza\/#primaryimage"},"thumbnailUrl":"https:\/\/www.designreisen.de\/magazin\/wp-content\/uploads\/2021\/05\/AdobeStock_55139437.jpg","keywords":["Europa","ibiza","spanien","wellbeing"],"articleSection":["Europas sch\u00f6nste Inseln","Specials"],"inLanguage":"de","potentialAction":[{"@type":"CommentAction","name":"Comment","target":["https:\/\/www.designreisen.de\/magazin\/ibiza\/#respond"]}]},{"@type":"WebPage","@id":"https:\/\/www.designreisen.de\/magazin\/ibiza\/","url":"https:\/\/www.designreisen.de\/magazin\/ibiza\/","name":"Ibiza - Connection to Paradise | Luxusreiseblog","isPartOf":{"@id":"https:\/\/www.designreisen.de\/magazin\/#website"},"primaryImageOfPage":{"@id":"https:\/\/www.designreisen.de\/magazin\/ibiza\/#primaryimage"},"image":{"@id":"https:\/\/www.designreisen.de\/magazin\/ibiza\/#primaryimage"},"thumbnailUrl":"https:\/\/www.designreisen.de\/magazin\/wp-content\/uploads\/2021\/05\/AdobeStock_55139437.jpg","datePublished":"2021-05-12T11:45:26+00:00","dateModified":"2022-09-28T11:48:50+00:00","author":{"@id":"https:\/\/www.designreisen.de\/magazin\/#\/schema\/person\/4715cef33fdb6966f85c73c5f7fec58d"},"breadcrumb":{"@id":"https:\/\/www.designreisen.de\/magazin\/ibiza\/#breadcrumb"},"inLanguage":"de","potentialAction":[{"@type":"ReadAction","target":["https:\/\/www.designreisen.de\/magazin\/ibiza\/"]}]},{"@type":"ImageObject","inLanguage":"de","@id":"https:\/\/www.designreisen.de\/magazin\/ibiza\/#primaryimage","url":"https:\/\/www.designreisen.de\/magazin\/wp-content\/uploads\/2021\/05\/AdobeStock_55139437.jpg","contentUrl":"https:\/\/www.designreisen.de\/magazin\/wp-content\/uploads\/2021\/05\/AdobeStock_55139437.jpg","width":1090,"height":700},{"@type":"BreadcrumbList","@id":"https:\/\/www.designreisen.de\/magazin\/ibiza\/#breadcrumb","itemListElement":[{"@type":"ListItem","position":1,"name":"Home","item":"https:\/\/www.designreisen.de\/magazin\/"},{"@type":"ListItem","position":2,"name":"Ibiza"}]},{"@type":"WebSite","@id":"https:\/\/www.designreisen.de\/magazin\/#website","url":"https:\/\/www.designreisen.de\/magazin\/","name":"Connection to Paradise | Luxusreiseblog","description":"Der exklusive Reiseblog von DESIGNREISEN","potentialAction":[{"@type":"SearchAction","target":{"@type":"EntryPoint","urlTemplate":"https:\/\/www.designreisen.de\/magazin\/?s={search_term_string}"},"query-input":{"@type":"PropertyValueSpecification","valueRequired":true,"valueName":"search_term_string"}}],"inLanguage":"de"},{"@type":"Person","@id":"https:\/\/www.designreisen.de\/magazin\/#\/schema\/person\/4715cef33fdb6966f85c73c5f7fec58d","name":"Fabian von Poser","image":{"@type":"ImageObject","inLanguage":"de","@id":"https:\/\/www.designreisen.de\/magazin\/wp-content\/uploads\/2017\/06\/Fabian-von-Poser_avatar_1496389865-96x96.jpg","url":"https:\/\/www.designreisen.de\/magazin\/wp-content\/uploads\/2017\/06\/Fabian-von-Poser_avatar_1496389865-96x96.jpg","contentUrl":"https:\/\/www.designreisen.de\/magazin\/wp-content\/uploads\/2017\/06\/Fabian-von-Poser_avatar_1496389865-96x96.jpg","caption":"Fabian von Poser"},"description":"Fabian von Poser ist Chefredakteur von \u201eConnection to Paradise\u201c und seit 20 Jahren f\u00fcr namhafte Magazine im In- und Ausland t\u00e4tig. F\u00fcr seine Reportagen bereiste er fast die ganze Welt. Immer wieder zieht es ihn in die spanischsprachigen L\u00e4nder. Den afrikanischen Kontinent bereiste er mehr als 50 Mal.","sameAs":["http:\/\/www.fabianvonposer.com\/"]}]}},"_links":{"self":[{"href":"https:\/\/www.designreisen.de\/magazin\/wp-json\/wp\/v2\/posts\/5023","targetHints":{"allow":["GET"]}}],"collection":[{"href":"https:\/\/www.designreisen.de\/magazin\/wp-json\/wp\/v2\/posts"}],"about":[{"href":"https:\/\/www.designreisen.de\/magazin\/wp-json\/wp\/v2\/types\/post"}],"author":[{"embeddable":true,"href":"https:\/\/www.designreisen.de\/magazin\/wp-json\/wp\/v2\/users\/22"}],"replies":[{"embeddable":true,"href":"https:\/\/www.designreisen.de\/magazin\/wp-json\/wp\/v2\/comments?post=5023"}],"version-history":[{"count":14,"href":"https:\/\/www.designreisen.de\/magazin\/wp-json\/wp\/v2\/posts\/5023\/revisions"}],"predecessor-version":[{"id":7516,"href":"https:\/\/www.designreisen.de\/magazin\/wp-json\/wp\/v2\/posts\/5023\/revisions\/7516"}],"wp:featuredmedia":[{"embeddable":true,"href":"https:\/\/www.designreisen.de\/magazin\/wp-json\/wp\/v2\/media\/5027"}],"wp:attachment":[{"href":"https:\/\/www.designreisen.de\/magazin\/wp-json\/wp\/v2\/media?parent=5023"}],"wp:term":[{"taxonomy":"category","embeddable":true,"href":"https:\/\/www.designreisen.de\/magazin\/wp-json\/wp\/v2\/categories?post=5023"},{"taxonomy":"post_tag","embeddable":true,"href":"https:\/\/www.designreisen.de\/magazin\/wp-json\/wp\/v2\/tags?post=5023"}],"curies":[{"name":"wp","href":"https:\/\/api.w.org\/{rel}","templated":true}]}}