{"id":5059,"date":"2021-05-12T13:42:10","date_gmt":"2021-05-12T11:42:10","guid":{"rendered":"https:\/\/www.designreisen.de\/magazin\/?p=5059"},"modified":"2022-02-08T16:56:20","modified_gmt":"2022-02-08T15:56:20","slug":"pantelleria","status":"publish","type":"post","link":"https:\/\/www.designreisen.de\/magazin\/pantelleria\/","title":{"rendered":"Pantelleria"},"content":{"rendered":"<p class=\"NurText1\" style=\"margin-right: 6.0cm; text-align: justify; line-height: 150%;\"><b><span style=\"font-size: 12.0pt; line-height: 150%; font-family: 'Arial',sans-serif;\">Warum hin?<\/span><\/b><\/p>\n<p>Pantelleria, wo liegt das? Diese Frage d\u00fcrften sich viele stellen, denn kaum einem ist die Insel mit nur 7700 Einwohnern ein Begriff.<\/p>\n<div id=\"attachment_5177\" class=\"wp-caption alignnone\"><img loading=\"lazy\" decoding=\"async\" aria-describedby=\"caption-attachment-5177\" class=\"wp-image-5177 size-large animated\" src=\"https:\/\/www.designreisen.de\/magazin\/wp-content\/uploads\/2021\/05\/cliff-5723477_1920-1024x683.jpg\" alt=\"Pantelleria\" width=\"1024\" height=\"683\" srcset=\"https:\/\/www.designreisen.de\/magazin\/wp-content\/uploads\/2021\/05\/cliff-5723477_1920-1024x683.jpg 1024w, https:\/\/www.designreisen.de\/magazin\/wp-content\/uploads\/2021\/05\/cliff-5723477_1920-300x200.jpg 300w, https:\/\/www.designreisen.de\/magazin\/wp-content\/uploads\/2021\/05\/cliff-5723477_1920-768x512.jpg 768w, https:\/\/www.designreisen.de\/magazin\/wp-content\/uploads\/2021\/05\/cliff-5723477_1920-1536x1024.jpg 1536w, https:\/\/www.designreisen.de\/magazin\/wp-content\/uploads\/2021\/05\/cliff-5723477_1920.jpg 1920w\" sizes=\"auto, (max-width: 1024px) 100vw, 1024px\" \/><p id=\"caption-attachment-5177\" class=\"wp-caption-text\">Pantelleria<\/p><\/div>\n<p>Offiziell geh\u00f6rt das 14 Kilometer lange und acht Kilometer breite Vulkaneiland zu <a href=\"https:\/\/www.designreisen.de\/luxusreisen\/sizilien\/\">Sizilien<\/a>, es liegt aber viel n\u00e4her an Afrika als an Italien: 45 Minuten braucht der Flieger von Trapani hierher. Pantelleria verzaubert die wenigen Besucher mit den wundersch\u00f6nen Buchten, kristallklarem Wasser und spektakul\u00e4ren H\u00f6hlen. Die Insel kommt all jenen wie gerufen, die absolute Ruhe suchen.<\/p>\n<div id=\"attachment_5060\" class=\"wp-caption alignnone\"><img loading=\"lazy\" decoding=\"async\" aria-describedby=\"caption-attachment-5060\" class=\"wp-image-5060 size-large animated\" src=\"https:\/\/www.designreisen.de\/magazin\/wp-content\/uploads\/2021\/05\/AdobeStock_74183581-1024x658.jpg\" alt=\"\" width=\"1024\" height=\"658\" srcset=\"https:\/\/www.designreisen.de\/magazin\/wp-content\/uploads\/2021\/05\/AdobeStock_74183581-1024x658.jpg 1024w, https:\/\/www.designreisen.de\/magazin\/wp-content\/uploads\/2021\/05\/AdobeStock_74183581-450x289.jpg 450w, https:\/\/www.designreisen.de\/magazin\/wp-content\/uploads\/2021\/05\/AdobeStock_74183581-768x493.jpg 768w, https:\/\/www.designreisen.de\/magazin\/wp-content\/uploads\/2021\/05\/AdobeStock_74183581-310x199.jpg 310w, https:\/\/www.designreisen.de\/magazin\/wp-content\/uploads\/2021\/05\/AdobeStock_74183581-300x193.jpg 300w, https:\/\/www.designreisen.de\/magazin\/wp-content\/uploads\/2021\/05\/AdobeStock_74183581.jpg 1090w\" sizes=\"auto, (max-width: 1024px) 100vw, 1024px\" \/><p id=\"caption-attachment-5060\" class=\"wp-caption-text\">Traditionell und stilvoll zugleich: Dammusi-Villen im <a href=\"https:\/\/www.designreisen.de\/luxusreisen\/sizilien-sikelia-luxury-retreat\/\">Sikelia Luxury Retreat<\/a>.<\/p><\/div>\n<p class=\"NurText1\" style=\"margin-right: 6.0cm; text-align: justify; line-height: 150%;\"><b><span style=\"font-size: 12.0pt; line-height: 150%; font-family: 'Arial',sans-serif;\">Wo \u00fcbernachten?<\/span><\/b><\/p>\n<p>Im <a href=\"https:\/\/www.designreisen.de\/luxusreisen\/sizilien-sikelia-luxury-retreat\/\">Sikelia Luxury Retreat<\/a> mit seinen wei\u00dfen Dammusi-Villen scheint die Zeit stehen geblieben zu sein. Das Hotel mit insgesamt nur 20 Suiten entstand aus der Verbindung mehrerer antiker Dammusi, den typischen Bauten der Insel. In dem kleinen Paradies empf\u00e4ngt sie die Hausherrin Giulia Pazienza Gelmetti pers\u00f6nlich. Das herzliche Personal, die typischen Unterk\u00fcnfte, die raffinierte K\u00fcche und die urspr\u00fcnglichen Wellness-Anwendungen machen den Aufenthalt zu einer wahren Freude.<\/p>\n<div id=\"attachment_5061\" class=\"wp-caption alignnone\"><img loading=\"lazy\" decoding=\"async\" aria-describedby=\"caption-attachment-5061\" class=\"wp-image-5061 size-large animated\" src=\"https:\/\/www.designreisen.de\/magazin\/wp-content\/uploads\/2021\/05\/Sikeria_STARTBILD-1024x658.jpg\" alt=\"\" width=\"1024\" height=\"658\" srcset=\"https:\/\/www.designreisen.de\/magazin\/wp-content\/uploads\/2021\/05\/Sikeria_STARTBILD-1024x658.jpg 1024w, https:\/\/www.designreisen.de\/magazin\/wp-content\/uploads\/2021\/05\/Sikeria_STARTBILD-300x193.jpg 300w, https:\/\/www.designreisen.de\/magazin\/wp-content\/uploads\/2021\/05\/Sikeria_STARTBILD-768x493.jpg 768w, https:\/\/www.designreisen.de\/magazin\/wp-content\/uploads\/2021\/05\/Sikeria_STARTBILD.jpg 1090w\" sizes=\"auto, (max-width: 1024px) 100vw, 1024px\" \/><p id=\"caption-attachment-5061\" class=\"wp-caption-text\">Offiziell geh\u00f6rt Pantelleria zu <a href=\"https:\/\/www.designreisen.de\/luxusreisen\/rundreise-italien\/\">Sizilien<\/a>. Die nur 14 Kilometer lange Vulkaninsel liegt aber viel n\u00e4her an Afrika als an <a href=\"https:\/\/www.designreisen.de\/luxusreisen\/italien\/\">Italien.<\/a><span style=\"font-family: Arial, sans-serif; font-size: 12pt; text-align: justify;\">\u00a0<\/span><\/p><\/div>\n<p class=\"NurText1\" style=\"margin-right: 6.0cm; text-align: justify; line-height: 150%;\"><b><span style=\"font-size: 12.0pt; line-height: 150%; font-family: 'Arial',sans-serif;\">Was nicht verpassen?<\/span><\/b><\/p>\n<p>Auf Pantelleria gibt es jede Menge Highlights, die sich perfekt mit einem privaten Guide entdecken lassen. Zum Beispiel der Geysir Favara Grande, die \u201eSauna von Benikula\u201c, eine Grotte mit nat\u00fcrlichen Dampfquellen, der Lago di Venere, ein See, der aus einem antiken Krater entstanden ist, die Akropolis, eine arch\u00e4ologische Ausgrabungsst\u00e4tte mit Funden aus der punischen und der r\u00f6mischen Zeit, sowie byzantinische Gr\u00e4ber. Und, man glaubt es kaum: Pantelleria hat einen der ungew\u00f6hnlichsten Weinberge der Erde. Das Weingut Coste Ghirlanda bietet exquisite Weine wie den unvergesslichen Zibibbo. Das Weingut ist traumhaft in die Landschaft eingebettet. Ein Abend dort ist einer jeder magischen Momente, die wir auf Reisen suchen!<\/p>\n<p><img loading=\"lazy\" decoding=\"async\" class=\"alignnone size-large wp-image-5178 animated\" src=\"https:\/\/www.designreisen.de\/magazin\/wp-content\/uploads\/2021\/05\/lake-5723779_1920-1024x683.jpg\" alt=\"\" width=\"1024\" height=\"683\" srcset=\"https:\/\/www.designreisen.de\/magazin\/wp-content\/uploads\/2021\/05\/lake-5723779_1920-1024x683.jpg 1024w, https:\/\/www.designreisen.de\/magazin\/wp-content\/uploads\/2021\/05\/lake-5723779_1920-300x200.jpg 300w, https:\/\/www.designreisen.de\/magazin\/wp-content\/uploads\/2021\/05\/lake-5723779_1920-768x512.jpg 768w, https:\/\/www.designreisen.de\/magazin\/wp-content\/uploads\/2021\/05\/lake-5723779_1920-1536x1024.jpg 1536w, https:\/\/www.designreisen.de\/magazin\/wp-content\/uploads\/2021\/05\/lake-5723779_1920.jpg 1920w\" sizes=\"auto, (max-width: 1024px) 100vw, 1024px\" \/><\/p>\n<p>Fotocredits: : O.B.\/Stock.adobe.com , ChristianQ\/Stock.adobe.com , Sikelia Luxury Retreat<\/p>\n","protected":false},"excerpt":{"rendered":"<p>So klein, so sch\u00f6n<\/p>\n","protected":false},"author":22,"featured_media":5060,"comment_status":"open","ping_status":"open","sticky":false,"template":"","format":"standard","meta":{"_acf_changed":false,"footnotes":""},"categories":[248,202],"tags":[64,57,162,267],"class_list":["post-5059","post","type-post","status-publish","format-standard","has-post-thumbnail","hentry","category-europas-schoenste-inseln","category-specials","tag-europa","tag-insel","tag-luxusreise","tag-sizilien"],"acf":[],"yoast_head":"<!-- This site is optimized with the Yoast SEO plugin v27.5 - https:\/\/yoast.com\/product\/yoast-seo-wordpress\/ -->\n<title>Pantelleria - Connection to Paradise | Luxusreiseblog<\/title>\n<meta name=\"robots\" content=\"index, follow, max-snippet:-1, max-image-preview:large, max-video-preview:-1\" \/>\n<link rel=\"canonical\" href=\"https:\/\/www.designreisen.de\/magazin\/pantelleria\/\" \/>\n<meta property=\"og:locale\" content=\"de_DE\" \/>\n<meta property=\"og:type\" content=\"article\" \/>\n<meta property=\"og:title\" content=\"Pantelleria - Connection to Paradise | Luxusreiseblog\" \/>\n<meta property=\"og:description\" content=\"So klein, so sch\u00f6n\" \/>\n<meta property=\"og:url\" content=\"https:\/\/www.designreisen.de\/magazin\/pantelleria\/\" \/>\n<meta property=\"og:site_name\" content=\"Connection to Paradise | Luxusreiseblog\" \/>\n<meta property=\"article:publisher\" content=\"https:\/\/www.facebook.com\/Designreisen\/\" \/>\n<meta property=\"article:published_time\" content=\"2021-05-12T11:42:10+00:00\" \/>\n<meta property=\"article:modified_time\" content=\"2022-02-08T15:56:20+00:00\" \/>\n<meta property=\"og:image\" content=\"https:\/\/www.designreisen.de\/magazin\/wp-content\/uploads\/2021\/05\/AdobeStock_74183581.jpg\" \/>\n\t<meta property=\"og:image:width\" content=\"1090\" \/>\n\t<meta property=\"og:image:height\" content=\"700\" \/>\n\t<meta property=\"og:image:type\" content=\"image\/jpeg\" \/>\n<meta name=\"author\" content=\"Fabian von Poser\" \/>\n<meta name=\"twitter:card\" content=\"summary_large_image\" \/>\n<meta name=\"twitter:label1\" content=\"Verfasst von\" \/>\n\t<meta name=\"twitter:data1\" content=\"Fabian von Poser\" \/>\n\t<meta name=\"twitter:label2\" content=\"Gesch\u00e4tzte Lesezeit\" \/>\n\t<meta name=\"twitter:data2\" content=\"3\u00a0Minuten\" \/>\n<script type=\"application\/ld+json\" class=\"yoast-schema-graph\">{\"@context\":\"https:\\\/\\\/schema.org\",\"@graph\":[{\"@type\":\"Article\",\"@id\":\"https:\\\/\\\/www.designreisen.de\\\/magazin\\\/pantelleria\\\/#article\",\"isPartOf\":{\"@id\":\"https:\\\/\\\/www.designreisen.de\\\/magazin\\\/pantelleria\\\/\"},\"author\":{\"name\":\"Fabian von Poser\",\"@id\":\"https:\\\/\\\/www.designreisen.de\\\/magazin\\\/#\\\/schema\\\/person\\\/4715cef33fdb6966f85c73c5f7fec58d\"},\"headline\":\"Pantelleria\",\"datePublished\":\"2021-05-12T11:42:10+00:00\",\"dateModified\":\"2022-02-08T15:56:20+00:00\",\"mainEntityOfPage\":{\"@id\":\"https:\\\/\\\/www.designreisen.de\\\/magazin\\\/pantelleria\\\/\"},\"wordCount\":337,\"commentCount\":0,\"image\":{\"@id\":\"https:\\\/\\\/www.designreisen.de\\\/magazin\\\/pantelleria\\\/#primaryimage\"},\"thumbnailUrl\":\"https:\\\/\\\/www.designreisen.de\\\/magazin\\\/wp-content\\\/uploads\\\/2021\\\/05\\\/AdobeStock_74183581.jpg\",\"keywords\":[\"Europa\",\"Insel\",\"luxusreise\",\"Sizilien\"],\"articleSection\":[\"Europas sch\u00f6nste Inseln\",\"Specials\"],\"inLanguage\":\"de\",\"potentialAction\":[{\"@type\":\"CommentAction\",\"name\":\"Comment\",\"target\":[\"https:\\\/\\\/www.designreisen.de\\\/magazin\\\/pantelleria\\\/#respond\"]}]},{\"@type\":\"WebPage\",\"@id\":\"https:\\\/\\\/www.designreisen.de\\\/magazin\\\/pantelleria\\\/\",\"url\":\"https:\\\/\\\/www.designreisen.de\\\/magazin\\\/pantelleria\\\/\",\"name\":\"Pantelleria - Connection to Paradise | Luxusreiseblog\",\"isPartOf\":{\"@id\":\"https:\\\/\\\/www.designreisen.de\\\/magazin\\\/#website\"},\"primaryImageOfPage\":{\"@id\":\"https:\\\/\\\/www.designreisen.de\\\/magazin\\\/pantelleria\\\/#primaryimage\"},\"image\":{\"@id\":\"https:\\\/\\\/www.designreisen.de\\\/magazin\\\/pantelleria\\\/#primaryimage\"},\"thumbnailUrl\":\"https:\\\/\\\/www.designreisen.de\\\/magazin\\\/wp-content\\\/uploads\\\/2021\\\/05\\\/AdobeStock_74183581.jpg\",\"datePublished\":\"2021-05-12T11:42:10+00:00\",\"dateModified\":\"2022-02-08T15:56:20+00:00\",\"author\":{\"@id\":\"https:\\\/\\\/www.designreisen.de\\\/magazin\\\/#\\\/schema\\\/person\\\/4715cef33fdb6966f85c73c5f7fec58d\"},\"breadcrumb\":{\"@id\":\"https:\\\/\\\/www.designreisen.de\\\/magazin\\\/pantelleria\\\/#breadcrumb\"},\"inLanguage\":\"de\",\"potentialAction\":[{\"@type\":\"ReadAction\",\"target\":[\"https:\\\/\\\/www.designreisen.de\\\/magazin\\\/pantelleria\\\/\"]}]},{\"@type\":\"ImageObject\",\"inLanguage\":\"de\",\"@id\":\"https:\\\/\\\/www.designreisen.de\\\/magazin\\\/pantelleria\\\/#primaryimage\",\"url\":\"https:\\\/\\\/www.designreisen.de\\\/magazin\\\/wp-content\\\/uploads\\\/2021\\\/05\\\/AdobeStock_74183581.jpg\",\"contentUrl\":\"https:\\\/\\\/www.designreisen.de\\\/magazin\\\/wp-content\\\/uploads\\\/2021\\\/05\\\/AdobeStock_74183581.jpg\",\"width\":1090,\"height\":700},{\"@type\":\"BreadcrumbList\",\"@id\":\"https:\\\/\\\/www.designreisen.de\\\/magazin\\\/pantelleria\\\/#breadcrumb\",\"itemListElement\":[{\"@type\":\"ListItem\",\"position\":1,\"name\":\"Home\",\"item\":\"https:\\\/\\\/www.designreisen.de\\\/magazin\\\/\"},{\"@type\":\"ListItem\",\"position\":2,\"name\":\"Pantelleria\"}]},{\"@type\":\"WebSite\",\"@id\":\"https:\\\/\\\/www.designreisen.de\\\/magazin\\\/#website\",\"url\":\"https:\\\/\\\/www.designreisen.de\\\/magazin\\\/\",\"name\":\"Connection to Paradise | Luxusreiseblog\",\"description\":\"Der exklusive Reiseblog von DESIGNREISEN\",\"potentialAction\":[{\"@type\":\"SearchAction\",\"target\":{\"@type\":\"EntryPoint\",\"urlTemplate\":\"https:\\\/\\\/www.designreisen.de\\\/magazin\\\/?s={search_term_string}\"},\"query-input\":{\"@type\":\"PropertyValueSpecification\",\"valueRequired\":true,\"valueName\":\"search_term_string\"}}],\"inLanguage\":\"de\"},{\"@type\":\"Person\",\"@id\":\"https:\\\/\\\/www.designreisen.de\\\/magazin\\\/#\\\/schema\\\/person\\\/4715cef33fdb6966f85c73c5f7fec58d\",\"name\":\"Fabian von Poser\",\"image\":{\"@type\":\"ImageObject\",\"inLanguage\":\"de\",\"@id\":\"https:\\\/\\\/www.designreisen.de\\\/magazin\\\/wp-content\\\/uploads\\\/2017\\\/06\\\/Fabian-von-Poser_avatar_1496389865-96x96.jpg\",\"url\":\"https:\\\/\\\/www.designreisen.de\\\/magazin\\\/wp-content\\\/uploads\\\/2017\\\/06\\\/Fabian-von-Poser_avatar_1496389865-96x96.jpg\",\"contentUrl\":\"https:\\\/\\\/www.designreisen.de\\\/magazin\\\/wp-content\\\/uploads\\\/2017\\\/06\\\/Fabian-von-Poser_avatar_1496389865-96x96.jpg\",\"caption\":\"Fabian von Poser\"},\"description\":\"Fabian von Poser ist Chefredakteur von \u201eConnection to Paradise\u201c und seit 20 Jahren f\u00fcr namhafte Magazine im In- und Ausland t\u00e4tig. F\u00fcr seine Reportagen bereiste er fast die ganze Welt. Immer wieder zieht es ihn in die spanischsprachigen L\u00e4nder. Den afrikanischen Kontinent bereiste er mehr als 50 Mal.\",\"sameAs\":[\"http:\\\/\\\/www.fabianvonposer.com\\\/\"]}]}<\/script>\n<!-- \/ Yoast SEO plugin. -->","yoast_head_json":{"title":"Pantelleria - Connection to Paradise | Luxusreiseblog","robots":{"index":"index","follow":"follow","max-snippet":"max-snippet:-1","max-image-preview":"max-image-preview:large","max-video-preview":"max-video-preview:-1"},"canonical":"https:\/\/www.designreisen.de\/magazin\/pantelleria\/","og_locale":"de_DE","og_type":"article","og_title":"Pantelleria - Connection to Paradise | Luxusreiseblog","og_description":"So klein, so sch\u00f6n","og_url":"https:\/\/www.designreisen.de\/magazin\/pantelleria\/","og_site_name":"Connection to Paradise | Luxusreiseblog","article_publisher":"https:\/\/www.facebook.com\/Designreisen\/","article_published_time":"2021-05-12T11:42:10+00:00","article_modified_time":"2022-02-08T15:56:20+00:00","og_image":[{"width":1090,"height":700,"url":"https:\/\/www.designreisen.de\/magazin\/wp-content\/uploads\/2021\/05\/AdobeStock_74183581.jpg","type":"image\/jpeg"}],"author":"Fabian von Poser","twitter_card":"summary_large_image","twitter_misc":{"Verfasst von":"Fabian von Poser","Gesch\u00e4tzte Lesezeit":"3\u00a0Minuten"},"schema":{"@context":"https:\/\/schema.org","@graph":[{"@type":"Article","@id":"https:\/\/www.designreisen.de\/magazin\/pantelleria\/#article","isPartOf":{"@id":"https:\/\/www.designreisen.de\/magazin\/pantelleria\/"},"author":{"name":"Fabian von Poser","@id":"https:\/\/www.designreisen.de\/magazin\/#\/schema\/person\/4715cef33fdb6966f85c73c5f7fec58d"},"headline":"Pantelleria","datePublished":"2021-05-12T11:42:10+00:00","dateModified":"2022-02-08T15:56:20+00:00","mainEntityOfPage":{"@id":"https:\/\/www.designreisen.de\/magazin\/pantelleria\/"},"wordCount":337,"commentCount":0,"image":{"@id":"https:\/\/www.designreisen.de\/magazin\/pantelleria\/#primaryimage"},"thumbnailUrl":"https:\/\/www.designreisen.de\/magazin\/wp-content\/uploads\/2021\/05\/AdobeStock_74183581.jpg","keywords":["Europa","Insel","luxusreise","Sizilien"],"articleSection":["Europas sch\u00f6nste Inseln","Specials"],"inLanguage":"de","potentialAction":[{"@type":"CommentAction","name":"Comment","target":["https:\/\/www.designreisen.de\/magazin\/pantelleria\/#respond"]}]},{"@type":"WebPage","@id":"https:\/\/www.designreisen.de\/magazin\/pantelleria\/","url":"https:\/\/www.designreisen.de\/magazin\/pantelleria\/","name":"Pantelleria - Connection to Paradise | Luxusreiseblog","isPartOf":{"@id":"https:\/\/www.designreisen.de\/magazin\/#website"},"primaryImageOfPage":{"@id":"https:\/\/www.designreisen.de\/magazin\/pantelleria\/#primaryimage"},"image":{"@id":"https:\/\/www.designreisen.de\/magazin\/pantelleria\/#primaryimage"},"thumbnailUrl":"https:\/\/www.designreisen.de\/magazin\/wp-content\/uploads\/2021\/05\/AdobeStock_74183581.jpg","datePublished":"2021-05-12T11:42:10+00:00","dateModified":"2022-02-08T15:56:20+00:00","author":{"@id":"https:\/\/www.designreisen.de\/magazin\/#\/schema\/person\/4715cef33fdb6966f85c73c5f7fec58d"},"breadcrumb":{"@id":"https:\/\/www.designreisen.de\/magazin\/pantelleria\/#breadcrumb"},"inLanguage":"de","potentialAction":[{"@type":"ReadAction","target":["https:\/\/www.designreisen.de\/magazin\/pantelleria\/"]}]},{"@type":"ImageObject","inLanguage":"de","@id":"https:\/\/www.designreisen.de\/magazin\/pantelleria\/#primaryimage","url":"https:\/\/www.designreisen.de\/magazin\/wp-content\/uploads\/2021\/05\/AdobeStock_74183581.jpg","contentUrl":"https:\/\/www.designreisen.de\/magazin\/wp-content\/uploads\/2021\/05\/AdobeStock_74183581.jpg","width":1090,"height":700},{"@type":"BreadcrumbList","@id":"https:\/\/www.designreisen.de\/magazin\/pantelleria\/#breadcrumb","itemListElement":[{"@type":"ListItem","position":1,"name":"Home","item":"https:\/\/www.designreisen.de\/magazin\/"},{"@type":"ListItem","position":2,"name":"Pantelleria"}]},{"@type":"WebSite","@id":"https:\/\/www.designreisen.de\/magazin\/#website","url":"https:\/\/www.designreisen.de\/magazin\/","name":"Connection to Paradise | Luxusreiseblog","description":"Der exklusive Reiseblog von DESIGNREISEN","potentialAction":[{"@type":"SearchAction","target":{"@type":"EntryPoint","urlTemplate":"https:\/\/www.designreisen.de\/magazin\/?s={search_term_string}"},"query-input":{"@type":"PropertyValueSpecification","valueRequired":true,"valueName":"search_term_string"}}],"inLanguage":"de"},{"@type":"Person","@id":"https:\/\/www.designreisen.de\/magazin\/#\/schema\/person\/4715cef33fdb6966f85c73c5f7fec58d","name":"Fabian von Poser","image":{"@type":"ImageObject","inLanguage":"de","@id":"https:\/\/www.designreisen.de\/magazin\/wp-content\/uploads\/2017\/06\/Fabian-von-Poser_avatar_1496389865-96x96.jpg","url":"https:\/\/www.designreisen.de\/magazin\/wp-content\/uploads\/2017\/06\/Fabian-von-Poser_avatar_1496389865-96x96.jpg","contentUrl":"https:\/\/www.designreisen.de\/magazin\/wp-content\/uploads\/2017\/06\/Fabian-von-Poser_avatar_1496389865-96x96.jpg","caption":"Fabian von Poser"},"description":"Fabian von Poser ist Chefredakteur von \u201eConnection to Paradise\u201c und seit 20 Jahren f\u00fcr namhafte Magazine im In- und Ausland t\u00e4tig. F\u00fcr seine Reportagen bereiste er fast die ganze Welt. Immer wieder zieht es ihn in die spanischsprachigen L\u00e4nder. Den afrikanischen Kontinent bereiste er mehr als 50 Mal.","sameAs":["http:\/\/www.fabianvonposer.com\/"]}]}},"_links":{"self":[{"href":"https:\/\/www.designreisen.de\/magazin\/wp-json\/wp\/v2\/posts\/5059","targetHints":{"allow":["GET"]}}],"collection":[{"href":"https:\/\/www.designreisen.de\/magazin\/wp-json\/wp\/v2\/posts"}],"about":[{"href":"https:\/\/www.designreisen.de\/magazin\/wp-json\/wp\/v2\/types\/post"}],"author":[{"embeddable":true,"href":"https:\/\/www.designreisen.de\/magazin\/wp-json\/wp\/v2\/users\/22"}],"replies":[{"embeddable":true,"href":"https:\/\/www.designreisen.de\/magazin\/wp-json\/wp\/v2\/comments?post=5059"}],"version-history":[{"count":6,"href":"https:\/\/www.designreisen.de\/magazin\/wp-json\/wp\/v2\/posts\/5059\/revisions"}],"predecessor-version":[{"id":5179,"href":"https:\/\/www.designreisen.de\/magazin\/wp-json\/wp\/v2\/posts\/5059\/revisions\/5179"}],"wp:featuredmedia":[{"embeddable":true,"href":"https:\/\/www.designreisen.de\/magazin\/wp-json\/wp\/v2\/media\/5060"}],"wp:attachment":[{"href":"https:\/\/www.designreisen.de\/magazin\/wp-json\/wp\/v2\/media?parent=5059"}],"wp:term":[{"taxonomy":"category","embeddable":true,"href":"https:\/\/www.designreisen.de\/magazin\/wp-json\/wp\/v2\/categories?post=5059"},{"taxonomy":"post_tag","embeddable":true,"href":"https:\/\/www.designreisen.de\/magazin\/wp-json\/wp\/v2\/tags?post=5059"}],"curies":[{"name":"wp","href":"https:\/\/api.w.org\/{rel}","templated":true}]}}