{"id":5647,"date":"2021-12-17T12:46:42","date_gmt":"2021-12-17T11:46:42","guid":{"rendered":"https:\/\/www.designreisen.de\/magazin\/?p=5647"},"modified":"2022-09-28T15:06:40","modified_gmt":"2022-09-28T13:06:40","slug":"paradies-in-tuerkis","status":"publish","type":"post","link":"https:\/\/www.designreisen.de\/magazin\/paradies-in-tuerkis\/","title":{"rendered":"Die Malediven &#8211; Paradies in T\u00fcrkis"},"content":{"rendered":"<p>Wovon tr\u00e4umen wir, wenn wir an das Paradies denken? Von kristallklarem Wasser, Palmen und puderweichem Sand? Von Weite, Stille, Einsamkeit? Die <a href=\"https:\/\/www.designreisen.de\/luxusreisen\/malediven\/\">Malediven<\/a>, jene Aneinanderreihung von fast 1.200 Inseln s\u00fcdlich von <a href=\"https:\/\/www.designreisen.de\/luxusreisen\/indischer-subkontinent\/\">Indien<\/a>, bieten genau das. Oder k\u00f6nnen Argumente wie diese nicht \u00fcberzeugen: ein endloses Ensemble aus Inseln und Eilanden, umfriest von Korallenriffen? Eines davon ist sch\u00f6ner als das andere. Dazu bl\u00fctenwei\u00dfe Sandstr\u00e4nde, t\u00fcrkisfarbene Lagunen, v\u00f6llige Abgeschiedenheit und ganzj\u00e4hrige Wohlf\u00fchltemperaturen, die selten unter 25 Grad fallen. Die <a href=\"https:\/\/www.designreisen.de\/luxusreisen\/malediven\/\">Malediven<\/a> sind ein Bilderbuchparadies, ein tropischer Garten Eden!<\/p>\n<div id=\"attachment_5654\" class=\"wp-caption alignnone\"><img loading=\"lazy\" decoding=\"async\" aria-describedby=\"caption-attachment-5654\" class=\"wp-image-5654 size-full animated\" src=\"https:\/\/www.designreisen.de\/magazin\/wp-content\/uploads\/2021\/12\/Family-Beach-Villa-with-Pool-Outdoor-scaled.jpg\" alt=\"\" width=\"2099\" height=\"1440\" srcset=\"https:\/\/www.designreisen.de\/magazin\/wp-content\/uploads\/2021\/12\/Family-Beach-Villa-with-Pool-Outdoor-scaled.jpg 2099w, https:\/\/www.designreisen.de\/magazin\/wp-content\/uploads\/2021\/12\/Family-Beach-Villa-with-Pool-Outdoor-437x300.jpg 437w, https:\/\/www.designreisen.de\/magazin\/wp-content\/uploads\/2021\/12\/Family-Beach-Villa-with-Pool-Outdoor-1024x703.jpg 1024w, https:\/\/www.designreisen.de\/magazin\/wp-content\/uploads\/2021\/12\/Family-Beach-Villa-with-Pool-Outdoor-768x527.jpg 768w, https:\/\/www.designreisen.de\/magazin\/wp-content\/uploads\/2021\/12\/Family-Beach-Villa-with-Pool-Outdoor-1536x1054.jpg 1536w, https:\/\/www.designreisen.de\/magazin\/wp-content\/uploads\/2021\/12\/Family-Beach-Villa-with-Pool-Outdoor-2048x1405.jpg 2048w, https:\/\/www.designreisen.de\/magazin\/wp-content\/uploads\/2021\/12\/Family-Beach-Villa-with-Pool-Outdoor-1920x1317.jpg 1920w\" sizes=\"auto, (max-width: 2099px) 100vw, 2099px\" \/><p id=\"caption-attachment-5654\" class=\"wp-caption-text\">Sehr einladend: Family-Beach-Villa des Joali Maldives.<\/p><\/div>\n<p>\u00dcber einen Zeitraum von Zehntausenden von Jahren haben Myriaden von Korallenpolypen die 26 kleinen und gr\u00f6\u00dferen Atolle der <a href=\"https:\/\/www.designreisen.de\/luxusreisen\/malediven\/\">Malediven<\/a> erschaffen. Die Unterwasserwelt der Inselrepublik, deren Name \u00fcbersetzt einfach nur \u201eInselkette\u201c bedeutet, ist legend\u00e4r: Tropische Fischschw\u00e4rme, riesige Korallen und vielerorts eine Unterwasser-Sicht von bis zu 50 Metern sorgen f\u00fcr atemberaubende Schnorchel- und Tauchg\u00e4nge. \u201eEs sind Erlebnisse, die man sonst nur im Great Barrier Reef in <a href=\"https:\/\/www.designreisen.de\/luxusreisen\/australien\/\">Australien<\/a> hat\u201c, sagt Franziska Hoffmann, Reisedesignerin f\u00fcr den <a href=\"https:\/\/www.designreisen.de\/luxusreisen\/indischer-ozean\/\">Indischen Ozean<\/a> bei Designreisen.<\/p>\n<p>Die meisten der knapp 1.200 Inseln sind unbewohnt. Auf nur 220 von ihnen leben Menschen, etwa 140 dienen als Hotelinseln. Gerade im Luxussegment gibt es hier eine Vielzahl an Hotels unterschiedlicher Couleur. \u201eAuf den <a href=\"https:\/\/www.designreisen.de\/luxusreisen\/malediven\/\">Malediven<\/a> wohnt man entweder in klassischem Luxus oder im Robinson-Style wie beispielsweise in den Hotels der <a href=\"https:\/\/www.designreisen.de\/luxusreisen\/baa-atoll-soneva-fushi\/\">Soneva<\/a>-Gruppe\u201c, sagt Hoffmann. \u201eDer Standard an Villen, Einrichtungen und Service hier ist enorm.\u201c In puncto Villen unterscheidet sich die Inselgruppe von <a href=\"https:\/\/www.designreisen.de\/luxusreisen\/mauritius\/\">Mauritius<\/a> und den <a href=\"https:\/\/www.designreisen.de\/luxusreisen\/seychellen\/\">Seychellen<\/a>, denn dort kommen die G\u00e4ste in der Regel in gro\u00dfen Geb\u00e4uden unter. Private Villen wie beispielsweise bei <a href=\"https:\/\/www.designreisen.de\/luxusreisen\/noonu-atoll-soneva-jani\/\">Soneva<\/a> sind eher die Ausnahme.<\/p>\n<div id=\"attachment_5658\" class=\"wp-caption alignnone\"><img loading=\"lazy\" decoding=\"async\" aria-describedby=\"caption-attachment-5658\" class=\"wp-image-5658 size-full animated\" src=\"https:\/\/www.designreisen.de\/magazin\/wp-content\/uploads\/2021\/12\/conrad19-scaled.jpg\" alt=\"\" width=\"1080\" height=\"1440\" srcset=\"https:\/\/www.designreisen.de\/magazin\/wp-content\/uploads\/2021\/12\/conrad19-scaled.jpg 1080w, https:\/\/www.designreisen.de\/magazin\/wp-content\/uploads\/2021\/12\/conrad19-225x300.jpg 225w, https:\/\/www.designreisen.de\/magazin\/wp-content\/uploads\/2021\/12\/conrad19-768x1024.jpg 768w, https:\/\/www.designreisen.de\/magazin\/wp-content\/uploads\/2021\/12\/conrad19-1152x1536.jpg 1152w, https:\/\/www.designreisen.de\/magazin\/wp-content\/uploads\/2021\/12\/conrad19-1536x2048.jpg 1536w, https:\/\/www.designreisen.de\/magazin\/wp-content\/uploads\/2021\/12\/conrad19-1920x2560.jpg 1920w\" sizes=\"auto, (max-width: 1080px) 100vw, 1080px\" \/><p id=\"caption-attachment-5658\" class=\"wp-caption-text\">Sehr spektakul\u00e4r: Schnorcheln mit Walhaien im Baa-Atoll nahe dem Soneva Fushi.<\/p><\/div>\n<p>F\u00fcr ihren Traum vom Tourismus haben Sonu und Eva Shivdasani, die Besitzer von Soneva, auf den <a href=\"https:\/\/www.designreisen.de\/luxusreisen\/malediven\/\">Malediven<\/a> zwei irdische Paradiese geschaffen: <a href=\"https:\/\/www.designreisen.de\/luxusreisen\/baa-atoll-soneva-fushi\/\">Soneva Fushi<\/a> und <a href=\"https:\/\/www.designreisen.de\/luxusreisen\/noonu-atoll-soneva-jani\/\">Soneva Jani<\/a>. Das <a href=\"https:\/\/www.designreisen.de\/luxusreisen\/noonu-atoll-soneva-jani\/\">Soneva Jani<\/a> beispielsweise liegt in einem smaragdfarbenen Paradies auf der Insel Medhufaru im Noonu-Atoll in einer f\u00fcnf Kilometer langen Lagune. Die 50 exklusiven \u201eWater Retreats\u201c und \u201eWater Reserves\u201c k\u00f6nnten dem Bilderbuch entsprungen sein, denn sie scheinen auf dem Wasser zu schweben. Die D\u00e4cher der zweist\u00f6ckigen Villen lassen sich per Knopfdruck zur\u00fcckfahren, sodass man unter dem Sternenhimmel (und doch gesch\u00fctzt im kuscheligen Bett) schlafen kann.<\/p>\n<h3>NO SHOWS, NO NEWS<\/h3>\n<p>\u201eLuxus bedeutet, im Einklang mit sich und seiner Umgebung zu sein\u201c, sagt Sonu Shivdasani. \u201eDas eine geht ohne das andere nicht. Mit unseren Resorts schaffen wir Orte, die unsere G\u00e4ste zu sich selbst bringen, damit sie die Hektik und die st\u00e4ndige Reiz\u00fcberflutung des Alltags hinter sich lassen.\u201c Dem Soneva-Chef geht es um ein bewusstes, achtsames Zelebrieren des Wohlstands. Ziel ist es, den G\u00e4sten Erlebnisse zu bieten, die begeistern und gleichsam die Erdverbundenheit st\u00e4rken. Einer der Grunds\u00e4tze ist der Barfu\u00dfluxus: Wer ein Soneva-Resort betritt, der gibt seine Schuhe an der Rezeption ab. \u201eDenn keine Schuhe anzuhaben, bedeutet viel mehr, als nur barfu\u00df zu gehen. Mit jedem Schritt fallen Zivilisationsballast und das Ego, das uns st\u00e4ndig antreibt, von uns ab\u201c, sagt Shivdasani.<\/p>\n<div id=\"attachment_5655\" class=\"wp-caption alignnone\"><img loading=\"lazy\" decoding=\"async\" aria-describedby=\"caption-attachment-5655\" class=\"wp-image-5655 size-full animated\" src=\"https:\/\/www.designreisen.de\/magazin\/wp-content\/uploads\/2021\/12\/DSC02000.jpg\" alt=\"\" width=\"961\" height=\"1440\" srcset=\"https:\/\/www.designreisen.de\/magazin\/wp-content\/uploads\/2021\/12\/DSC02000.jpg 961w, https:\/\/www.designreisen.de\/magazin\/wp-content\/uploads\/2021\/12\/DSC02000-200x300.jpg 200w, https:\/\/www.designreisen.de\/magazin\/wp-content\/uploads\/2021\/12\/DSC02000-683x1024.jpg 683w, https:\/\/www.designreisen.de\/magazin\/wp-content\/uploads\/2021\/12\/DSC02000-768x1151.jpg 768w, https:\/\/www.designreisen.de\/magazin\/wp-content\/uploads\/2021\/12\/DSC02000-1025x1536.jpg 1025w, https:\/\/www.designreisen.de\/magazin\/wp-content\/uploads\/2021\/12\/DSC02000-1366x2048.jpg 1366w\" sizes=\"auto, (max-width: 961px) 100vw, 961px\" \/><p id=\"caption-attachment-5655\" class=\"wp-caption-text\">Sehr tiefgehend: Schnorcheln nahe dem One &amp; Only auf der Insel Reethi Rah im Nord-Mal\u00e9-Atoll<\/p><\/div>\n<p>Auf den <a href=\"https:\/\/www.designreisen.de\/luxusreisen\/malediven\/\">Malediven<\/a> gibt es mehr als ein Dutzend Hotels der obersten Kategorie. Dazu z\u00e4hlt neben den beiden Soneva-H\u00e4usern zum Beispiel auch das <a href=\"https:\/\/www.designreisen.de\/luxusreisen\/baa-atoll-milaidhoo-island-maldives\/\">Milaidhoo Maldives Resort<\/a>. Es liegt auf einer nur 5,4 Hektar gro\u00dfen Insel im Baa-Atoll und bietet luxuri\u00f6se Villen, perfekten Service und K\u00fcche vom Feinsten. Die lichtdurchflutete Architektur macht jeden Aufenthalt zum Vergn\u00fcgen. Weitere Sehnsuchtsorte sind das j\u00fcngst er\u00f6ffnete <a href=\"https:\/\/www.designreisen.de\/luxusreisen\/raa-atoll-joali-maldives\/\">Joali Maldives<\/a> mit seinem grandiosen Spa und das <a href=\"https:\/\/www.designreisen.de\/luxusreisen\/laamu-atoll-six-senses-laamu\/\">Six Senses Laamu<\/a>. Im einzigen Resort im Laamu-Atoll werden Nachhaltigkeit und Service gro\u00dfgeschrieben. Dazu kommt auch hier K\u00fcche auf allerh\u00f6chstem Niveau: Im auf zwei Etagen \u00fcber dem Wasser liegenden Restaurant \u201eLongitude\u201c werden internationale Gerichte der Spitzenklasse serviert. Fangfrischen Fisch und Produkte aus dem eigenen Biogarten gibt es im \u201eLeaf\u201c. Das \u201eZen\u201c kreiert f\u00fcr maximal zw\u00f6lf Personen japanisch-maledivische Spezialit\u00e4ten aus der Fusionsk\u00fcche.<\/p>\n<p>\u201eAuch das macht die <a href=\"https:\/\/www.designreisen.de\/luxusreisen\/malediven\/\">Malediven<\/a> aus\u201c, sagt Designreisen-Chefin marion Aliabadi. \u201eDie K\u00fcche dort ist extrem gesund und vielf\u00e4ltig.\u201c Es gebe auf den <a href=\"https:\/\/www.designreisen.de\/luxusreisen\/malediven\/\">Malediven<\/a> eigentlich alles: Mediterran, Indisch, Japanisch und nat\u00fcrlich immer frischen Fisch und erlesene Weine. Das Sch\u00f6ne daran: Abends beim Essen geht es v\u00f6llig entspannt zu. \u201eDas kleine Schwarze kann getrost zu Hause bleiben\u201c, sagt Aliabadi. \u201eDenn einen Dresscode gibt es auf den Malediven nicht. Wer Lust hat, der geht einfach barfu\u00df zum Essen.\u201c Mal v\u00f6llig aussteigen? Die <a href=\"https:\/\/www.designreisen.de\/luxusreisen\/malediven\/\">Malediven<\/a> machen genau das m\u00f6glich.<\/p>\n","protected":false},"excerpt":{"rendered":"<p>Die Malediven sind ein Sehnsuchtsziel f\u00fcr alle, die Robinsonaden auf einer einsamen Insel, eine grandiose Unterwasserwelt und viel Privatsph\u00e4re suchen.<\/p>\n","protected":false},"author":22,"featured_media":5649,"comment_status":"open","ping_status":"open","sticky":false,"template":"","format":"standard","meta":{"_acf_changed":false,"footnotes":""},"categories":[279,202],"tags":[56,57,162,98],"class_list":["post-5647","post","type-post","status-publish","format-standard","has-post-thumbnail","hentry","category-der-indische-ozean","category-specials","tag-indischer-ozean","tag-insel","tag-luxusreise","tag-malediven"],"acf":[],"yoast_head":"<!-- This site is optimized with the Yoast SEO plugin v27.5 - https:\/\/yoast.com\/product\/yoast-seo-wordpress\/ -->\n<title>Die Malediven - Paradies in T\u00fcrkis - Connection to Paradise | Luxusreiseblog<\/title>\n<meta name=\"robots\" content=\"index, follow, max-snippet:-1, max-image-preview:large, max-video-preview:-1\" \/>\n<link rel=\"canonical\" href=\"https:\/\/www.designreisen.de\/magazin\/paradies-in-tuerkis\/\" \/>\n<meta property=\"og:locale\" content=\"de_DE\" \/>\n<meta property=\"og:type\" content=\"article\" \/>\n<meta property=\"og:title\" content=\"Die Malediven - Paradies in T\u00fcrkis - Connection to Paradise | Luxusreiseblog\" \/>\n<meta property=\"og:description\" content=\"Die Malediven sind ein Sehnsuchtsziel f\u00fcr alle, die Robinsonaden auf einer einsamen Insel, eine grandiose Unterwasserwelt und viel Privatsph\u00e4re suchen.\" \/>\n<meta property=\"og:url\" content=\"https:\/\/www.designreisen.de\/magazin\/paradies-in-tuerkis\/\" \/>\n<meta property=\"og:site_name\" content=\"Connection to Paradise | Luxusreiseblog\" \/>\n<meta property=\"article:publisher\" content=\"https:\/\/www.facebook.com\/Designreisen\/\" \/>\n<meta property=\"article:published_time\" content=\"2021-12-17T11:46:42+00:00\" \/>\n<meta property=\"article:modified_time\" content=\"2022-09-28T13:06:40+00:00\" \/>\n<meta property=\"og:image\" content=\"https:\/\/www.designreisen.de\/magazin\/wp-content\/uploads\/2021\/12\/10884_Out-of-the-Blue-Restaurant-at-Soneva-Fushi-scaled-e1639564337970.jpg\" \/>\n\t<meta property=\"og:image:width\" content=\"1080\" \/>\n\t<meta property=\"og:image:height\" content=\"809\" \/>\n\t<meta property=\"og:image:type\" content=\"image\/jpeg\" \/>\n<meta name=\"author\" content=\"Fabian von Poser\" \/>\n<meta name=\"twitter:card\" content=\"summary_large_image\" \/>\n<meta name=\"twitter:label1\" content=\"Verfasst von\" \/>\n\t<meta name=\"twitter:data1\" content=\"Fabian von Poser\" \/>\n\t<meta name=\"twitter:label2\" content=\"Gesch\u00e4tzte Lesezeit\" \/>\n\t<meta name=\"twitter:data2\" content=\"5\u00a0Minuten\" \/>\n<script type=\"application\/ld+json\" class=\"yoast-schema-graph\">{\"@context\":\"https:\\\/\\\/schema.org\",\"@graph\":[{\"@type\":\"Article\",\"@id\":\"https:\\\/\\\/www.designreisen.de\\\/magazin\\\/paradies-in-tuerkis\\\/#article\",\"isPartOf\":{\"@id\":\"https:\\\/\\\/www.designreisen.de\\\/magazin\\\/paradies-in-tuerkis\\\/\"},\"author\":{\"name\":\"Fabian von Poser\",\"@id\":\"https:\\\/\\\/www.designreisen.de\\\/magazin\\\/#\\\/schema\\\/person\\\/4715cef33fdb6966f85c73c5f7fec58d\"},\"headline\":\"Die Malediven &#8211; Paradies in T\u00fcrkis\",\"datePublished\":\"2021-12-17T11:46:42+00:00\",\"dateModified\":\"2022-09-28T13:06:40+00:00\",\"mainEntityOfPage\":{\"@id\":\"https:\\\/\\\/www.designreisen.de\\\/magazin\\\/paradies-in-tuerkis\\\/\"},\"wordCount\":795,\"commentCount\":0,\"image\":{\"@id\":\"https:\\\/\\\/www.designreisen.de\\\/magazin\\\/paradies-in-tuerkis\\\/#primaryimage\"},\"thumbnailUrl\":\"https:\\\/\\\/www.designreisen.de\\\/magazin\\\/wp-content\\\/uploads\\\/2021\\\/12\\\/10884_Out-of-the-Blue-Restaurant-at-Soneva-Fushi-scaled-e1639564337970.jpg\",\"keywords\":[\"Indischer Ozean\",\"Insel\",\"luxusreise\",\"Malediven\"],\"articleSection\":[\"Der Indische Ozean\",\"Specials\"],\"inLanguage\":\"de\",\"potentialAction\":[{\"@type\":\"CommentAction\",\"name\":\"Comment\",\"target\":[\"https:\\\/\\\/www.designreisen.de\\\/magazin\\\/paradies-in-tuerkis\\\/#respond\"]}]},{\"@type\":\"WebPage\",\"@id\":\"https:\\\/\\\/www.designreisen.de\\\/magazin\\\/paradies-in-tuerkis\\\/\",\"url\":\"https:\\\/\\\/www.designreisen.de\\\/magazin\\\/paradies-in-tuerkis\\\/\",\"name\":\"Die Malediven - Paradies in T\u00fcrkis - Connection to Paradise | Luxusreiseblog\",\"isPartOf\":{\"@id\":\"https:\\\/\\\/www.designreisen.de\\\/magazin\\\/#website\"},\"primaryImageOfPage\":{\"@id\":\"https:\\\/\\\/www.designreisen.de\\\/magazin\\\/paradies-in-tuerkis\\\/#primaryimage\"},\"image\":{\"@id\":\"https:\\\/\\\/www.designreisen.de\\\/magazin\\\/paradies-in-tuerkis\\\/#primaryimage\"},\"thumbnailUrl\":\"https:\\\/\\\/www.designreisen.de\\\/magazin\\\/wp-content\\\/uploads\\\/2021\\\/12\\\/10884_Out-of-the-Blue-Restaurant-at-Soneva-Fushi-scaled-e1639564337970.jpg\",\"datePublished\":\"2021-12-17T11:46:42+00:00\",\"dateModified\":\"2022-09-28T13:06:40+00:00\",\"author\":{\"@id\":\"https:\\\/\\\/www.designreisen.de\\\/magazin\\\/#\\\/schema\\\/person\\\/4715cef33fdb6966f85c73c5f7fec58d\"},\"breadcrumb\":{\"@id\":\"https:\\\/\\\/www.designreisen.de\\\/magazin\\\/paradies-in-tuerkis\\\/#breadcrumb\"},\"inLanguage\":\"de\",\"potentialAction\":[{\"@type\":\"ReadAction\",\"target\":[\"https:\\\/\\\/www.designreisen.de\\\/magazin\\\/paradies-in-tuerkis\\\/\"]}]},{\"@type\":\"ImageObject\",\"inLanguage\":\"de\",\"@id\":\"https:\\\/\\\/www.designreisen.de\\\/magazin\\\/paradies-in-tuerkis\\\/#primaryimage\",\"url\":\"https:\\\/\\\/www.designreisen.de\\\/magazin\\\/wp-content\\\/uploads\\\/2021\\\/12\\\/10884_Out-of-the-Blue-Restaurant-at-Soneva-Fushi-scaled-e1639564337970.jpg\",\"contentUrl\":\"https:\\\/\\\/www.designreisen.de\\\/magazin\\\/wp-content\\\/uploads\\\/2021\\\/12\\\/10884_Out-of-the-Blue-Restaurant-at-Soneva-Fushi-scaled-e1639564337970.jpg\",\"width\":1080,\"height\":809},{\"@type\":\"BreadcrumbList\",\"@id\":\"https:\\\/\\\/www.designreisen.de\\\/magazin\\\/paradies-in-tuerkis\\\/#breadcrumb\",\"itemListElement\":[{\"@type\":\"ListItem\",\"position\":1,\"name\":\"Home\",\"item\":\"https:\\\/\\\/www.designreisen.de\\\/magazin\\\/\"},{\"@type\":\"ListItem\",\"position\":2,\"name\":\"Die Malediven &#8211; Paradies in T\u00fcrkis\"}]},{\"@type\":\"WebSite\",\"@id\":\"https:\\\/\\\/www.designreisen.de\\\/magazin\\\/#website\",\"url\":\"https:\\\/\\\/www.designreisen.de\\\/magazin\\\/\",\"name\":\"Connection to Paradise | Luxusreiseblog\",\"description\":\"Der exklusive Reiseblog von DESIGNREISEN\",\"potentialAction\":[{\"@type\":\"SearchAction\",\"target\":{\"@type\":\"EntryPoint\",\"urlTemplate\":\"https:\\\/\\\/www.designreisen.de\\\/magazin\\\/?s={search_term_string}\"},\"query-input\":{\"@type\":\"PropertyValueSpecification\",\"valueRequired\":true,\"valueName\":\"search_term_string\"}}],\"inLanguage\":\"de\"},{\"@type\":\"Person\",\"@id\":\"https:\\\/\\\/www.designreisen.de\\\/magazin\\\/#\\\/schema\\\/person\\\/4715cef33fdb6966f85c73c5f7fec58d\",\"name\":\"Fabian von Poser\",\"image\":{\"@type\":\"ImageObject\",\"inLanguage\":\"de\",\"@id\":\"https:\\\/\\\/www.designreisen.de\\\/magazin\\\/wp-content\\\/uploads\\\/2017\\\/06\\\/Fabian-von-Poser_avatar_1496389865-96x96.jpg\",\"url\":\"https:\\\/\\\/www.designreisen.de\\\/magazin\\\/wp-content\\\/uploads\\\/2017\\\/06\\\/Fabian-von-Poser_avatar_1496389865-96x96.jpg\",\"contentUrl\":\"https:\\\/\\\/www.designreisen.de\\\/magazin\\\/wp-content\\\/uploads\\\/2017\\\/06\\\/Fabian-von-Poser_avatar_1496389865-96x96.jpg\",\"caption\":\"Fabian von Poser\"},\"description\":\"Fabian von Poser ist Chefredakteur von \u201eConnection to Paradise\u201c und seit 20 Jahren f\u00fcr namhafte Magazine im In- und Ausland t\u00e4tig. F\u00fcr seine Reportagen bereiste er fast die ganze Welt. Immer wieder zieht es ihn in die spanischsprachigen L\u00e4nder. Den afrikanischen Kontinent bereiste er mehr als 50 Mal.\",\"sameAs\":[\"http:\\\/\\\/www.fabianvonposer.com\\\/\"]}]}<\/script>\n<!-- \/ Yoast SEO plugin. -->","yoast_head_json":{"title":"Die Malediven - Paradies in T\u00fcrkis - Connection to Paradise | Luxusreiseblog","robots":{"index":"index","follow":"follow","max-snippet":"max-snippet:-1","max-image-preview":"max-image-preview:large","max-video-preview":"max-video-preview:-1"},"canonical":"https:\/\/www.designreisen.de\/magazin\/paradies-in-tuerkis\/","og_locale":"de_DE","og_type":"article","og_title":"Die Malediven - Paradies in T\u00fcrkis - Connection to Paradise | Luxusreiseblog","og_description":"Die Malediven sind ein Sehnsuchtsziel f\u00fcr alle, die Robinsonaden auf einer einsamen Insel, eine grandiose Unterwasserwelt und viel Privatsph\u00e4re suchen.","og_url":"https:\/\/www.designreisen.de\/magazin\/paradies-in-tuerkis\/","og_site_name":"Connection to Paradise | Luxusreiseblog","article_publisher":"https:\/\/www.facebook.com\/Designreisen\/","article_published_time":"2021-12-17T11:46:42+00:00","article_modified_time":"2022-09-28T13:06:40+00:00","og_image":[{"width":1080,"height":809,"url":"https:\/\/www.designreisen.de\/magazin\/wp-content\/uploads\/2021\/12\/10884_Out-of-the-Blue-Restaurant-at-Soneva-Fushi-scaled-e1639564337970.jpg","type":"image\/jpeg"}],"author":"Fabian von Poser","twitter_card":"summary_large_image","twitter_misc":{"Verfasst von":"Fabian von Poser","Gesch\u00e4tzte Lesezeit":"5\u00a0Minuten"},"schema":{"@context":"https:\/\/schema.org","@graph":[{"@type":"Article","@id":"https:\/\/www.designreisen.de\/magazin\/paradies-in-tuerkis\/#article","isPartOf":{"@id":"https:\/\/www.designreisen.de\/magazin\/paradies-in-tuerkis\/"},"author":{"name":"Fabian von Poser","@id":"https:\/\/www.designreisen.de\/magazin\/#\/schema\/person\/4715cef33fdb6966f85c73c5f7fec58d"},"headline":"Die Malediven &#8211; Paradies in T\u00fcrkis","datePublished":"2021-12-17T11:46:42+00:00","dateModified":"2022-09-28T13:06:40+00:00","mainEntityOfPage":{"@id":"https:\/\/www.designreisen.de\/magazin\/paradies-in-tuerkis\/"},"wordCount":795,"commentCount":0,"image":{"@id":"https:\/\/www.designreisen.de\/magazin\/paradies-in-tuerkis\/#primaryimage"},"thumbnailUrl":"https:\/\/www.designreisen.de\/magazin\/wp-content\/uploads\/2021\/12\/10884_Out-of-the-Blue-Restaurant-at-Soneva-Fushi-scaled-e1639564337970.jpg","keywords":["Indischer Ozean","Insel","luxusreise","Malediven"],"articleSection":["Der Indische Ozean","Specials"],"inLanguage":"de","potentialAction":[{"@type":"CommentAction","name":"Comment","target":["https:\/\/www.designreisen.de\/magazin\/paradies-in-tuerkis\/#respond"]}]},{"@type":"WebPage","@id":"https:\/\/www.designreisen.de\/magazin\/paradies-in-tuerkis\/","url":"https:\/\/www.designreisen.de\/magazin\/paradies-in-tuerkis\/","name":"Die Malediven - Paradies in T\u00fcrkis - Connection to Paradise | Luxusreiseblog","isPartOf":{"@id":"https:\/\/www.designreisen.de\/magazin\/#website"},"primaryImageOfPage":{"@id":"https:\/\/www.designreisen.de\/magazin\/paradies-in-tuerkis\/#primaryimage"},"image":{"@id":"https:\/\/www.designreisen.de\/magazin\/paradies-in-tuerkis\/#primaryimage"},"thumbnailUrl":"https:\/\/www.designreisen.de\/magazin\/wp-content\/uploads\/2021\/12\/10884_Out-of-the-Blue-Restaurant-at-Soneva-Fushi-scaled-e1639564337970.jpg","datePublished":"2021-12-17T11:46:42+00:00","dateModified":"2022-09-28T13:06:40+00:00","author":{"@id":"https:\/\/www.designreisen.de\/magazin\/#\/schema\/person\/4715cef33fdb6966f85c73c5f7fec58d"},"breadcrumb":{"@id":"https:\/\/www.designreisen.de\/magazin\/paradies-in-tuerkis\/#breadcrumb"},"inLanguage":"de","potentialAction":[{"@type":"ReadAction","target":["https:\/\/www.designreisen.de\/magazin\/paradies-in-tuerkis\/"]}]},{"@type":"ImageObject","inLanguage":"de","@id":"https:\/\/www.designreisen.de\/magazin\/paradies-in-tuerkis\/#primaryimage","url":"https:\/\/www.designreisen.de\/magazin\/wp-content\/uploads\/2021\/12\/10884_Out-of-the-Blue-Restaurant-at-Soneva-Fushi-scaled-e1639564337970.jpg","contentUrl":"https:\/\/www.designreisen.de\/magazin\/wp-content\/uploads\/2021\/12\/10884_Out-of-the-Blue-Restaurant-at-Soneva-Fushi-scaled-e1639564337970.jpg","width":1080,"height":809},{"@type":"BreadcrumbList","@id":"https:\/\/www.designreisen.de\/magazin\/paradies-in-tuerkis\/#breadcrumb","itemListElement":[{"@type":"ListItem","position":1,"name":"Home","item":"https:\/\/www.designreisen.de\/magazin\/"},{"@type":"ListItem","position":2,"name":"Die Malediven &#8211; Paradies in T\u00fcrkis"}]},{"@type":"WebSite","@id":"https:\/\/www.designreisen.de\/magazin\/#website","url":"https:\/\/www.designreisen.de\/magazin\/","name":"Connection to Paradise | Luxusreiseblog","description":"Der exklusive Reiseblog von DESIGNREISEN","potentialAction":[{"@type":"SearchAction","target":{"@type":"EntryPoint","urlTemplate":"https:\/\/www.designreisen.de\/magazin\/?s={search_term_string}"},"query-input":{"@type":"PropertyValueSpecification","valueRequired":true,"valueName":"search_term_string"}}],"inLanguage":"de"},{"@type":"Person","@id":"https:\/\/www.designreisen.de\/magazin\/#\/schema\/person\/4715cef33fdb6966f85c73c5f7fec58d","name":"Fabian von Poser","image":{"@type":"ImageObject","inLanguage":"de","@id":"https:\/\/www.designreisen.de\/magazin\/wp-content\/uploads\/2017\/06\/Fabian-von-Poser_avatar_1496389865-96x96.jpg","url":"https:\/\/www.designreisen.de\/magazin\/wp-content\/uploads\/2017\/06\/Fabian-von-Poser_avatar_1496389865-96x96.jpg","contentUrl":"https:\/\/www.designreisen.de\/magazin\/wp-content\/uploads\/2017\/06\/Fabian-von-Poser_avatar_1496389865-96x96.jpg","caption":"Fabian von Poser"},"description":"Fabian von Poser ist Chefredakteur von \u201eConnection to Paradise\u201c und seit 20 Jahren f\u00fcr namhafte Magazine im In- und Ausland t\u00e4tig. F\u00fcr seine Reportagen bereiste er fast die ganze Welt. Immer wieder zieht es ihn in die spanischsprachigen L\u00e4nder. Den afrikanischen Kontinent bereiste er mehr als 50 Mal.","sameAs":["http:\/\/www.fabianvonposer.com\/"]}]}},"_links":{"self":[{"href":"https:\/\/www.designreisen.de\/magazin\/wp-json\/wp\/v2\/posts\/5647","targetHints":{"allow":["GET"]}}],"collection":[{"href":"https:\/\/www.designreisen.de\/magazin\/wp-json\/wp\/v2\/posts"}],"about":[{"href":"https:\/\/www.designreisen.de\/magazin\/wp-json\/wp\/v2\/types\/post"}],"author":[{"embeddable":true,"href":"https:\/\/www.designreisen.de\/magazin\/wp-json\/wp\/v2\/users\/22"}],"replies":[{"embeddable":true,"href":"https:\/\/www.designreisen.de\/magazin\/wp-json\/wp\/v2\/comments?post=5647"}],"version-history":[{"count":15,"href":"https:\/\/www.designreisen.de\/magazin\/wp-json\/wp\/v2\/posts\/5647\/revisions"}],"predecessor-version":[{"id":7523,"href":"https:\/\/www.designreisen.de\/magazin\/wp-json\/wp\/v2\/posts\/5647\/revisions\/7523"}],"wp:featuredmedia":[{"embeddable":true,"href":"https:\/\/www.designreisen.de\/magazin\/wp-json\/wp\/v2\/media\/5649"}],"wp:attachment":[{"href":"https:\/\/www.designreisen.de\/magazin\/wp-json\/wp\/v2\/media?parent=5647"}],"wp:term":[{"taxonomy":"category","embeddable":true,"href":"https:\/\/www.designreisen.de\/magazin\/wp-json\/wp\/v2\/categories?post=5647"},{"taxonomy":"post_tag","embeddable":true,"href":"https:\/\/www.designreisen.de\/magazin\/wp-json\/wp\/v2\/tags?post=5647"}],"curies":[{"name":"wp","href":"https:\/\/api.w.org\/{rel}","templated":true}]}}