{"id":5714,"date":"2021-12-17T12:42:41","date_gmt":"2021-12-17T11:42:41","guid":{"rendered":"https:\/\/www.designreisen.de\/magazin\/?p=5714"},"modified":"2022-09-29T10:36:17","modified_gmt":"2022-09-29T08:36:17","slug":"into-the-blue","status":"publish","type":"post","link":"https:\/\/www.designreisen.de\/magazin\/into-the-blue\/","title":{"rendered":"Interview &#8211; Into the blue"},"content":{"rendered":"<p><strong>CTP: Frau Aliabadi, was fasziniert Sie so am Indischen Ozean?<\/strong><\/p>\n<p>Marion Aliabadi: Der <a href=\"https:\/\/www.designreisen.de\/luxusreisen\/indischer-ozean\/\">Indische Ozean<\/a> bietet mit seinen sehr unterschiedlichen Inselgruppen eine enorme landschaftliche und kulturelle Vielfalt. Da sind zum Beispiel die <a href=\"https:\/\/www.designreisen.de\/luxusreisen\/seychellen\/\">Seychellen<\/a> mit ihren 115 fast komplett unter Naturschutz stehenden Granit- und Koralleninseln, traumhaften Sandstr\u00e4nden und exklusiven Hotels. Namen wie Praslin, La Digue, Silhouette und North Island zergehen Kennern auf der Zunge. Zwei Flugstunden weiter s\u00fcdlich liegt die Multikulti-Insel <a href=\"https:\/\/www.designreisen.de\/luxusreisen\/mauritius\/\">Mauritius<\/a>. Die Dichte an F\u00fcnf-Sterne-Hotels dort ist enorm. Hotels wie das legend\u00e4re <a href=\"https:\/\/www.designreisen.de\/luxusreisen\/belle-mare-oneonly-le-saint-geran\/\">One &amp; Only Le Saint G\u00e9ran<\/a> im Nordosten der Insel sind regelrechte Destinationen. Man f\u00e4hrt nicht nach <a href=\"https:\/\/www.designreisen.de\/luxusreisen\/mauritius\/\">Mauritius<\/a>, sondern ins \u201e<a href=\"https:\/\/www.designreisen.de\/luxusreisen\/belle-mare-oneonly-le-saint-geran\/\">Saint G\u00e9ran<\/a>\u201c. Dazu kommen tolle Str\u00e4nde, das riesige Angebot an Wassersportm\u00f6glichkeiten und die gro\u00dfartigen Golfpl\u00e4tze. Diese Kombination ist gerade f\u00fcr Sportbegeisterte unschlagbar. Und da sind nat\u00fcrlich die <a href=\"https:\/\/www.designreisen.de\/luxusreisen\/malediven\/\">Malediven<\/a>. Wo sonst gibt es so etwas: eine fast 900 Kilometer lange Inselkette mit 1.200 kleinen, kreisrunden Inseln, von denen man die meisten zu Fu\u00df umrunden kann? Hotels, Zimmer und Service auf den <a href=\"https:\/\/www.designreisen.de\/luxusreisen\/malediven\/\">Malediven<\/a> setzen weltweit Ma\u00dfst\u00e4be. Ich gebe zu: Ich bin ein riesiger Malediven-Fan. Ich liebe es, im kristallklaren Wasser zu schwimmen, barfu\u00df um die Insel zu spazieren und 14 Tage lang kein Auto zu sehen \u2013 das ist f\u00fcr mich wirkliche Erholung.<\/p>\n<div id=\"attachment_5715\" class=\"wp-caption alignnone\"><img loading=\"lazy\" decoding=\"async\" aria-describedby=\"caption-attachment-5715\" class=\"size-full wp-image-5715 animated\" src=\"https:\/\/www.designreisen.de\/magazin\/wp-content\/uploads\/2021\/12\/MG_0554-scaled.jpg\" alt=\"\" width=\"960\" height=\"1440\" srcset=\"https:\/\/www.designreisen.de\/magazin\/wp-content\/uploads\/2021\/12\/MG_0554-scaled.jpg 960w, https:\/\/www.designreisen.de\/magazin\/wp-content\/uploads\/2021\/12\/MG_0554-200x300.jpg 200w, https:\/\/www.designreisen.de\/magazin\/wp-content\/uploads\/2021\/12\/MG_0554-683x1024.jpg 683w, https:\/\/www.designreisen.de\/magazin\/wp-content\/uploads\/2021\/12\/MG_0554-768x1152.jpg 768w, https:\/\/www.designreisen.de\/magazin\/wp-content\/uploads\/2021\/12\/MG_0554-1024x1536.jpg 1024w, https:\/\/www.designreisen.de\/magazin\/wp-content\/uploads\/2021\/12\/MG_0554-1365x2048.jpg 1365w, https:\/\/www.designreisen.de\/magazin\/wp-content\/uploads\/2021\/12\/MG_0554-1920x2880.jpg 1920w\" sizes=\"auto, (max-width: 960px) 100vw, 960px\" \/><p id=\"caption-attachment-5715\" class=\"wp-caption-text\">Willkommen im Paradies: Marion Aliabadi im Soneva Jani im Noonu-Atoll, einem der exklusiven Resorts der Soneva-Gruppe auf den Malediven.<\/p><\/div>\n<p><strong>CTP: Sie haben selbst Wurzeln in der Karibik. Hand aufs Herz: Karibik oder Indischer Ozean?<\/strong><\/p>\n<p>Marion Aliabadi: Ein Teil meiner Familie kommt aus<a href=\"https:\/\/www.designreisen.de\/luxusreisen\/bonaire-harbour-village-beach-club\/\"> Bonaire<\/a>, eine der drei <a href=\"https:\/\/www.designreisen.de\/luxusreisen\/abc-inseln\/\">ABC-Inseln<\/a>. Ich liebe die<a href=\"https:\/\/www.designreisen.de\/luxusreisen\/karibik\/\"> Karibik<\/a>. Dort leben wunderbare Menschen und es gibt dort viele traumhafte Orte. Aber es zieht mich auch immer wieder in den <a href=\"https:\/\/www.designreisen.de\/luxusreisen\/indischer-ozean\/\">Indischen Ozean<\/a>. Der Indische Ozean hat schon von seiner Ausdehnung her eine viel gr\u00f6\u00dfere landschaftliche und kulturelle Vielfalt zu bieten. Auch die Hotelinfrastruktur unterscheidet sich. Nat\u00fcrlich gibt es auch in der <a href=\"https:\/\/www.designreisen.de\/luxusreisen\/karibik\/\">Karibik<\/a> viele exklusive Orte. Ich denke da zum Beispiel an <a href=\"https:\/\/www.designreisen.de\/luxusreisen\/st-barthelemy\/\">St. Barth<\/a> und die <a href=\"https:\/\/www.designreisen.de\/luxusreisen\/bahamas\/\">Bahamas.<\/a> Doch durch die N\u00e4he zu den <a href=\"https:\/\/www.designreisen.de\/luxusreisen\/usa-der-osten\/\">USA<\/a> ist der Tourismus in der <a href=\"https:\/\/www.designreisen.de\/luxusreisen\/karibik\/\">Karibik<\/a> traditionell mehr auf Masse ausgerichtet. Nimmt man zum Beispiel die <a href=\"https:\/\/www.designreisen.de\/luxusreisen\/malediven\/\">Malediven<\/a>, dann sind die Hotels dort wirklich exklusiv. Viele der Villen liegen direkt auf dem Wasser \u2013 und man hat sie ganz f\u00fcr sich. Apropos Privatsph\u00e4re: Nat\u00fcrlich gibt es auch in der Karibik Privatinseln wie Necker Island auf den <a href=\"https:\/\/www.designreisen.de\/luxusreisen\/british-virgin-islands\/\">British Virgin Islands<\/a> von Sir Richard Branson, aber nicht in der F\u00fclle wie im Indischen Ozean. Fr\u00e9gate und North Island sind legend\u00e4r. Auf den <a href=\"https:\/\/www.designreisen.de\/luxusreisen\/malediven\/\">Malediven<\/a> haben die allermeisten Luxushotels ohnehin eine eigene Insel f\u00fcr sich.<\/p>\n<p><strong>CTP: Verraten Sie uns einige Ihrer Lieblingsorte?<\/strong><\/p>\n<p>Marion Aliabadi: Zu meinen Favoriten auf den<a href=\"https:\/\/www.designreisen.de\/luxusreisen\/malediven\/\"> Malediven<\/a> geh\u00f6ren die Hotels der Soneva-Gruppe, vor allem das <a href=\"https:\/\/www.designreisen.de\/luxusreisen\/noonu-atoll-soneva-jani\/\">Soneva Jani<\/a> und das <a href=\"https:\/\/www.designreisen.de\/luxusreisen\/baa-atoll-soneva-fushi\/\">Soneva Fushi<\/a>. Mich begeistern vor allem das nachhaltige Konzept und der holistische Ansatz der Besitzer Eva und Sonu Shivdasani. Sie sind so etwas wie Pioniere des nachhaltigen Luxustourismus. Die zweist\u00f6ckigen Wasservillen des<a href=\"https:\/\/www.designreisen.de\/luxusreisen\/noonu-atoll-soneva-jani\/\"> Soneva Jani<\/a> im Noonu-Atoll geh\u00f6ren f\u00fcr mich zu den sch\u00f6nsten Orten auf den <a href=\"https:\/\/www.designreisen.de\/luxusreisen\/malediven\/\">Malediven<\/a>. Dort stimmt einfach alles: Lage, Design, Nachhaltigkeit. Auch das <a href=\"https:\/\/www.designreisen.de\/luxusreisen\/baa-atoll-milaidhoo-island-maldives\/\">Milaidhoo<\/a> im Baa-Atoll mit seiner lichtdurchfluteten Architektur geh\u00f6rt zu meinen Lieblingspl\u00e4tzen. Auf <a href=\"https:\/\/www.designreisen.de\/luxusreisen\/mauritius\/\">Mauritius<\/a> ist das <a href=\"https:\/\/www.designreisen.de\/luxusreisen\/beau-champ-four-seasons-resort-mauritius-at-anahita\/\">Four Seasons Resort Mauritius at Anahita<\/a> einer meiner Favoriten. Die Atmosph\u00e4re dort ist einmalig. Man f\u00fchlt sich sofort unglaublich wohl. Highlights auf den <a href=\"https:\/\/www.designreisen.de\/luxusreisen\/seychellen\/\">Seychellen<\/a> sind f\u00fcr mich Fr\u00e9gate und nat\u00fcrlich das ikonische North Island. Die Farben, das Meer, das Essen, die vollkommene Privatsph\u00e4re und der unglaubliche Blick \u00fcber die Unermesslichkeit des Indischen Ozeans: North Island ist f\u00fcr mich der Inbegriff von Paradies.<\/p>\n","protected":false},"excerpt":{"rendered":"<p>Der Indische Ozean bietet jede Menge Raum f\u00fcr Robinsonaden. Kaum jemand kennt die Luxushotellerie dort besser als Designreisen-Gesch\u00e4ftsf\u00fchrerin Marion Aliabadi. Dutzende Male hat sie die Malediven, Mauritius und die Seychellen bereist.<\/p>\n","protected":false},"author":22,"featured_media":5811,"comment_status":"open","ping_status":"open","sticky":false,"template":"","format":"standard","meta":{"_acf_changed":false,"footnotes":""},"categories":[279,202],"tags":[56,104],"class_list":["post-5714","post","type-post","status-publish","format-standard","has-post-thumbnail","hentry","category-der-indische-ozean","category-specials","tag-indischer-ozean","tag-interview"],"acf":[],"yoast_head":"<!-- This site is optimized with the Yoast SEO plugin v27.5 - https:\/\/yoast.com\/product\/yoast-seo-wordpress\/ -->\n<title>Interview - Into the blue - Connection to Paradise | Luxusreiseblog<\/title>\n<meta name=\"robots\" content=\"index, follow, max-snippet:-1, max-image-preview:large, max-video-preview:-1\" \/>\n<link rel=\"canonical\" href=\"https:\/\/www.designreisen.de\/magazin\/into-the-blue\/\" \/>\n<meta property=\"og:locale\" content=\"de_DE\" \/>\n<meta property=\"og:type\" content=\"article\" \/>\n<meta property=\"og:title\" content=\"Interview - Into the blue - Connection to Paradise | Luxusreiseblog\" \/>\n<meta property=\"og:description\" content=\"Der Indische Ozean bietet jede Menge Raum f\u00fcr Robinsonaden. Kaum jemand kennt die Luxushotellerie dort besser als Designreisen-Gesch\u00e4ftsf\u00fchrerin Marion Aliabadi. Dutzende Male hat sie die Malediven, Mauritius und die Seychellen bereist.\" \/>\n<meta property=\"og:url\" content=\"https:\/\/www.designreisen.de\/magazin\/into-the-blue\/\" \/>\n<meta property=\"og:site_name\" content=\"Connection to Paradise | Luxusreiseblog\" \/>\n<meta property=\"article:publisher\" content=\"https:\/\/www.facebook.com\/Designreisen\/\" \/>\n<meta property=\"article:published_time\" content=\"2021-12-17T11:42:41+00:00\" \/>\n<meta property=\"article:modified_time\" content=\"2022-09-29T08:36:17+00:00\" \/>\n<meta property=\"og:image\" content=\"https:\/\/www.designreisen.de\/magazin\/wp-content\/uploads\/2021\/12\/MG_0554-crop-scaled.jpg\" \/>\n\t<meta property=\"og:image:width\" content=\"1921\" \/>\n\t<meta property=\"og:image:height\" content=\"1440\" \/>\n\t<meta property=\"og:image:type\" content=\"image\/jpeg\" \/>\n<meta name=\"author\" content=\"Fabian von Poser\" \/>\n<meta name=\"twitter:card\" content=\"summary_large_image\" \/>\n<meta name=\"twitter:label1\" content=\"Verfasst von\" \/>\n\t<meta name=\"twitter:data1\" content=\"Fabian von Poser\" \/>\n\t<meta name=\"twitter:label2\" content=\"Gesch\u00e4tzte Lesezeit\" \/>\n\t<meta name=\"twitter:data2\" content=\"4\u00a0Minuten\" \/>\n<script type=\"application\/ld+json\" class=\"yoast-schema-graph\">{\"@context\":\"https:\\\/\\\/schema.org\",\"@graph\":[{\"@type\":\"Article\",\"@id\":\"https:\\\/\\\/www.designreisen.de\\\/magazin\\\/into-the-blue\\\/#article\",\"isPartOf\":{\"@id\":\"https:\\\/\\\/www.designreisen.de\\\/magazin\\\/into-the-blue\\\/\"},\"author\":{\"name\":\"Fabian von Poser\",\"@id\":\"https:\\\/\\\/www.designreisen.de\\\/magazin\\\/#\\\/schema\\\/person\\\/4715cef33fdb6966f85c73c5f7fec58d\"},\"headline\":\"Interview &#8211; Into the blue\",\"datePublished\":\"2021-12-17T11:42:41+00:00\",\"dateModified\":\"2022-09-29T08:36:17+00:00\",\"mainEntityOfPage\":{\"@id\":\"https:\\\/\\\/www.designreisen.de\\\/magazin\\\/into-the-blue\\\/\"},\"wordCount\":622,\"commentCount\":0,\"image\":{\"@id\":\"https:\\\/\\\/www.designreisen.de\\\/magazin\\\/into-the-blue\\\/#primaryimage\"},\"thumbnailUrl\":\"https:\\\/\\\/www.designreisen.de\\\/magazin\\\/wp-content\\\/uploads\\\/2021\\\/12\\\/MG_0554-crop-scaled.jpg\",\"keywords\":[\"Indischer Ozean\",\"interview\"],\"articleSection\":[\"Der Indische Ozean\",\"Specials\"],\"inLanguage\":\"de\",\"potentialAction\":[{\"@type\":\"CommentAction\",\"name\":\"Comment\",\"target\":[\"https:\\\/\\\/www.designreisen.de\\\/magazin\\\/into-the-blue\\\/#respond\"]}]},{\"@type\":\"WebPage\",\"@id\":\"https:\\\/\\\/www.designreisen.de\\\/magazin\\\/into-the-blue\\\/\",\"url\":\"https:\\\/\\\/www.designreisen.de\\\/magazin\\\/into-the-blue\\\/\",\"name\":\"Interview - Into the blue - Connection to Paradise | Luxusreiseblog\",\"isPartOf\":{\"@id\":\"https:\\\/\\\/www.designreisen.de\\\/magazin\\\/#website\"},\"primaryImageOfPage\":{\"@id\":\"https:\\\/\\\/www.designreisen.de\\\/magazin\\\/into-the-blue\\\/#primaryimage\"},\"image\":{\"@id\":\"https:\\\/\\\/www.designreisen.de\\\/magazin\\\/into-the-blue\\\/#primaryimage\"},\"thumbnailUrl\":\"https:\\\/\\\/www.designreisen.de\\\/magazin\\\/wp-content\\\/uploads\\\/2021\\\/12\\\/MG_0554-crop-scaled.jpg\",\"datePublished\":\"2021-12-17T11:42:41+00:00\",\"dateModified\":\"2022-09-29T08:36:17+00:00\",\"author\":{\"@id\":\"https:\\\/\\\/www.designreisen.de\\\/magazin\\\/#\\\/schema\\\/person\\\/4715cef33fdb6966f85c73c5f7fec58d\"},\"breadcrumb\":{\"@id\":\"https:\\\/\\\/www.designreisen.de\\\/magazin\\\/into-the-blue\\\/#breadcrumb\"},\"inLanguage\":\"de\",\"potentialAction\":[{\"@type\":\"ReadAction\",\"target\":[\"https:\\\/\\\/www.designreisen.de\\\/magazin\\\/into-the-blue\\\/\"]}]},{\"@type\":\"ImageObject\",\"inLanguage\":\"de\",\"@id\":\"https:\\\/\\\/www.designreisen.de\\\/magazin\\\/into-the-blue\\\/#primaryimage\",\"url\":\"https:\\\/\\\/www.designreisen.de\\\/magazin\\\/wp-content\\\/uploads\\\/2021\\\/12\\\/MG_0554-crop-scaled.jpg\",\"contentUrl\":\"https:\\\/\\\/www.designreisen.de\\\/magazin\\\/wp-content\\\/uploads\\\/2021\\\/12\\\/MG_0554-crop-scaled.jpg\",\"width\":1921,\"height\":1440},{\"@type\":\"BreadcrumbList\",\"@id\":\"https:\\\/\\\/www.designreisen.de\\\/magazin\\\/into-the-blue\\\/#breadcrumb\",\"itemListElement\":[{\"@type\":\"ListItem\",\"position\":1,\"name\":\"Home\",\"item\":\"https:\\\/\\\/www.designreisen.de\\\/magazin\\\/\"},{\"@type\":\"ListItem\",\"position\":2,\"name\":\"Interview &#8211; Into the blue\"}]},{\"@type\":\"WebSite\",\"@id\":\"https:\\\/\\\/www.designreisen.de\\\/magazin\\\/#website\",\"url\":\"https:\\\/\\\/www.designreisen.de\\\/magazin\\\/\",\"name\":\"Connection to Paradise | Luxusreiseblog\",\"description\":\"Der exklusive Reiseblog von DESIGNREISEN\",\"potentialAction\":[{\"@type\":\"SearchAction\",\"target\":{\"@type\":\"EntryPoint\",\"urlTemplate\":\"https:\\\/\\\/www.designreisen.de\\\/magazin\\\/?s={search_term_string}\"},\"query-input\":{\"@type\":\"PropertyValueSpecification\",\"valueRequired\":true,\"valueName\":\"search_term_string\"}}],\"inLanguage\":\"de\"},{\"@type\":\"Person\",\"@id\":\"https:\\\/\\\/www.designreisen.de\\\/magazin\\\/#\\\/schema\\\/person\\\/4715cef33fdb6966f85c73c5f7fec58d\",\"name\":\"Fabian von Poser\",\"image\":{\"@type\":\"ImageObject\",\"inLanguage\":\"de\",\"@id\":\"https:\\\/\\\/www.designreisen.de\\\/magazin\\\/wp-content\\\/uploads\\\/2017\\\/06\\\/Fabian-von-Poser_avatar_1496389865-96x96.jpg\",\"url\":\"https:\\\/\\\/www.designreisen.de\\\/magazin\\\/wp-content\\\/uploads\\\/2017\\\/06\\\/Fabian-von-Poser_avatar_1496389865-96x96.jpg\",\"contentUrl\":\"https:\\\/\\\/www.designreisen.de\\\/magazin\\\/wp-content\\\/uploads\\\/2017\\\/06\\\/Fabian-von-Poser_avatar_1496389865-96x96.jpg\",\"caption\":\"Fabian von Poser\"},\"description\":\"Fabian von Poser ist Chefredakteur von \u201eConnection to Paradise\u201c und seit 20 Jahren f\u00fcr namhafte Magazine im In- und Ausland t\u00e4tig. F\u00fcr seine Reportagen bereiste er fast die ganze Welt. Immer wieder zieht es ihn in die spanischsprachigen L\u00e4nder. Den afrikanischen Kontinent bereiste er mehr als 50 Mal.\",\"sameAs\":[\"http:\\\/\\\/www.fabianvonposer.com\\\/\"]}]}<\/script>\n<!-- \/ Yoast SEO plugin. -->","yoast_head_json":{"title":"Interview - Into the blue - Connection to Paradise | Luxusreiseblog","robots":{"index":"index","follow":"follow","max-snippet":"max-snippet:-1","max-image-preview":"max-image-preview:large","max-video-preview":"max-video-preview:-1"},"canonical":"https:\/\/www.designreisen.de\/magazin\/into-the-blue\/","og_locale":"de_DE","og_type":"article","og_title":"Interview - Into the blue - Connection to Paradise | Luxusreiseblog","og_description":"Der Indische Ozean bietet jede Menge Raum f\u00fcr Robinsonaden. Kaum jemand kennt die Luxushotellerie dort besser als Designreisen-Gesch\u00e4ftsf\u00fchrerin Marion Aliabadi. Dutzende Male hat sie die Malediven, Mauritius und die Seychellen bereist.","og_url":"https:\/\/www.designreisen.de\/magazin\/into-the-blue\/","og_site_name":"Connection to Paradise | Luxusreiseblog","article_publisher":"https:\/\/www.facebook.com\/Designreisen\/","article_published_time":"2021-12-17T11:42:41+00:00","article_modified_time":"2022-09-29T08:36:17+00:00","og_image":[{"width":1921,"height":1440,"url":"https:\/\/www.designreisen.de\/magazin\/wp-content\/uploads\/2021\/12\/MG_0554-crop-scaled.jpg","type":"image\/jpeg"}],"author":"Fabian von Poser","twitter_card":"summary_large_image","twitter_misc":{"Verfasst von":"Fabian von Poser","Gesch\u00e4tzte Lesezeit":"4\u00a0Minuten"},"schema":{"@context":"https:\/\/schema.org","@graph":[{"@type":"Article","@id":"https:\/\/www.designreisen.de\/magazin\/into-the-blue\/#article","isPartOf":{"@id":"https:\/\/www.designreisen.de\/magazin\/into-the-blue\/"},"author":{"name":"Fabian von Poser","@id":"https:\/\/www.designreisen.de\/magazin\/#\/schema\/person\/4715cef33fdb6966f85c73c5f7fec58d"},"headline":"Interview &#8211; Into the blue","datePublished":"2021-12-17T11:42:41+00:00","dateModified":"2022-09-29T08:36:17+00:00","mainEntityOfPage":{"@id":"https:\/\/www.designreisen.de\/magazin\/into-the-blue\/"},"wordCount":622,"commentCount":0,"image":{"@id":"https:\/\/www.designreisen.de\/magazin\/into-the-blue\/#primaryimage"},"thumbnailUrl":"https:\/\/www.designreisen.de\/magazin\/wp-content\/uploads\/2021\/12\/MG_0554-crop-scaled.jpg","keywords":["Indischer Ozean","interview"],"articleSection":["Der Indische Ozean","Specials"],"inLanguage":"de","potentialAction":[{"@type":"CommentAction","name":"Comment","target":["https:\/\/www.designreisen.de\/magazin\/into-the-blue\/#respond"]}]},{"@type":"WebPage","@id":"https:\/\/www.designreisen.de\/magazin\/into-the-blue\/","url":"https:\/\/www.designreisen.de\/magazin\/into-the-blue\/","name":"Interview - Into the blue - Connection to Paradise | Luxusreiseblog","isPartOf":{"@id":"https:\/\/www.designreisen.de\/magazin\/#website"},"primaryImageOfPage":{"@id":"https:\/\/www.designreisen.de\/magazin\/into-the-blue\/#primaryimage"},"image":{"@id":"https:\/\/www.designreisen.de\/magazin\/into-the-blue\/#primaryimage"},"thumbnailUrl":"https:\/\/www.designreisen.de\/magazin\/wp-content\/uploads\/2021\/12\/MG_0554-crop-scaled.jpg","datePublished":"2021-12-17T11:42:41+00:00","dateModified":"2022-09-29T08:36:17+00:00","author":{"@id":"https:\/\/www.designreisen.de\/magazin\/#\/schema\/person\/4715cef33fdb6966f85c73c5f7fec58d"},"breadcrumb":{"@id":"https:\/\/www.designreisen.de\/magazin\/into-the-blue\/#breadcrumb"},"inLanguage":"de","potentialAction":[{"@type":"ReadAction","target":["https:\/\/www.designreisen.de\/magazin\/into-the-blue\/"]}]},{"@type":"ImageObject","inLanguage":"de","@id":"https:\/\/www.designreisen.de\/magazin\/into-the-blue\/#primaryimage","url":"https:\/\/www.designreisen.de\/magazin\/wp-content\/uploads\/2021\/12\/MG_0554-crop-scaled.jpg","contentUrl":"https:\/\/www.designreisen.de\/magazin\/wp-content\/uploads\/2021\/12\/MG_0554-crop-scaled.jpg","width":1921,"height":1440},{"@type":"BreadcrumbList","@id":"https:\/\/www.designreisen.de\/magazin\/into-the-blue\/#breadcrumb","itemListElement":[{"@type":"ListItem","position":1,"name":"Home","item":"https:\/\/www.designreisen.de\/magazin\/"},{"@type":"ListItem","position":2,"name":"Interview &#8211; Into the blue"}]},{"@type":"WebSite","@id":"https:\/\/www.designreisen.de\/magazin\/#website","url":"https:\/\/www.designreisen.de\/magazin\/","name":"Connection to Paradise | Luxusreiseblog","description":"Der exklusive Reiseblog von DESIGNREISEN","potentialAction":[{"@type":"SearchAction","target":{"@type":"EntryPoint","urlTemplate":"https:\/\/www.designreisen.de\/magazin\/?s={search_term_string}"},"query-input":{"@type":"PropertyValueSpecification","valueRequired":true,"valueName":"search_term_string"}}],"inLanguage":"de"},{"@type":"Person","@id":"https:\/\/www.designreisen.de\/magazin\/#\/schema\/person\/4715cef33fdb6966f85c73c5f7fec58d","name":"Fabian von Poser","image":{"@type":"ImageObject","inLanguage":"de","@id":"https:\/\/www.designreisen.de\/magazin\/wp-content\/uploads\/2017\/06\/Fabian-von-Poser_avatar_1496389865-96x96.jpg","url":"https:\/\/www.designreisen.de\/magazin\/wp-content\/uploads\/2017\/06\/Fabian-von-Poser_avatar_1496389865-96x96.jpg","contentUrl":"https:\/\/www.designreisen.de\/magazin\/wp-content\/uploads\/2017\/06\/Fabian-von-Poser_avatar_1496389865-96x96.jpg","caption":"Fabian von Poser"},"description":"Fabian von Poser ist Chefredakteur von \u201eConnection to Paradise\u201c und seit 20 Jahren f\u00fcr namhafte Magazine im In- und Ausland t\u00e4tig. F\u00fcr seine Reportagen bereiste er fast die ganze Welt. Immer wieder zieht es ihn in die spanischsprachigen L\u00e4nder. Den afrikanischen Kontinent bereiste er mehr als 50 Mal.","sameAs":["http:\/\/www.fabianvonposer.com\/"]}]}},"_links":{"self":[{"href":"https:\/\/www.designreisen.de\/magazin\/wp-json\/wp\/v2\/posts\/5714","targetHints":{"allow":["GET"]}}],"collection":[{"href":"https:\/\/www.designreisen.de\/magazin\/wp-json\/wp\/v2\/posts"}],"about":[{"href":"https:\/\/www.designreisen.de\/magazin\/wp-json\/wp\/v2\/types\/post"}],"author":[{"embeddable":true,"href":"https:\/\/www.designreisen.de\/magazin\/wp-json\/wp\/v2\/users\/22"}],"replies":[{"embeddable":true,"href":"https:\/\/www.designreisen.de\/magazin\/wp-json\/wp\/v2\/comments?post=5714"}],"version-history":[{"count":12,"href":"https:\/\/www.designreisen.de\/magazin\/wp-json\/wp\/v2\/posts\/5714\/revisions"}],"predecessor-version":[{"id":7530,"href":"https:\/\/www.designreisen.de\/magazin\/wp-json\/wp\/v2\/posts\/5714\/revisions\/7530"}],"wp:featuredmedia":[{"embeddable":true,"href":"https:\/\/www.designreisen.de\/magazin\/wp-json\/wp\/v2\/media\/5811"}],"wp:attachment":[{"href":"https:\/\/www.designreisen.de\/magazin\/wp-json\/wp\/v2\/media?parent=5714"}],"wp:term":[{"taxonomy":"category","embeddable":true,"href":"https:\/\/www.designreisen.de\/magazin\/wp-json\/wp\/v2\/categories?post=5714"},{"taxonomy":"post_tag","embeddable":true,"href":"https:\/\/www.designreisen.de\/magazin\/wp-json\/wp\/v2\/tags?post=5714"}],"curies":[{"name":"wp","href":"https:\/\/api.w.org\/{rel}","templated":true}]}}