{"id":5739,"date":"2021-12-17T12:34:01","date_gmt":"2021-12-17T11:34:01","guid":{"rendered":"https:\/\/www.designreisen.de\/magazin\/?p=5739"},"modified":"2021-12-20T16:31:30","modified_gmt":"2021-12-20T15:31:30","slug":"luxus-neu-definiert","status":"publish","type":"post","link":"https:\/\/www.designreisen.de\/magazin\/luxus-neu-definiert\/","title":{"rendered":"Luxus neu definiert"},"content":{"rendered":"<p>Mauritius &#8211; ein Traum aus wei\u00dfen Sandstr\u00e4nden, im Wind sanft wogenden Palmen und glasklarem Wasser und quirligem Inselleben, ist pr\u00e4destiniert f\u00fcr wunderbare Hotels und Resorts. Kein Wunder also, dass Paul Jones, Gesch\u00e4ftsf\u00fchrer von The Lux Collective, ausgerechnet hier neue Ma\u00dfst\u00e4be f\u00fcr Luxus im Indischen Ozean setzen wollte. Und das ist ihm gelungen. Schon die Architektur aus der Feder des Einheimischen Jean-Fran\u00e7ois Adams, die an Segelboote erinnert und mit traditionellen Materialien realisiert wurde, atmet den Geist der Insel, auf der das Drinnen und Drau\u00dfen kunstvoll miteinander verschwimmen.<\/p>\n<div id=\"attachment_5740\" class=\"wp-caption alignnone\"><img loading=\"lazy\" decoding=\"async\" aria-describedby=\"caption-attachment-5740\" class=\"wp-image-5740 size-full animated\" src=\"https:\/\/www.designreisen.de\/magazin\/wp-content\/uploads\/2021\/12\/PRIO_I_AERIAL_BR-scaled.jpg\" alt=\"\" width=\"2267\" height=\"1440\" srcset=\"https:\/\/www.designreisen.de\/magazin\/wp-content\/uploads\/2021\/12\/PRIO_I_AERIAL_BR-scaled.jpg 2267w, https:\/\/www.designreisen.de\/magazin\/wp-content\/uploads\/2021\/12\/PRIO_I_AERIAL_BR-450x286.jpg 450w, https:\/\/www.designreisen.de\/magazin\/wp-content\/uploads\/2021\/12\/PRIO_I_AERIAL_BR-1024x650.jpg 1024w, https:\/\/www.designreisen.de\/magazin\/wp-content\/uploads\/2021\/12\/PRIO_I_AERIAL_BR-768x488.jpg 768w, https:\/\/www.designreisen.de\/magazin\/wp-content\/uploads\/2021\/12\/PRIO_I_AERIAL_BR-1536x976.jpg 1536w, https:\/\/www.designreisen.de\/magazin\/wp-content\/uploads\/2021\/12\/PRIO_I_AERIAL_BR-2048x1301.jpg 2048w, https:\/\/www.designreisen.de\/magazin\/wp-content\/uploads\/2021\/12\/PRIO_I_AERIAL_BR-1920x1220.jpg 1920w\" sizes=\"auto, (max-width: 2267px) 100vw, 2267px\" \/><p id=\"caption-attachment-5740\" class=\"wp-caption-text\">Einfach mal die Seele baumeln lassen im neuen Poolbereich und dem Rouge Beach Club direkt am Meer.<\/p><\/div>\n<p>Weitl\u00e4ufigkeit, nat\u00fcrliche Texturen und T\u00f6ne bestimmten auch das Interior-Konzept von Kelly Hoppen. Insgesamt entstanden 116 Suiten, Residences, Villen und Penthouses, die mit Gro\u00dfz\u00fcgigkeit und luxuri\u00f6ser Ausstattung punkten. Einige davon verf\u00fcgen \u00fcber ihren privaten Pool und eine Feuerstelle, die LUX* Grand Beach Pool Villa bietet zudem drei Schlafzimmer, direkten Strandzugang, Sonnendeck, einen Chef de Maison, der am Au\u00dfendeck K\u00f6stlichkeiten serviert und Butler-Service.<\/p>\n<h3>Gourmet und Fitness auf neuem Level<\/h3>\n<p>Auch in Sachen Kulinarik \u00fcberl\u00e4sst man nichts dem Zufall. So bietet der Beach Club Beach Rouge direkt am Wasser frische, lokale K\u00fcche den ganzen Tag \u00fcber, abends verwandelt er sich zum Hotspot des Resorts, an dem DJs mit ihren Beats die G\u00e4ste verzaubern. Erstklassige asiatische K\u00fcche, die am Warayaki-Strohfeuer in einer offenen Showk\u00fcche zubereitet wird, lockt ins Fine Dining Restaurant Ai KISU, w\u00e4hrend das Maison LUX* Kaffee aus eigener Herstellung und s\u00fc\u00dfe K\u00f6stlichkeiten serivert. Das weitl\u00e4ufige Rooftop-Lokal Bisou trumpft mit Panoramablicken, einem 30 Meter langen Infinity-Pool, schwimmenden Tapas und Lounge-Vibe auf.<\/p>\n<div id=\"attachment_5741\" class=\"wp-caption alignnone\"><img loading=\"lazy\" decoding=\"async\" aria-describedby=\"caption-attachment-5741\" class=\"wp-image-5741 size-full animated\" src=\"https:\/\/www.designreisen.de\/magazin\/wp-content\/uploads\/2021\/12\/PRIO_II_Reception_Final1513-scaled.jpg\" alt=\"\" width=\"2160\" height=\"1440\" srcset=\"https:\/\/www.designreisen.de\/magazin\/wp-content\/uploads\/2021\/12\/PRIO_II_Reception_Final1513-scaled.jpg 2160w, https:\/\/www.designreisen.de\/magazin\/wp-content\/uploads\/2021\/12\/PRIO_II_Reception_Final1513-450x300.jpg 450w, https:\/\/www.designreisen.de\/magazin\/wp-content\/uploads\/2021\/12\/PRIO_II_Reception_Final1513-1024x683.jpg 1024w, https:\/\/www.designreisen.de\/magazin\/wp-content\/uploads\/2021\/12\/PRIO_II_Reception_Final1513-768x512.jpg 768w, https:\/\/www.designreisen.de\/magazin\/wp-content\/uploads\/2021\/12\/PRIO_II_Reception_Final1513-1536x1024.jpg 1536w, https:\/\/www.designreisen.de\/magazin\/wp-content\/uploads\/2021\/12\/PRIO_II_Reception_Final1513-2048x1365.jpg 2048w, https:\/\/www.designreisen.de\/magazin\/wp-content\/uploads\/2021\/12\/PRIO_II_Reception_Final1513-1920x1280.jpg 1920w\" sizes=\"auto, (max-width: 2160px) 100vw, 2160px\" \/><p id=\"caption-attachment-5741\" class=\"wp-caption-text\">Die imposante Lobby, aus der Feder des einheimischen Architekten, besticht sofort durch die Verarbeitung warmer, nat\u00fcrlicher und nachhaltiger Materialien.<\/p><\/div>\n<p>Das LUX* ME Spa &amp; Fitness ist die richtige Anlaufstelle f\u00fcr alle, die ganzheitlich entspannen oder sich richtig auspowern wollen. Eine breite Palette aus Fitness- und Wellnesskursen sowie ein voll ausgestattetes Fitness Center bieten sich als Trainingspartner an. Mit dem Muscle Up on the Roof gibt es zudem das erste vollwertige Rooftop-Outdoor-Wellness-Erlebnis im Indischen Ozean, komplett mit Laufstrecke und 12 Trainingsstationen. Doch nicht nur die Erwachsenen sind im neuen LUX* Grand Baie Resort &amp; Residences, das sich f\u00fcr Nachhaltigkeit einsetzt, richtig. Auch Kids erleben dank PLAY, das aus fachkundig kuratierten Aktivit\u00e4ten besteht, einen Urlaub, den sie so schnell nicht mehr vergessen werden.<\/p>\n<p>Mehr Informationen zu den Lux Resorts finden Sie <a href=\"http:\/\/www.luxresorts.com\" target=\"_blank\" rel=\"noopener\">hier.<\/a><\/p>\n","protected":false},"excerpt":{"rendered":"<p>Schon seit L\u00e4ngerem freuen sich anspruchsvolle Reisende aus aller Welt auf die Er\u00f6ffnung des LUX* Grand Baie Resort &#038; Residences im Norden von Mauritius. Nun ist es endlich soweit: Das neue Flaggschiff empfing am 1. Dezember seine ersten G\u00e4ste. Schon jetzt gilt das Resort im Boutique-Stil als besonders elegantes Hideaway.<\/p>\n","protected":false},"author":32,"featured_media":5740,"comment_status":"open","ping_status":"open","sticky":false,"template":"","format":"standard","meta":{"_acf_changed":false,"footnotes":""},"categories":[279,202],"tags":[269,144,149],"class_list":["post-5739","post","type-post","status-publish","format-standard","has-post-thumbnail","hentry","category-der-indische-ozean","category-specials","tag-luxus-resorts","tag-luxushotels","tag-mauritius"],"acf":[],"yoast_head":"<!-- This site is optimized with the Yoast SEO plugin v27.5 - https:\/\/yoast.com\/product\/yoast-seo-wordpress\/ -->\n<title>Luxus neu definiert - Connection to Paradise | Luxusreiseblog<\/title>\n<meta name=\"robots\" content=\"index, follow, max-snippet:-1, max-image-preview:large, max-video-preview:-1\" \/>\n<link rel=\"canonical\" href=\"https:\/\/www.designreisen.de\/magazin\/luxus-neu-definiert\/\" \/>\n<meta property=\"og:locale\" content=\"de_DE\" \/>\n<meta property=\"og:type\" content=\"article\" \/>\n<meta property=\"og:title\" content=\"Luxus neu definiert - Connection to Paradise | Luxusreiseblog\" \/>\n<meta property=\"og:description\" content=\"Schon seit L\u00e4ngerem freuen sich anspruchsvolle Reisende aus aller Welt auf die Er\u00f6ffnung des LUX* Grand Baie Resort &amp; Residences im Norden von Mauritius. Nun ist es endlich soweit: Das neue Flaggschiff empfing am 1. Dezember seine ersten G\u00e4ste. Schon jetzt gilt das Resort im Boutique-Stil als besonders elegantes Hideaway.\" \/>\n<meta property=\"og:url\" content=\"https:\/\/www.designreisen.de\/magazin\/luxus-neu-definiert\/\" \/>\n<meta property=\"og:site_name\" content=\"Connection to Paradise | Luxusreiseblog\" \/>\n<meta property=\"article:publisher\" content=\"https:\/\/www.facebook.com\/Designreisen\/\" \/>\n<meta property=\"article:published_time\" content=\"2021-12-17T11:34:01+00:00\" \/>\n<meta property=\"article:modified_time\" content=\"2021-12-20T15:31:30+00:00\" \/>\n<meta property=\"og:image\" content=\"https:\/\/www.designreisen.de\/magazin\/wp-content\/uploads\/2021\/12\/PRIO_I_AERIAL_BR-scaled.jpg\" \/>\n\t<meta property=\"og:image:width\" content=\"2267\" \/>\n\t<meta property=\"og:image:height\" content=\"1440\" \/>\n\t<meta property=\"og:image:type\" content=\"image\/jpeg\" \/>\n<meta name=\"author\" content=\"Olivia Rybak\" \/>\n<meta name=\"twitter:card\" content=\"summary_large_image\" \/>\n<meta name=\"twitter:label1\" content=\"Verfasst von\" \/>\n\t<meta name=\"twitter:data1\" content=\"Olivia Rybak\" \/>\n\t<meta name=\"twitter:label2\" content=\"Gesch\u00e4tzte Lesezeit\" \/>\n\t<meta name=\"twitter:data2\" content=\"3\u00a0Minuten\" \/>\n<script type=\"application\/ld+json\" class=\"yoast-schema-graph\">{\"@context\":\"https:\\\/\\\/schema.org\",\"@graph\":[{\"@type\":\"Article\",\"@id\":\"https:\\\/\\\/www.designreisen.de\\\/magazin\\\/luxus-neu-definiert\\\/#article\",\"isPartOf\":{\"@id\":\"https:\\\/\\\/www.designreisen.de\\\/magazin\\\/luxus-neu-definiert\\\/\"},\"author\":{\"name\":\"Olivia Rybak\",\"@id\":\"https:\\\/\\\/www.designreisen.de\\\/magazin\\\/#\\\/schema\\\/person\\\/25037dd1ce0d65b37933ca6259f33567\"},\"headline\":\"Luxus neu definiert\",\"datePublished\":\"2021-12-17T11:34:01+00:00\",\"dateModified\":\"2021-12-20T15:31:30+00:00\",\"mainEntityOfPage\":{\"@id\":\"https:\\\/\\\/www.designreisen.de\\\/magazin\\\/luxus-neu-definiert\\\/\"},\"wordCount\":438,\"commentCount\":0,\"image\":{\"@id\":\"https:\\\/\\\/www.designreisen.de\\\/magazin\\\/luxus-neu-definiert\\\/#primaryimage\"},\"thumbnailUrl\":\"https:\\\/\\\/www.designreisen.de\\\/magazin\\\/wp-content\\\/uploads\\\/2021\\\/12\\\/PRIO_I_AERIAL_BR-scaled.jpg\",\"keywords\":[\"Luxus-resorts\",\"luxushotels\",\"mauritius\"],\"articleSection\":[\"Der Indische Ozean\",\"Specials\"],\"inLanguage\":\"de\",\"potentialAction\":[{\"@type\":\"CommentAction\",\"name\":\"Comment\",\"target\":[\"https:\\\/\\\/www.designreisen.de\\\/magazin\\\/luxus-neu-definiert\\\/#respond\"]}]},{\"@type\":\"WebPage\",\"@id\":\"https:\\\/\\\/www.designreisen.de\\\/magazin\\\/luxus-neu-definiert\\\/\",\"url\":\"https:\\\/\\\/www.designreisen.de\\\/magazin\\\/luxus-neu-definiert\\\/\",\"name\":\"Luxus neu definiert - Connection to Paradise | Luxusreiseblog\",\"isPartOf\":{\"@id\":\"https:\\\/\\\/www.designreisen.de\\\/magazin\\\/#website\"},\"primaryImageOfPage\":{\"@id\":\"https:\\\/\\\/www.designreisen.de\\\/magazin\\\/luxus-neu-definiert\\\/#primaryimage\"},\"image\":{\"@id\":\"https:\\\/\\\/www.designreisen.de\\\/magazin\\\/luxus-neu-definiert\\\/#primaryimage\"},\"thumbnailUrl\":\"https:\\\/\\\/www.designreisen.de\\\/magazin\\\/wp-content\\\/uploads\\\/2021\\\/12\\\/PRIO_I_AERIAL_BR-scaled.jpg\",\"datePublished\":\"2021-12-17T11:34:01+00:00\",\"dateModified\":\"2021-12-20T15:31:30+00:00\",\"author\":{\"@id\":\"https:\\\/\\\/www.designreisen.de\\\/magazin\\\/#\\\/schema\\\/person\\\/25037dd1ce0d65b37933ca6259f33567\"},\"breadcrumb\":{\"@id\":\"https:\\\/\\\/www.designreisen.de\\\/magazin\\\/luxus-neu-definiert\\\/#breadcrumb\"},\"inLanguage\":\"de\",\"potentialAction\":[{\"@type\":\"ReadAction\",\"target\":[\"https:\\\/\\\/www.designreisen.de\\\/magazin\\\/luxus-neu-definiert\\\/\"]}]},{\"@type\":\"ImageObject\",\"inLanguage\":\"de\",\"@id\":\"https:\\\/\\\/www.designreisen.de\\\/magazin\\\/luxus-neu-definiert\\\/#primaryimage\",\"url\":\"https:\\\/\\\/www.designreisen.de\\\/magazin\\\/wp-content\\\/uploads\\\/2021\\\/12\\\/PRIO_I_AERIAL_BR-scaled.jpg\",\"contentUrl\":\"https:\\\/\\\/www.designreisen.de\\\/magazin\\\/wp-content\\\/uploads\\\/2021\\\/12\\\/PRIO_I_AERIAL_BR-scaled.jpg\",\"width\":2267,\"height\":1440},{\"@type\":\"BreadcrumbList\",\"@id\":\"https:\\\/\\\/www.designreisen.de\\\/magazin\\\/luxus-neu-definiert\\\/#breadcrumb\",\"itemListElement\":[{\"@type\":\"ListItem\",\"position\":1,\"name\":\"Home\",\"item\":\"https:\\\/\\\/www.designreisen.de\\\/magazin\\\/\"},{\"@type\":\"ListItem\",\"position\":2,\"name\":\"Luxus neu definiert\"}]},{\"@type\":\"WebSite\",\"@id\":\"https:\\\/\\\/www.designreisen.de\\\/magazin\\\/#website\",\"url\":\"https:\\\/\\\/www.designreisen.de\\\/magazin\\\/\",\"name\":\"Connection to Paradise | Luxusreiseblog\",\"description\":\"Der exklusive Reiseblog von DESIGNREISEN\",\"potentialAction\":[{\"@type\":\"SearchAction\",\"target\":{\"@type\":\"EntryPoint\",\"urlTemplate\":\"https:\\\/\\\/www.designreisen.de\\\/magazin\\\/?s={search_term_string}\"},\"query-input\":{\"@type\":\"PropertyValueSpecification\",\"valueRequired\":true,\"valueName\":\"search_term_string\"}}],\"inLanguage\":\"de\"},{\"@type\":\"Person\",\"@id\":\"https:\\\/\\\/www.designreisen.de\\\/magazin\\\/#\\\/schema\\\/person\\\/25037dd1ce0d65b37933ca6259f33567\",\"name\":\"Olivia Rybak\",\"image\":{\"@type\":\"ImageObject\",\"inLanguage\":\"de\",\"@id\":\"https:\\\/\\\/www.designreisen.de\\\/magazin\\\/wp-content\\\/uploads\\\/2019\\\/04\\\/Olivia-e1554901656736-96x96.jpg\",\"url\":\"https:\\\/\\\/www.designreisen.de\\\/magazin\\\/wp-content\\\/uploads\\\/2019\\\/04\\\/Olivia-e1554901656736-96x96.jpg\",\"contentUrl\":\"https:\\\/\\\/www.designreisen.de\\\/magazin\\\/wp-content\\\/uploads\\\/2019\\\/04\\\/Olivia-e1554901656736-96x96.jpg\",\"caption\":\"Olivia Rybak\"}}]}<\/script>\n<!-- \/ Yoast SEO plugin. -->","yoast_head_json":{"title":"Luxus neu definiert - Connection to Paradise | Luxusreiseblog","robots":{"index":"index","follow":"follow","max-snippet":"max-snippet:-1","max-image-preview":"max-image-preview:large","max-video-preview":"max-video-preview:-1"},"canonical":"https:\/\/www.designreisen.de\/magazin\/luxus-neu-definiert\/","og_locale":"de_DE","og_type":"article","og_title":"Luxus neu definiert - Connection to Paradise | Luxusreiseblog","og_description":"Schon seit L\u00e4ngerem freuen sich anspruchsvolle Reisende aus aller Welt auf die Er\u00f6ffnung des LUX* Grand Baie Resort & Residences im Norden von Mauritius. Nun ist es endlich soweit: Das neue Flaggschiff empfing am 1. Dezember seine ersten G\u00e4ste. Schon jetzt gilt das Resort im Boutique-Stil als besonders elegantes Hideaway.","og_url":"https:\/\/www.designreisen.de\/magazin\/luxus-neu-definiert\/","og_site_name":"Connection to Paradise | Luxusreiseblog","article_publisher":"https:\/\/www.facebook.com\/Designreisen\/","article_published_time":"2021-12-17T11:34:01+00:00","article_modified_time":"2021-12-20T15:31:30+00:00","og_image":[{"width":2267,"height":1440,"url":"https:\/\/www.designreisen.de\/magazin\/wp-content\/uploads\/2021\/12\/PRIO_I_AERIAL_BR-scaled.jpg","type":"image\/jpeg"}],"author":"Olivia Rybak","twitter_card":"summary_large_image","twitter_misc":{"Verfasst von":"Olivia Rybak","Gesch\u00e4tzte Lesezeit":"3\u00a0Minuten"},"schema":{"@context":"https:\/\/schema.org","@graph":[{"@type":"Article","@id":"https:\/\/www.designreisen.de\/magazin\/luxus-neu-definiert\/#article","isPartOf":{"@id":"https:\/\/www.designreisen.de\/magazin\/luxus-neu-definiert\/"},"author":{"name":"Olivia Rybak","@id":"https:\/\/www.designreisen.de\/magazin\/#\/schema\/person\/25037dd1ce0d65b37933ca6259f33567"},"headline":"Luxus neu definiert","datePublished":"2021-12-17T11:34:01+00:00","dateModified":"2021-12-20T15:31:30+00:00","mainEntityOfPage":{"@id":"https:\/\/www.designreisen.de\/magazin\/luxus-neu-definiert\/"},"wordCount":438,"commentCount":0,"image":{"@id":"https:\/\/www.designreisen.de\/magazin\/luxus-neu-definiert\/#primaryimage"},"thumbnailUrl":"https:\/\/www.designreisen.de\/magazin\/wp-content\/uploads\/2021\/12\/PRIO_I_AERIAL_BR-scaled.jpg","keywords":["Luxus-resorts","luxushotels","mauritius"],"articleSection":["Der Indische Ozean","Specials"],"inLanguage":"de","potentialAction":[{"@type":"CommentAction","name":"Comment","target":["https:\/\/www.designreisen.de\/magazin\/luxus-neu-definiert\/#respond"]}]},{"@type":"WebPage","@id":"https:\/\/www.designreisen.de\/magazin\/luxus-neu-definiert\/","url":"https:\/\/www.designreisen.de\/magazin\/luxus-neu-definiert\/","name":"Luxus neu definiert - Connection to Paradise | Luxusreiseblog","isPartOf":{"@id":"https:\/\/www.designreisen.de\/magazin\/#website"},"primaryImageOfPage":{"@id":"https:\/\/www.designreisen.de\/magazin\/luxus-neu-definiert\/#primaryimage"},"image":{"@id":"https:\/\/www.designreisen.de\/magazin\/luxus-neu-definiert\/#primaryimage"},"thumbnailUrl":"https:\/\/www.designreisen.de\/magazin\/wp-content\/uploads\/2021\/12\/PRIO_I_AERIAL_BR-scaled.jpg","datePublished":"2021-12-17T11:34:01+00:00","dateModified":"2021-12-20T15:31:30+00:00","author":{"@id":"https:\/\/www.designreisen.de\/magazin\/#\/schema\/person\/25037dd1ce0d65b37933ca6259f33567"},"breadcrumb":{"@id":"https:\/\/www.designreisen.de\/magazin\/luxus-neu-definiert\/#breadcrumb"},"inLanguage":"de","potentialAction":[{"@type":"ReadAction","target":["https:\/\/www.designreisen.de\/magazin\/luxus-neu-definiert\/"]}]},{"@type":"ImageObject","inLanguage":"de","@id":"https:\/\/www.designreisen.de\/magazin\/luxus-neu-definiert\/#primaryimage","url":"https:\/\/www.designreisen.de\/magazin\/wp-content\/uploads\/2021\/12\/PRIO_I_AERIAL_BR-scaled.jpg","contentUrl":"https:\/\/www.designreisen.de\/magazin\/wp-content\/uploads\/2021\/12\/PRIO_I_AERIAL_BR-scaled.jpg","width":2267,"height":1440},{"@type":"BreadcrumbList","@id":"https:\/\/www.designreisen.de\/magazin\/luxus-neu-definiert\/#breadcrumb","itemListElement":[{"@type":"ListItem","position":1,"name":"Home","item":"https:\/\/www.designreisen.de\/magazin\/"},{"@type":"ListItem","position":2,"name":"Luxus neu definiert"}]},{"@type":"WebSite","@id":"https:\/\/www.designreisen.de\/magazin\/#website","url":"https:\/\/www.designreisen.de\/magazin\/","name":"Connection to Paradise | Luxusreiseblog","description":"Der exklusive Reiseblog von DESIGNREISEN","potentialAction":[{"@type":"SearchAction","target":{"@type":"EntryPoint","urlTemplate":"https:\/\/www.designreisen.de\/magazin\/?s={search_term_string}"},"query-input":{"@type":"PropertyValueSpecification","valueRequired":true,"valueName":"search_term_string"}}],"inLanguage":"de"},{"@type":"Person","@id":"https:\/\/www.designreisen.de\/magazin\/#\/schema\/person\/25037dd1ce0d65b37933ca6259f33567","name":"Olivia Rybak","image":{"@type":"ImageObject","inLanguage":"de","@id":"https:\/\/www.designreisen.de\/magazin\/wp-content\/uploads\/2019\/04\/Olivia-e1554901656736-96x96.jpg","url":"https:\/\/www.designreisen.de\/magazin\/wp-content\/uploads\/2019\/04\/Olivia-e1554901656736-96x96.jpg","contentUrl":"https:\/\/www.designreisen.de\/magazin\/wp-content\/uploads\/2019\/04\/Olivia-e1554901656736-96x96.jpg","caption":"Olivia Rybak"}}]}},"_links":{"self":[{"href":"https:\/\/www.designreisen.de\/magazin\/wp-json\/wp\/v2\/posts\/5739","targetHints":{"allow":["GET"]}}],"collection":[{"href":"https:\/\/www.designreisen.de\/magazin\/wp-json\/wp\/v2\/posts"}],"about":[{"href":"https:\/\/www.designreisen.de\/magazin\/wp-json\/wp\/v2\/types\/post"}],"author":[{"embeddable":true,"href":"https:\/\/www.designreisen.de\/magazin\/wp-json\/wp\/v2\/users\/32"}],"replies":[{"embeddable":true,"href":"https:\/\/www.designreisen.de\/magazin\/wp-json\/wp\/v2\/comments?post=5739"}],"version-history":[{"count":4,"href":"https:\/\/www.designreisen.de\/magazin\/wp-json\/wp\/v2\/posts\/5739\/revisions"}],"predecessor-version":[{"id":5862,"href":"https:\/\/www.designreisen.de\/magazin\/wp-json\/wp\/v2\/posts\/5739\/revisions\/5862"}],"wp:featuredmedia":[{"embeddable":true,"href":"https:\/\/www.designreisen.de\/magazin\/wp-json\/wp\/v2\/media\/5740"}],"wp:attachment":[{"href":"https:\/\/www.designreisen.de\/magazin\/wp-json\/wp\/v2\/media?parent=5739"}],"wp:term":[{"taxonomy":"category","embeddable":true,"href":"https:\/\/www.designreisen.de\/magazin\/wp-json\/wp\/v2\/categories?post=5739"},{"taxonomy":"post_tag","embeddable":true,"href":"https:\/\/www.designreisen.de\/magazin\/wp-json\/wp\/v2\/tags?post=5739"}],"curies":[{"name":"wp","href":"https:\/\/api.w.org\/{rel}","templated":true}]}}