 {"id":5887,"date":"2022-01-25T09:57:52","date_gmt":"2022-01-25T08:57:52","guid":{"rendered":"https:\/\/www.designreisen.de\/magazin\/?p=5887"},"modified":"2022-07-14T16:25:47","modified_gmt":"2022-07-14T14:25:47","slug":"winteridylle-zum-dahinschmelzen","status":"publish","type":"post","link":"https:\/\/www.designreisen.de\/magazin\/winteridylle-zum-dahinschmelzen\/","title":{"rendered":"Winteridylle im Klosterbr\u00e4u"},"content":{"rendered":"<h3>Winterzauber im Hotel Klosterbr\u00e4u &amp; Spa *****<\/h3>\n<p>Gastgeber Alois Seyrling und seine Familie haben daraus ein wahrlich einzigartiges Wellness- und Lifestylehotel geschaffen, das G\u00e4ste aus der ganzen Welt verzaubert. Das in der sechsten Generation gef\u00fchrte Wellnesshotel ist zentral und dennoch ruhig gelegen, direkt am eigenen 150.000 qm privaten Naturpark. Das Klosterbr\u00e4u bietet seinen G\u00e4sten 90 Zimmer und Suiten, sieben Restaurants und Dinner-Locations, eine hauseigene Bierbrauerei (pr\u00e4miert mit dem besten Bier \u00d6sterreichs 2015) sowie eine gem\u00fctliche Pianobar. Ein besonderes Highlight ist der Spiritual SPA mit dem einzigartigen und ganzheitlichen YOUNIQUE\u00ae Konzept.<\/p>\n<h3><img loading=\"lazy\" decoding=\"async\" class=\"alignnone size-full wp-image-5889 animated\" style=\"font-size: 16px;\" src=\"https:\/\/www.designreisen.de\/magazin\/wp-content\/uploads\/2022\/01\/csm_0_Wellness-Hotel-Seefeld-tirol-intro_01_97a3af1052.jpg\" alt=\"\" width=\"1920\" height=\"1080\" srcset=\"https:\/\/www.designreisen.de\/magazin\/wp-content\/uploads\/2022\/01\/csm_0_Wellness-Hotel-Seefeld-tirol-intro_01_97a3af1052.jpg 1920w, https:\/\/www.designreisen.de\/magazin\/wp-content\/uploads\/2022\/01\/csm_0_Wellness-Hotel-Seefeld-tirol-intro_01_97a3af1052-450x253.jpg 450w, https:\/\/www.designreisen.de\/magazin\/wp-content\/uploads\/2022\/01\/csm_0_Wellness-Hotel-Seefeld-tirol-intro_01_97a3af1052-1024x576.jpg 1024w, https:\/\/www.designreisen.de\/magazin\/wp-content\/uploads\/2022\/01\/csm_0_Wellness-Hotel-Seefeld-tirol-intro_01_97a3af1052-768x432.jpg 768w, https:\/\/www.designreisen.de\/magazin\/wp-content\/uploads\/2022\/01\/csm_0_Wellness-Hotel-Seefeld-tirol-intro_01_97a3af1052-1536x864.jpg 1536w\" sizes=\"auto, (max-width: 1920px) 100vw, 1920px\" \/><\/h3>\n<h3>Winterspa\u00df f\u00fcr die ganze Familie<\/h3>\n<p>Seefeld z\u00e4hlt zu den 12 weltber\u00fchmten Tourismusdestinationen in den europ\u00e4ischen Alpen und ist Mitglied der \u201eBest of the Alps\u201c Union. Im Winter verwandelt sich die Olympiaregion in ein glitzerndes Schneeparadies. Daf\u00fcr ist vor allem die H\u00f6henlage (1.200m) verantwortlich, die perfekte Schneeverh\u00e4ltnisse verspricht.<\/p>\n<div id=\"attachment_5888\" class=\"wp-caption alignnone\"><img loading=\"lazy\" decoding=\"async\" aria-describedby=\"caption-attachment-5888\" class=\"wp-image-5888 size-full animated\" src=\"https:\/\/www.designreisen.de\/magazin\/wp-content\/uploads\/2022\/01\/Seefeld-2038-c-Stephan-Elsler.jpg\" alt=\"\" width=\"2160\" height=\"1440\" srcset=\"https:\/\/www.designreisen.de\/magazin\/wp-content\/uploads\/2022\/01\/Seefeld-2038-c-Stephan-Elsler.jpg 2160w, https:\/\/www.designreisen.de\/magazin\/wp-content\/uploads\/2022\/01\/Seefeld-2038-c-Stephan-Elsler-450x300.jpg 450w, https:\/\/www.designreisen.de\/magazin\/wp-content\/uploads\/2022\/01\/Seefeld-2038-c-Stephan-Elsler-1024x683.jpg 1024w, https:\/\/www.designreisen.de\/magazin\/wp-content\/uploads\/2022\/01\/Seefeld-2038-c-Stephan-Elsler-768x512.jpg 768w, https:\/\/www.designreisen.de\/magazin\/wp-content\/uploads\/2022\/01\/Seefeld-2038-c-Stephan-Elsler-1536x1024.jpg 1536w, https:\/\/www.designreisen.de\/magazin\/wp-content\/uploads\/2022\/01\/Seefeld-2038-c-Stephan-Elsler-2048x1366.jpg 2048w, https:\/\/www.designreisen.de\/magazin\/wp-content\/uploads\/2022\/01\/Seefeld-2038-c-Stephan-Elsler-1920x1280.jpg 1920w\" sizes=\"auto, (max-width: 2160px) 100vw, 2160px\" \/><p id=\"caption-attachment-5888\" class=\"wp-caption-text\">Seefeld- Langlaufeldorado &amp; Familienskigebiet und zum Winterwandern sehr beliebt.<\/p><\/div>\n<p>Vor allem Langl\u00e4ufer k\u00f6nnen sich auf rund 245 km perfekt pr\u00e4parierten Loipen auspowern und in den Spuren der Weltmeister laufen. Der Einstieg in das Loipengebiet befindet sich nur 100 m vom Hotel entfernt. Eine gro\u00dfz\u00fcgige Ski-Arena mit einer Gesamtfl\u00e4che von \u00fcber 600.000 m2 mit modernsten Liftanlagen verhei\u00dft Skivergn\u00fcgen in einem beeindruckenden Bergpanorama. Zahlreiche Rodelbahnen, sowie Eislaufen und Eisstockschie\u00dfen versprechen Unterhaltung f\u00fcr die ganze Familie. Das weitl\u00e4ufige Gebiet der Olympiaregion bietet zudem beste Voraussetzungen f\u00fcr eine traumhafte Schneeschuhwanderung in einer unber\u00fchrten Winterlandschaft. Ob auf eigene Faust oder mit den Active Guides Clemens und Thomas aus dem Klosterbr\u00e4u &amp; Spa \u2013 Schneeschuhwandern ist ein Erlebnis f\u00fcr sich. Direkt vor dem Hoteleingang und damit in der \u00e4ltesten Fu\u00dfg\u00e4ngerzone der Region finden G\u00e4ste auch den als sch\u00f6nsten pr\u00e4mierten Adventsmarkt Tirols.<\/p>\n<div id=\"layerslider_108\" class=\"ls-wp-container\" style=\"width:2160px;height:1440px;margin:0 auto;margin-bottom: 0px;\"><div class=\"ls-slide\" data-ls=\"transition2d:5;customtransition2d:;\"><img decoding=\"async\" src=\"https:\/\/www.designreisen.de\/magazin\/wp-content\/uploads\/2022\/01\/6FT_6610\u00a9stephanelsler2020.jpg\" class=\"ls-bg\" alt=\"6FT_6610\u00a9stephanelsler2020\" \/><\/div><div class=\"ls-slide\" data-ls=\"transition2d:5;customtransition2d:;\"><img decoding=\"async\" src=\"https:\/\/www.designreisen.de\/magazin\/wp-content\/uploads\/2022\/01\/6FT_6584\u00a9stephanelsler2020.jpg\" class=\"ls-bg\" alt=\"6FT_6584\u00a9stephanelsler2020\" \/><\/div><div class=\"ls-slide\" data-ls=\"transition2d:5;customtransition2d:;\"><img decoding=\"async\" src=\"https:\/\/www.designreisen.de\/magazin\/wp-content\/uploads\/2022\/01\/Ruheraum-im-Spa_1-scaled.jpg\" class=\"ls-bg\" alt=\"Ruheraum im Spa_1\" \/><\/div><div class=\"ls-slide\" data-ls=\"transition2d:5;customtransition2d:;\"><img decoding=\"async\" src=\"https:\/\/www.designreisen.de\/magazin\/wp-content\/uploads\/2022\/01\/Sauna-Heiss-Zeit.jpg\" class=\"ls-bg\" alt=\"Sauna Heiss Zeit\" \/><\/div><\/div>\n<p>Mehr Informationen zum Hotel Klosterbr\u00e4u finden Sie <a href=\"https:\/\/www.klosterbraeu.com\/\" target=\"_blank\" rel=\"noopener\">hier.<\/a><\/p>\n","protected":false},"excerpt":{"rendered":"<p>Eingebettet in einer atemberaubenden Berglandschaft auf dem malerischen Sonnen-Hochplateau im Tiroler Seefeld, befindet sich das Hotel Klosterbr\u00e4u &#038; Spa *****, ein ehemaliges Augustinerkloster aus dem Jahr 1516, das heute zu einem der besten Wellnesshotels der Alpen mit mehr als 200 Jahren Familientradition z\u00e4hlt.<\/p>\n","protected":false},"author":33,"featured_media":5889,"comment_status":"open","ping_status":"open","sticky":false,"template":"","format":"standard","meta":{"_acf_changed":false,"footnotes":""},"categories":[238,202],"tags":[64,228],"class_list":["post-5887","post","type-post","status-publish","format-standard","has-post-thumbnail","hentry","category-magic-mountains","category-specials","tag-europa","tag-oesterreich"],"acf":[],"yoast_head":"<!-- This site is optimized with the Yoast SEO plugin v27.5 - https:\/\/yoast.com\/product\/yoast-seo-wordpress\/ -->\n<title>Winteridylle im Klosterbr\u00e4u - Connection to Paradise | Luxusreiseblog<\/title>\n<meta name=\"robots\" content=\"index, follow, max-snippet:-1, max-image-preview:large, max-video-preview:-1\" \/>\n<link rel=\"canonical\" href=\"https:\/\/www.designreisen.de\/magazin\/winteridylle-zum-dahinschmelzen\/\" \/>\n<meta property=\"og:locale\" content=\"de_DE\" \/>\n<meta property=\"og:type\" content=\"article\" \/>\n<meta property=\"og:title\" content=\"Winteridylle im Klosterbr\u00e4u - Connection to Paradise | Luxusreiseblog\" \/>\n<meta property=\"og:description\" content=\"Eingebettet in einer atemberaubenden Berglandschaft auf dem malerischen Sonnen-Hochplateau im Tiroler Seefeld, befindet sich das Hotel Klosterbr\u00e4u &amp; Spa *****, ein ehemaliges Augustinerkloster aus dem Jahr 1516, das heute zu einem der besten Wellnesshotels der Alpen mit mehr als 200 Jahren Familientradition z\u00e4hlt.\" \/>\n<meta property=\"og:url\" content=\"https:\/\/www.designreisen.de\/magazin\/winteridylle-zum-dahinschmelzen\/\" \/>\n<meta property=\"og:site_name\" content=\"Connection to Paradise | Luxusreiseblog\" \/>\n<meta property=\"article:publisher\" content=\"https:\/\/www.facebook.com\/Designreisen\/\" \/>\n<meta property=\"article:published_time\" content=\"2022-01-25T08:57:52+00:00\" \/>\n<meta property=\"article:modified_time\" content=\"2022-07-14T14:25:47+00:00\" \/>\n<meta property=\"og:image\" content=\"https:\/\/www.designreisen.de\/magazin\/wp-content\/uploads\/2022\/01\/csm_0_Wellness-Hotel-Seefeld-tirol-intro_01_97a3af1052.jpg\" \/>\n\t<meta property=\"og:image:width\" content=\"1920\" \/>\n\t<meta property=\"og:image:height\" content=\"1080\" \/>\n\t<meta property=\"og:image:type\" content=\"image\/jpeg\" \/>\n<meta name=\"author\" content=\"Carolin Fried\" \/>\n<meta name=\"twitter:card\" content=\"summary_large_image\" \/>\n<meta name=\"twitter:label1\" content=\"Verfasst von\" \/>\n\t<meta name=\"twitter:data1\" content=\"Carolin Fried\" \/>\n\t<meta name=\"twitter:label2\" content=\"Gesch\u00e4tzte Lesezeit\" \/>\n\t<meta name=\"twitter:data2\" content=\"2\u00a0Minuten\" \/>\n<script type=\"application\/ld+json\" class=\"yoast-schema-graph\">{\"@context\":\"https:\\\/\\\/schema.org\",\"@graph\":[{\"@type\":\"Article\",\"@id\":\"https:\\\/\\\/www.designreisen.de\\\/magazin\\\/winteridylle-zum-dahinschmelzen\\\/#article\",\"isPartOf\":{\"@id\":\"https:\\\/\\\/www.designreisen.de\\\/magazin\\\/winteridylle-zum-dahinschmelzen\\\/\"},\"author\":{\"name\":\"Carolin Fried\",\"@id\":\"https:\\\/\\\/www.designreisen.de\\\/magazin\\\/#\\\/schema\\\/person\\\/8acf63390f31179074512ede844eeef1\"},\"headline\":\"Winteridylle im Klosterbr\u00e4u\",\"datePublished\":\"2022-01-25T08:57:52+00:00\",\"dateModified\":\"2022-07-14T14:25:47+00:00\",\"mainEntityOfPage\":{\"@id\":\"https:\\\/\\\/www.designreisen.de\\\/magazin\\\/winteridylle-zum-dahinschmelzen\\\/\"},\"wordCount\":319,\"commentCount\":0,\"image\":{\"@id\":\"https:\\\/\\\/www.designreisen.de\\\/magazin\\\/winteridylle-zum-dahinschmelzen\\\/#primaryimage\"},\"thumbnailUrl\":\"https:\\\/\\\/www.designreisen.de\\\/magazin\\\/wp-content\\\/uploads\\\/2022\\\/01\\\/csm_0_Wellness-Hotel-Seefeld-tirol-intro_01_97a3af1052.jpg\",\"keywords\":[\"Europa\",\"\u00d6sterreich\"],\"articleSection\":[\"Magic Mountains\",\"Specials\"],\"inLanguage\":\"de\",\"potentialAction\":[{\"@type\":\"CommentAction\",\"name\":\"Comment\",\"target\":[\"https:\\\/\\\/www.designreisen.de\\\/magazin\\\/winteridylle-zum-dahinschmelzen\\\/#respond\"]}]},{\"@type\":\"WebPage\",\"@id\":\"https:\\\/\\\/www.designreisen.de\\\/magazin\\\/winteridylle-zum-dahinschmelzen\\\/\",\"url\":\"https:\\\/\\\/www.designreisen.de\\\/magazin\\\/winteridylle-zum-dahinschmelzen\\\/\",\"name\":\"Winteridylle im Klosterbr\u00e4u - Connection to Paradise | Luxusreiseblog\",\"isPartOf\":{\"@id\":\"https:\\\/\\\/www.designreisen.de\\\/magazin\\\/#website\"},\"primaryImageOfPage\":{\"@id\":\"https:\\\/\\\/www.designreisen.de\\\/magazin\\\/winteridylle-zum-dahinschmelzen\\\/#primaryimage\"},\"image\":{\"@id\":\"https:\\\/\\\/www.designreisen.de\\\/magazin\\\/winteridylle-zum-dahinschmelzen\\\/#primaryimage\"},\"thumbnailUrl\":\"https:\\\/\\\/www.designreisen.de\\\/magazin\\\/wp-content\\\/uploads\\\/2022\\\/01\\\/csm_0_Wellness-Hotel-Seefeld-tirol-intro_01_97a3af1052.jpg\",\"datePublished\":\"2022-01-25T08:57:52+00:00\",\"dateModified\":\"2022-07-14T14:25:47+00:00\",\"author\":{\"@id\":\"https:\\\/\\\/www.designreisen.de\\\/magazin\\\/#\\\/schema\\\/person\\\/8acf63390f31179074512ede844eeef1\"},\"breadcrumb\":{\"@id\":\"https:\\\/\\\/www.designreisen.de\\\/magazin\\\/winteridylle-zum-dahinschmelzen\\\/#breadcrumb\"},\"inLanguage\":\"de\",\"potentialAction\":[{\"@type\":\"ReadAction\",\"target\":[\"https:\\\/\\\/www.designreisen.de\\\/magazin\\\/winteridylle-zum-dahinschmelzen\\\/\"]}]},{\"@type\":\"ImageObject\",\"inLanguage\":\"de\",\"@id\":\"https:\\\/\\\/www.designreisen.de\\\/magazin\\\/winteridylle-zum-dahinschmelzen\\\/#primaryimage\",\"url\":\"https:\\\/\\\/www.designreisen.de\\\/magazin\\\/wp-content\\\/uploads\\\/2022\\\/01\\\/csm_0_Wellness-Hotel-Seefeld-tirol-intro_01_97a3af1052.jpg\",\"contentUrl\":\"https:\\\/\\\/www.designreisen.de\\\/magazin\\\/wp-content\\\/uploads\\\/2022\\\/01\\\/csm_0_Wellness-Hotel-Seefeld-tirol-intro_01_97a3af1052.jpg\",\"width\":1920,\"height\":1080},{\"@type\":\"BreadcrumbList\",\"@id\":\"https:\\\/\\\/www.designreisen.de\\\/magazin\\\/winteridylle-zum-dahinschmelzen\\\/#breadcrumb\",\"itemListElement\":[{\"@type\":\"ListItem\",\"position\":1,\"name\":\"Home\",\"item\":\"https:\\\/\\\/www.designreisen.de\\\/magazin\\\/\"},{\"@type\":\"ListItem\",\"position\":2,\"name\":\"Winteridylle im Klosterbr\u00e4u\"}]},{\"@type\":\"WebSite\",\"@id\":\"https:\\\/\\\/www.designreisen.de\\\/magazin\\\/#website\",\"url\":\"https:\\\/\\\/www.designreisen.de\\\/magazin\\\/\",\"name\":\"Connection to Paradise | Luxusreiseblog\",\"description\":\"Der exklusive Reiseblog von DESIGNREISEN\",\"potentialAction\":[{\"@type\":\"SearchAction\",\"target\":{\"@type\":\"EntryPoint\",\"urlTemplate\":\"https:\\\/\\\/www.designreisen.de\\\/magazin\\\/?s={search_term_string}\"},\"query-input\":{\"@type\":\"PropertyValueSpecification\",\"valueRequired\":true,\"valueName\":\"search_term_string\"}}],\"inLanguage\":\"de\"},{\"@type\":\"Person\",\"@id\":\"https:\\\/\\\/www.designreisen.de\\\/magazin\\\/#\\\/schema\\\/person\\\/8acf63390f31179074512ede844eeef1\",\"name\":\"Carolin Fried\",\"image\":{\"@type\":\"ImageObject\",\"inLanguage\":\"de\",\"@id\":\"https:\\\/\\\/www.designreisen.de\\\/magazin\\\/wp-content\\\/uploads\\\/2019\\\/04\\\/Caro-Fried-e1554902410734-96x96.jpg\",\"url\":\"https:\\\/\\\/www.designreisen.de\\\/magazin\\\/wp-content\\\/uploads\\\/2019\\\/04\\\/Caro-Fried-e1554902410734-96x96.jpg\",\"contentUrl\":\"https:\\\/\\\/www.designreisen.de\\\/magazin\\\/wp-content\\\/uploads\\\/2019\\\/04\\\/Caro-Fried-e1554902410734-96x96.jpg\",\"caption\":\"Carolin Fried\"},\"description\":\"Carolin Fried schreibt seit rund 25 Jahren f\u00fcr Magazine, Blogs und Websites. Ihre Lieblingsthemen sind M\u00fcnchen und Menschen, Wellness, Food und Reisen. Daf\u00fcr ist sie gern unterwegs und immer m\u00f6glichst nah dran am Geschehen. So findet sie immer die richtigen Worte und verwandelt auch trockene Tatsachen in sch\u00f6ne Geschichten.\"}]}<\/script>\n<!-- \/ Yoast SEO plugin. -->","yoast_head_json":{"title":"Winteridylle im Klosterbr\u00e4u - Connection to Paradise | Luxusreiseblog","robots":{"index":"index","follow":"follow","max-snippet":"max-snippet:-1","max-image-preview":"max-image-preview:large","max-video-preview":"max-video-preview:-1"},"canonical":"https:\/\/www.designreisen.de\/magazin\/winteridylle-zum-dahinschmelzen\/","og_locale":"de_DE","og_type":"article","og_title":"Winteridylle im Klosterbr\u00e4u - Connection to Paradise | Luxusreiseblog","og_description":"Eingebettet in einer atemberaubenden Berglandschaft auf dem malerischen Sonnen-Hochplateau im Tiroler Seefeld, befindet sich das Hotel Klosterbr\u00e4u & Spa *****, ein ehemaliges Augustinerkloster aus dem Jahr 1516, das heute zu einem der besten Wellnesshotels der Alpen mit mehr als 200 Jahren Familientradition z\u00e4hlt.","og_url":"https:\/\/www.designreisen.de\/magazin\/winteridylle-zum-dahinschmelzen\/","og_site_name":"Connection to Paradise | Luxusreiseblog","article_publisher":"https:\/\/www.facebook.com\/Designreisen\/","article_published_time":"2022-01-25T08:57:52+00:00","article_modified_time":"2022-07-14T14:25:47+00:00","og_image":[{"width":1920,"height":1080,"url":"https:\/\/www.designreisen.de\/magazin\/wp-content\/uploads\/2022\/01\/csm_0_Wellness-Hotel-Seefeld-tirol-intro_01_97a3af1052.jpg","type":"image\/jpeg"}],"author":"Carolin Fried","twitter_card":"summary_large_image","twitter_misc":{"Verfasst von":"Carolin Fried","Gesch\u00e4tzte Lesezeit":"2\u00a0Minuten"},"schema":{"@context":"https:\/\/schema.org","@graph":[{"@type":"Article","@id":"https:\/\/www.designreisen.de\/magazin\/winteridylle-zum-dahinschmelzen\/#article","isPartOf":{"@id":"https:\/\/www.designreisen.de\/magazin\/winteridylle-zum-dahinschmelzen\/"},"author":{"name":"Carolin Fried","@id":"https:\/\/www.designreisen.de\/magazin\/#\/schema\/person\/8acf63390f31179074512ede844eeef1"},"headline":"Winteridylle im Klosterbr\u00e4u","datePublished":"2022-01-25T08:57:52+00:00","dateModified":"2022-07-14T14:25:47+00:00","mainEntityOfPage":{"@id":"https:\/\/www.designreisen.de\/magazin\/winteridylle-zum-dahinschmelzen\/"},"wordCount":319,"commentCount":0,"image":{"@id":"https:\/\/www.designreisen.de\/magazin\/winteridylle-zum-dahinschmelzen\/#primaryimage"},"thumbnailUrl":"https:\/\/www.designreisen.de\/magazin\/wp-content\/uploads\/2022\/01\/csm_0_Wellness-Hotel-Seefeld-tirol-intro_01_97a3af1052.jpg","keywords":["Europa","\u00d6sterreich"],"articleSection":["Magic Mountains","Specials"],"inLanguage":"de","potentialAction":[{"@type":"CommentAction","name":"Comment","target":["https:\/\/www.designreisen.de\/magazin\/winteridylle-zum-dahinschmelzen\/#respond"]}]},{"@type":"WebPage","@id":"https:\/\/www.designreisen.de\/magazin\/winteridylle-zum-dahinschmelzen\/","url":"https:\/\/www.designreisen.de\/magazin\/winteridylle-zum-dahinschmelzen\/","name":"Winteridylle im Klosterbr\u00e4u - Connection to Paradise | Luxusreiseblog","isPartOf":{"@id":"https:\/\/www.designreisen.de\/magazin\/#website"},"primaryImageOfPage":{"@id":"https:\/\/www.designreisen.de\/magazin\/winteridylle-zum-dahinschmelzen\/#primaryimage"},"image":{"@id":"https:\/\/www.designreisen.de\/magazin\/winteridylle-zum-dahinschmelzen\/#primaryimage"},"thumbnailUrl":"https:\/\/www.designreisen.de\/magazin\/wp-content\/uploads\/2022\/01\/csm_0_Wellness-Hotel-Seefeld-tirol-intro_01_97a3af1052.jpg","datePublished":"2022-01-25T08:57:52+00:00","dateModified":"2022-07-14T14:25:47+00:00","author":{"@id":"https:\/\/www.designreisen.de\/magazin\/#\/schema\/person\/8acf63390f31179074512ede844eeef1"},"breadcrumb":{"@id":"https:\/\/www.designreisen.de\/magazin\/winteridylle-zum-dahinschmelzen\/#breadcrumb"},"inLanguage":"de","potentialAction":[{"@type":"ReadAction","target":["https:\/\/www.designreisen.de\/magazin\/winteridylle-zum-dahinschmelzen\/"]}]},{"@type":"ImageObject","inLanguage":"de","@id":"https:\/\/www.designreisen.de\/magazin\/winteridylle-zum-dahinschmelzen\/#primaryimage","url":"https:\/\/www.designreisen.de\/magazin\/wp-content\/uploads\/2022\/01\/csm_0_Wellness-Hotel-Seefeld-tirol-intro_01_97a3af1052.jpg","contentUrl":"https:\/\/www.designreisen.de\/magazin\/wp-content\/uploads\/2022\/01\/csm_0_Wellness-Hotel-Seefeld-tirol-intro_01_97a3af1052.jpg","width":1920,"height":1080},{"@type":"BreadcrumbList","@id":"https:\/\/www.designreisen.de\/magazin\/winteridylle-zum-dahinschmelzen\/#breadcrumb","itemListElement":[{"@type":"ListItem","position":1,"name":"Home","item":"https:\/\/www.designreisen.de\/magazin\/"},{"@type":"ListItem","position":2,"name":"Winteridylle im Klosterbr\u00e4u"}]},{"@type":"WebSite","@id":"https:\/\/www.designreisen.de\/magazin\/#website","url":"https:\/\/www.designreisen.de\/magazin\/","name":"Connection to Paradise | Luxusreiseblog","description":"Der exklusive Reiseblog von DESIGNREISEN","potentialAction":[{"@type":"SearchAction","target":{"@type":"EntryPoint","urlTemplate":"https:\/\/www.designreisen.de\/magazin\/?s={search_term_string}"},"query-input":{"@type":"PropertyValueSpecification","valueRequired":true,"valueName":"search_term_string"}}],"inLanguage":"de"},{"@type":"Person","@id":"https:\/\/www.designreisen.de\/magazin\/#\/schema\/person\/8acf63390f31179074512ede844eeef1","name":"Carolin Fried","image":{"@type":"ImageObject","inLanguage":"de","@id":"https:\/\/www.designreisen.de\/magazin\/wp-content\/uploads\/2019\/04\/Caro-Fried-e1554902410734-96x96.jpg","url":"https:\/\/www.designreisen.de\/magazin\/wp-content\/uploads\/2019\/04\/Caro-Fried-e1554902410734-96x96.jpg","contentUrl":"https:\/\/www.designreisen.de\/magazin\/wp-content\/uploads\/2019\/04\/Caro-Fried-e1554902410734-96x96.jpg","caption":"Carolin Fried"},"description":"Carolin Fried schreibt seit rund 25 Jahren f\u00fcr Magazine, Blogs und Websites. Ihre Lieblingsthemen sind M\u00fcnchen und Menschen, Wellness, Food und Reisen. Daf\u00fcr ist sie gern unterwegs und immer m\u00f6glichst nah dran am Geschehen. So findet sie immer die richtigen Worte und verwandelt auch trockene Tatsachen in sch\u00f6ne Geschichten."}]}},"_links":{"self":[{"href":"https:\/\/www.designreisen.de\/magazin\/wp-json\/wp\/v2\/posts\/5887","targetHints":{"allow":["GET"]}}],"collection":[{"href":"https:\/\/www.designreisen.de\/magazin\/wp-json\/wp\/v2\/posts"}],"about":[{"href":"https:\/\/www.designreisen.de\/magazin\/wp-json\/wp\/v2\/types\/post"}],"author":[{"embeddable":true,"href":"https:\/\/www.designreisen.de\/magazin\/wp-json\/wp\/v2\/users\/33"}],"replies":[{"embeddable":true,"href":"https:\/\/www.designreisen.de\/magazin\/wp-json\/wp\/v2\/comments?post=5887"}],"version-history":[{"count":9,"href":"https:\/\/www.designreisen.de\/magazin\/wp-json\/wp\/v2\/posts\/5887\/revisions"}],"predecessor-version":[{"id":7085,"href":"https:\/\/www.designreisen.de\/magazin\/wp-json\/wp\/v2\/posts\/5887\/revisions\/7085"}],"wp:featuredmedia":[{"embeddable":true,"href":"https:\/\/www.designreisen.de\/magazin\/wp-json\/wp\/v2\/media\/5889"}],"wp:attachment":[{"href":"https:\/\/www.designreisen.de\/magazin\/wp-json\/wp\/v2\/media?parent=5887"}],"wp:term":[{"taxonomy":"category","embeddable":true,"href":"https:\/\/www.designreisen.de\/magazin\/wp-json\/wp\/v2\/categories?post=5887"},{"taxonomy":"post_tag","embeddable":true,"href":"https:\/\/www.designreisen.de\/magazin\/wp-json\/wp\/v2\/tags?post=5887"}],"curies":[{"name":"wp","href":"https:\/\/api.w.org\/{rel}","templated":true}]}}