{"id":5896,"date":"2022-01-25T09:58:18","date_gmt":"2022-01-25T08:58:18","guid":{"rendered":"https:\/\/www.designreisen.de\/magazin\/?p=5896"},"modified":"2022-07-14T16:24:14","modified_gmt":"2022-07-14T14:24:14","slug":"wintermaerchen-in-kitzbuehel","status":"publish","type":"post","link":"https:\/\/www.designreisen.de\/magazin\/wintermaerchen-in-kitzbuehel\/","title":{"rendered":"Winterm\u00e4rchen in Kitzb\u00fchel"},"content":{"rendered":"<p>Eine Auszeit in der Gamsstadt ist ein Erlebnis. Die vielf\u00e4ltige Kombination aus gem\u00fctlichem Ambiente, typischer Tiroler Gastlichkeit und einem abwechslungsreichen Sportangebot garantiert pure Lebenslust. Die leichte Erreichbarkeit, eine hohe Dichte an 4-und 5-Sterne-Hotels sowie zahlreiche famili\u00e4re Betriebe und Traditionsh\u00e4user sind Garanten f\u00fcr einen genussvollen Aufenthalt mit feinster Kulinarik, die von typischer Hausmannskost bis zur internationalen Haute Cuisine reicht. Wintersport-Begeisterte kommen im perfekten Schwung \u00fcber die zahlreichen Pisten, im Powder \u00fcber Freeride-H\u00e4nge, zum Vergn\u00fcgen. Von Ende Oktober bis nach Ostern herrschen hier ideale Schneebedingungen, die das Sportlerherz h\u00f6her schlagen lassen.<\/p>\n<p><img loading=\"lazy\" decoding=\"async\" class=\"alignnone size-full wp-image-5898 animated\" src=\"https:\/\/www.designreisen.de\/magazin\/wp-content\/uploads\/2022\/01\/michael_werlberger-0266_01.jpg\" alt=\"\" width=\"1800\" height=\"1201\" srcset=\"https:\/\/www.designreisen.de\/magazin\/wp-content\/uploads\/2022\/01\/michael_werlberger-0266_01.jpg 1800w, https:\/\/www.designreisen.de\/magazin\/wp-content\/uploads\/2022\/01\/michael_werlberger-0266_01-450x300.jpg 450w, https:\/\/www.designreisen.de\/magazin\/wp-content\/uploads\/2022\/01\/michael_werlberger-0266_01-1024x683.jpg 1024w, https:\/\/www.designreisen.de\/magazin\/wp-content\/uploads\/2022\/01\/michael_werlberger-0266_01-768x512.jpg 768w, https:\/\/www.designreisen.de\/magazin\/wp-content\/uploads\/2022\/01\/michael_werlberger-0266_01-1536x1025.jpg 1536w\" sizes=\"auto, (max-width: 1800px) 100vw, 1800px\" \/><\/p>\n<p>Kitzb\u00fchel kann aber mehr als Ski: Langlaufen, Winter- und Schneeschuhwandern, Schlitteln, Eislaufen, Eisstockschie\u00dfen oder neue Trendsportarten \u2013 Kitzb\u00fchel gilt nicht umsonst als legend\u00e4rste Sportstadt der Alpen. Doch auch Kulinarik und Lifestyle kommen hier nicht zu kurz. Die Kitzb\u00fcheler Innenstadt mit ihren kurzen Wegen ist bekannt als perfektes Ambiente f\u00fcr Shopping in den Alpen. Die kulinarische Reise durch die Region f\u00fchrt \u00fcber die heimischen Traditionsgerichte hin zu internationaler Gourmet-K\u00fcche. In den H\u00fctten am Berg oder den Traditionswirtsh\u00e4usern wartet bodenst\u00e4ndige Kost, w\u00e4hrend in den Hauben- Lokalen die Kochelite exquisite Gaumenfreuden zaubert.<\/p>\n<p>Hier finden Sie mehr Reiseinformationen zu <a href=\"https:\/\/www.kitzbuehel.com\/\" target=\"_blank\" rel=\"noopener\">Kitzb\u00fchel.<\/a><\/p>\n","protected":false},"excerpt":{"rendered":"<p>In Kitzb\u00fchel tut sich ein m\u00e4rchenhaftes Winterparadies auf, mit bestens pr\u00e4parierten Langlauf-Loipen, Winter- und Schneeschuhwanderungen, bei Pferdeschlittenfahrten oder beim Flanieren durch die historische Innenstadt. Entdecken Sie Kitzb\u00fchels faszinierende Facetten.<\/p>\n","protected":false},"author":33,"featured_media":5897,"comment_status":"open","ping_status":"open","sticky":false,"template":"","format":"standard","meta":{"_acf_changed":false,"footnotes":""},"categories":[238,202],"tags":[64,228],"class_list":["post-5896","post","type-post","status-publish","format-standard","has-post-thumbnail","hentry","category-magic-mountains","category-specials","tag-europa","tag-oesterreich"],"acf":[],"yoast_head":"<!-- This site is optimized with the Yoast SEO plugin v27.5 - https:\/\/yoast.com\/product\/yoast-seo-wordpress\/ -->\n<title>Winterm\u00e4rchen in Kitzb\u00fchel - Connection to Paradise | Luxusreiseblog<\/title>\n<meta name=\"robots\" content=\"index, follow, max-snippet:-1, max-image-preview:large, max-video-preview:-1\" \/>\n<link rel=\"canonical\" href=\"https:\/\/www.designreisen.de\/magazin\/wintermaerchen-in-kitzbuehel\/\" \/>\n<meta property=\"og:locale\" content=\"de_DE\" \/>\n<meta property=\"og:type\" content=\"article\" \/>\n<meta property=\"og:title\" content=\"Winterm\u00e4rchen in Kitzb\u00fchel - Connection to Paradise | Luxusreiseblog\" \/>\n<meta property=\"og:description\" content=\"In Kitzb\u00fchel tut sich ein m\u00e4rchenhaftes Winterparadies auf, mit bestens pr\u00e4parierten Langlauf-Loipen, Winter- und Schneeschuhwanderungen, bei Pferdeschlittenfahrten oder beim Flanieren durch die historische Innenstadt. Entdecken Sie Kitzb\u00fchels faszinierende Facetten.\" \/>\n<meta property=\"og:url\" content=\"https:\/\/www.designreisen.de\/magazin\/wintermaerchen-in-kitzbuehel\/\" \/>\n<meta property=\"og:site_name\" content=\"Connection to Paradise | Luxusreiseblog\" \/>\n<meta property=\"article:publisher\" content=\"https:\/\/www.facebook.com\/Designreisen\/\" \/>\n<meta property=\"article:published_time\" content=\"2022-01-25T08:58:18+00:00\" \/>\n<meta property=\"article:modified_time\" content=\"2022-07-14T14:24:14+00:00\" \/>\n<meta property=\"og:image\" content=\"https:\/\/www.designreisen.de\/magazin\/wp-content\/uploads\/2022\/01\/Bichlalm-2-Winter-2018-19-15-scaled.jpg\" \/>\n\t<meta property=\"og:image:width\" content=\"2160\" \/>\n\t<meta property=\"og:image:height\" content=\"1440\" \/>\n\t<meta property=\"og:image:type\" content=\"image\/jpeg\" \/>\n<meta name=\"author\" content=\"Carolin Fried\" \/>\n<meta name=\"twitter:card\" content=\"summary_large_image\" \/>\n<meta name=\"twitter:label1\" content=\"Verfasst von\" \/>\n\t<meta name=\"twitter:data1\" content=\"Carolin Fried\" \/>\n\t<meta name=\"twitter:label2\" content=\"Gesch\u00e4tzte Lesezeit\" \/>\n\t<meta name=\"twitter:data2\" content=\"2\u00a0Minuten\" \/>\n<script type=\"application\/ld+json\" class=\"yoast-schema-graph\">{\"@context\":\"https:\\\/\\\/schema.org\",\"@graph\":[{\"@type\":\"Article\",\"@id\":\"https:\\\/\\\/www.designreisen.de\\\/magazin\\\/wintermaerchen-in-kitzbuehel\\\/#article\",\"isPartOf\":{\"@id\":\"https:\\\/\\\/www.designreisen.de\\\/magazin\\\/wintermaerchen-in-kitzbuehel\\\/\"},\"author\":{\"name\":\"Carolin Fried\",\"@id\":\"https:\\\/\\\/www.designreisen.de\\\/magazin\\\/#\\\/schema\\\/person\\\/8acf63390f31179074512ede844eeef1\"},\"headline\":\"Winterm\u00e4rchen in Kitzb\u00fchel\",\"datePublished\":\"2022-01-25T08:58:18+00:00\",\"dateModified\":\"2022-07-14T14:24:14+00:00\",\"mainEntityOfPage\":{\"@id\":\"https:\\\/\\\/www.designreisen.de\\\/magazin\\\/wintermaerchen-in-kitzbuehel\\\/\"},\"wordCount\":210,\"commentCount\":0,\"image\":{\"@id\":\"https:\\\/\\\/www.designreisen.de\\\/magazin\\\/wintermaerchen-in-kitzbuehel\\\/#primaryimage\"},\"thumbnailUrl\":\"https:\\\/\\\/www.designreisen.de\\\/magazin\\\/wp-content\\\/uploads\\\/2022\\\/01\\\/Bichlalm-2-Winter-2018-19-15-scaled.jpg\",\"keywords\":[\"Europa\",\"\u00d6sterreich\"],\"articleSection\":[\"Magic Mountains\",\"Specials\"],\"inLanguage\":\"de\",\"potentialAction\":[{\"@type\":\"CommentAction\",\"name\":\"Comment\",\"target\":[\"https:\\\/\\\/www.designreisen.de\\\/magazin\\\/wintermaerchen-in-kitzbuehel\\\/#respond\"]}]},{\"@type\":\"WebPage\",\"@id\":\"https:\\\/\\\/www.designreisen.de\\\/magazin\\\/wintermaerchen-in-kitzbuehel\\\/\",\"url\":\"https:\\\/\\\/www.designreisen.de\\\/magazin\\\/wintermaerchen-in-kitzbuehel\\\/\",\"name\":\"Winterm\u00e4rchen in Kitzb\u00fchel - Connection to Paradise | Luxusreiseblog\",\"isPartOf\":{\"@id\":\"https:\\\/\\\/www.designreisen.de\\\/magazin\\\/#website\"},\"primaryImageOfPage\":{\"@id\":\"https:\\\/\\\/www.designreisen.de\\\/magazin\\\/wintermaerchen-in-kitzbuehel\\\/#primaryimage\"},\"image\":{\"@id\":\"https:\\\/\\\/www.designreisen.de\\\/magazin\\\/wintermaerchen-in-kitzbuehel\\\/#primaryimage\"},\"thumbnailUrl\":\"https:\\\/\\\/www.designreisen.de\\\/magazin\\\/wp-content\\\/uploads\\\/2022\\\/01\\\/Bichlalm-2-Winter-2018-19-15-scaled.jpg\",\"datePublished\":\"2022-01-25T08:58:18+00:00\",\"dateModified\":\"2022-07-14T14:24:14+00:00\",\"author\":{\"@id\":\"https:\\\/\\\/www.designreisen.de\\\/magazin\\\/#\\\/schema\\\/person\\\/8acf63390f31179074512ede844eeef1\"},\"breadcrumb\":{\"@id\":\"https:\\\/\\\/www.designreisen.de\\\/magazin\\\/wintermaerchen-in-kitzbuehel\\\/#breadcrumb\"},\"inLanguage\":\"de\",\"potentialAction\":[{\"@type\":\"ReadAction\",\"target\":[\"https:\\\/\\\/www.designreisen.de\\\/magazin\\\/wintermaerchen-in-kitzbuehel\\\/\"]}]},{\"@type\":\"ImageObject\",\"inLanguage\":\"de\",\"@id\":\"https:\\\/\\\/www.designreisen.de\\\/magazin\\\/wintermaerchen-in-kitzbuehel\\\/#primaryimage\",\"url\":\"https:\\\/\\\/www.designreisen.de\\\/magazin\\\/wp-content\\\/uploads\\\/2022\\\/01\\\/Bichlalm-2-Winter-2018-19-15-scaled.jpg\",\"contentUrl\":\"https:\\\/\\\/www.designreisen.de\\\/magazin\\\/wp-content\\\/uploads\\\/2022\\\/01\\\/Bichlalm-2-Winter-2018-19-15-scaled.jpg\",\"width\":2160,\"height\":1440},{\"@type\":\"BreadcrumbList\",\"@id\":\"https:\\\/\\\/www.designreisen.de\\\/magazin\\\/wintermaerchen-in-kitzbuehel\\\/#breadcrumb\",\"itemListElement\":[{\"@type\":\"ListItem\",\"position\":1,\"name\":\"Home\",\"item\":\"https:\\\/\\\/www.designreisen.de\\\/magazin\\\/\"},{\"@type\":\"ListItem\",\"position\":2,\"name\":\"Winterm\u00e4rchen in Kitzb\u00fchel\"}]},{\"@type\":\"WebSite\",\"@id\":\"https:\\\/\\\/www.designreisen.de\\\/magazin\\\/#website\",\"url\":\"https:\\\/\\\/www.designreisen.de\\\/magazin\\\/\",\"name\":\"Connection to Paradise | Luxusreiseblog\",\"description\":\"Der exklusive Reiseblog von DESIGNREISEN\",\"potentialAction\":[{\"@type\":\"SearchAction\",\"target\":{\"@type\":\"EntryPoint\",\"urlTemplate\":\"https:\\\/\\\/www.designreisen.de\\\/magazin\\\/?s={search_term_string}\"},\"query-input\":{\"@type\":\"PropertyValueSpecification\",\"valueRequired\":true,\"valueName\":\"search_term_string\"}}],\"inLanguage\":\"de\"},{\"@type\":\"Person\",\"@id\":\"https:\\\/\\\/www.designreisen.de\\\/magazin\\\/#\\\/schema\\\/person\\\/8acf63390f31179074512ede844eeef1\",\"name\":\"Carolin Fried\",\"image\":{\"@type\":\"ImageObject\",\"inLanguage\":\"de\",\"@id\":\"https:\\\/\\\/www.designreisen.de\\\/magazin\\\/wp-content\\\/uploads\\\/2019\\\/04\\\/Caro-Fried-e1554902410734-96x96.jpg\",\"url\":\"https:\\\/\\\/www.designreisen.de\\\/magazin\\\/wp-content\\\/uploads\\\/2019\\\/04\\\/Caro-Fried-e1554902410734-96x96.jpg\",\"contentUrl\":\"https:\\\/\\\/www.designreisen.de\\\/magazin\\\/wp-content\\\/uploads\\\/2019\\\/04\\\/Caro-Fried-e1554902410734-96x96.jpg\",\"caption\":\"Carolin Fried\"},\"description\":\"Carolin Fried schreibt seit rund 25 Jahren f\u00fcr Magazine, Blogs und Websites. Ihre Lieblingsthemen sind M\u00fcnchen und Menschen, Wellness, Food und Reisen. Daf\u00fcr ist sie gern unterwegs und immer m\u00f6glichst nah dran am Geschehen. So findet sie immer die richtigen Worte und verwandelt auch trockene Tatsachen in sch\u00f6ne Geschichten.\"}]}<\/script>\n<!-- \/ Yoast SEO plugin. -->","yoast_head_json":{"title":"Winterm\u00e4rchen in Kitzb\u00fchel - Connection to Paradise | Luxusreiseblog","robots":{"index":"index","follow":"follow","max-snippet":"max-snippet:-1","max-image-preview":"max-image-preview:large","max-video-preview":"max-video-preview:-1"},"canonical":"https:\/\/www.designreisen.de\/magazin\/wintermaerchen-in-kitzbuehel\/","og_locale":"de_DE","og_type":"article","og_title":"Winterm\u00e4rchen in Kitzb\u00fchel - Connection to Paradise | Luxusreiseblog","og_description":"In Kitzb\u00fchel tut sich ein m\u00e4rchenhaftes Winterparadies auf, mit bestens pr\u00e4parierten Langlauf-Loipen, Winter- und Schneeschuhwanderungen, bei Pferdeschlittenfahrten oder beim Flanieren durch die historische Innenstadt. Entdecken Sie Kitzb\u00fchels faszinierende Facetten.","og_url":"https:\/\/www.designreisen.de\/magazin\/wintermaerchen-in-kitzbuehel\/","og_site_name":"Connection to Paradise | Luxusreiseblog","article_publisher":"https:\/\/www.facebook.com\/Designreisen\/","article_published_time":"2022-01-25T08:58:18+00:00","article_modified_time":"2022-07-14T14:24:14+00:00","og_image":[{"width":2160,"height":1440,"url":"https:\/\/www.designreisen.de\/magazin\/wp-content\/uploads\/2022\/01\/Bichlalm-2-Winter-2018-19-15-scaled.jpg","type":"image\/jpeg"}],"author":"Carolin Fried","twitter_card":"summary_large_image","twitter_misc":{"Verfasst von":"Carolin Fried","Gesch\u00e4tzte Lesezeit":"2\u00a0Minuten"},"schema":{"@context":"https:\/\/schema.org","@graph":[{"@type":"Article","@id":"https:\/\/www.designreisen.de\/magazin\/wintermaerchen-in-kitzbuehel\/#article","isPartOf":{"@id":"https:\/\/www.designreisen.de\/magazin\/wintermaerchen-in-kitzbuehel\/"},"author":{"name":"Carolin Fried","@id":"https:\/\/www.designreisen.de\/magazin\/#\/schema\/person\/8acf63390f31179074512ede844eeef1"},"headline":"Winterm\u00e4rchen in Kitzb\u00fchel","datePublished":"2022-01-25T08:58:18+00:00","dateModified":"2022-07-14T14:24:14+00:00","mainEntityOfPage":{"@id":"https:\/\/www.designreisen.de\/magazin\/wintermaerchen-in-kitzbuehel\/"},"wordCount":210,"commentCount":0,"image":{"@id":"https:\/\/www.designreisen.de\/magazin\/wintermaerchen-in-kitzbuehel\/#primaryimage"},"thumbnailUrl":"https:\/\/www.designreisen.de\/magazin\/wp-content\/uploads\/2022\/01\/Bichlalm-2-Winter-2018-19-15-scaled.jpg","keywords":["Europa","\u00d6sterreich"],"articleSection":["Magic Mountains","Specials"],"inLanguage":"de","potentialAction":[{"@type":"CommentAction","name":"Comment","target":["https:\/\/www.designreisen.de\/magazin\/wintermaerchen-in-kitzbuehel\/#respond"]}]},{"@type":"WebPage","@id":"https:\/\/www.designreisen.de\/magazin\/wintermaerchen-in-kitzbuehel\/","url":"https:\/\/www.designreisen.de\/magazin\/wintermaerchen-in-kitzbuehel\/","name":"Winterm\u00e4rchen in Kitzb\u00fchel - Connection to Paradise | Luxusreiseblog","isPartOf":{"@id":"https:\/\/www.designreisen.de\/magazin\/#website"},"primaryImageOfPage":{"@id":"https:\/\/www.designreisen.de\/magazin\/wintermaerchen-in-kitzbuehel\/#primaryimage"},"image":{"@id":"https:\/\/www.designreisen.de\/magazin\/wintermaerchen-in-kitzbuehel\/#primaryimage"},"thumbnailUrl":"https:\/\/www.designreisen.de\/magazin\/wp-content\/uploads\/2022\/01\/Bichlalm-2-Winter-2018-19-15-scaled.jpg","datePublished":"2022-01-25T08:58:18+00:00","dateModified":"2022-07-14T14:24:14+00:00","author":{"@id":"https:\/\/www.designreisen.de\/magazin\/#\/schema\/person\/8acf63390f31179074512ede844eeef1"},"breadcrumb":{"@id":"https:\/\/www.designreisen.de\/magazin\/wintermaerchen-in-kitzbuehel\/#breadcrumb"},"inLanguage":"de","potentialAction":[{"@type":"ReadAction","target":["https:\/\/www.designreisen.de\/magazin\/wintermaerchen-in-kitzbuehel\/"]}]},{"@type":"ImageObject","inLanguage":"de","@id":"https:\/\/www.designreisen.de\/magazin\/wintermaerchen-in-kitzbuehel\/#primaryimage","url":"https:\/\/www.designreisen.de\/magazin\/wp-content\/uploads\/2022\/01\/Bichlalm-2-Winter-2018-19-15-scaled.jpg","contentUrl":"https:\/\/www.designreisen.de\/magazin\/wp-content\/uploads\/2022\/01\/Bichlalm-2-Winter-2018-19-15-scaled.jpg","width":2160,"height":1440},{"@type":"BreadcrumbList","@id":"https:\/\/www.designreisen.de\/magazin\/wintermaerchen-in-kitzbuehel\/#breadcrumb","itemListElement":[{"@type":"ListItem","position":1,"name":"Home","item":"https:\/\/www.designreisen.de\/magazin\/"},{"@type":"ListItem","position":2,"name":"Winterm\u00e4rchen in Kitzb\u00fchel"}]},{"@type":"WebSite","@id":"https:\/\/www.designreisen.de\/magazin\/#website","url":"https:\/\/www.designreisen.de\/magazin\/","name":"Connection to Paradise | Luxusreiseblog","description":"Der exklusive Reiseblog von DESIGNREISEN","potentialAction":[{"@type":"SearchAction","target":{"@type":"EntryPoint","urlTemplate":"https:\/\/www.designreisen.de\/magazin\/?s={search_term_string}"},"query-input":{"@type":"PropertyValueSpecification","valueRequired":true,"valueName":"search_term_string"}}],"inLanguage":"de"},{"@type":"Person","@id":"https:\/\/www.designreisen.de\/magazin\/#\/schema\/person\/8acf63390f31179074512ede844eeef1","name":"Carolin Fried","image":{"@type":"ImageObject","inLanguage":"de","@id":"https:\/\/www.designreisen.de\/magazin\/wp-content\/uploads\/2019\/04\/Caro-Fried-e1554902410734-96x96.jpg","url":"https:\/\/www.designreisen.de\/magazin\/wp-content\/uploads\/2019\/04\/Caro-Fried-e1554902410734-96x96.jpg","contentUrl":"https:\/\/www.designreisen.de\/magazin\/wp-content\/uploads\/2019\/04\/Caro-Fried-e1554902410734-96x96.jpg","caption":"Carolin Fried"},"description":"Carolin Fried schreibt seit rund 25 Jahren f\u00fcr Magazine, Blogs und Websites. Ihre Lieblingsthemen sind M\u00fcnchen und Menschen, Wellness, Food und Reisen. Daf\u00fcr ist sie gern unterwegs und immer m\u00f6glichst nah dran am Geschehen. So findet sie immer die richtigen Worte und verwandelt auch trockene Tatsachen in sch\u00f6ne Geschichten."}]}},"_links":{"self":[{"href":"https:\/\/www.designreisen.de\/magazin\/wp-json\/wp\/v2\/posts\/5896","targetHints":{"allow":["GET"]}}],"collection":[{"href":"https:\/\/www.designreisen.de\/magazin\/wp-json\/wp\/v2\/posts"}],"about":[{"href":"https:\/\/www.designreisen.de\/magazin\/wp-json\/wp\/v2\/types\/post"}],"author":[{"embeddable":true,"href":"https:\/\/www.designreisen.de\/magazin\/wp-json\/wp\/v2\/users\/33"}],"replies":[{"embeddable":true,"href":"https:\/\/www.designreisen.de\/magazin\/wp-json\/wp\/v2\/comments?post=5896"}],"version-history":[{"count":4,"href":"https:\/\/www.designreisen.de\/magazin\/wp-json\/wp\/v2\/posts\/5896\/revisions"}],"predecessor-version":[{"id":7083,"href":"https:\/\/www.designreisen.de\/magazin\/wp-json\/wp\/v2\/posts\/5896\/revisions\/7083"}],"wp:featuredmedia":[{"embeddable":true,"href":"https:\/\/www.designreisen.de\/magazin\/wp-json\/wp\/v2\/media\/5897"}],"wp:attachment":[{"href":"https:\/\/www.designreisen.de\/magazin\/wp-json\/wp\/v2\/media?parent=5896"}],"wp:term":[{"taxonomy":"category","embeddable":true,"href":"https:\/\/www.designreisen.de\/magazin\/wp-json\/wp\/v2\/categories?post=5896"},{"taxonomy":"post_tag","embeddable":true,"href":"https:\/\/www.designreisen.de\/magazin\/wp-json\/wp\/v2\/tags?post=5896"}],"curies":[{"name":"wp","href":"https:\/\/api.w.org\/{rel}","templated":true}]}}