 {"id":6333,"date":"2021-12-24T11:50:23","date_gmt":"2021-12-24T10:50:23","guid":{"rendered":"https:\/\/www.designreisen.de\/magazin\/?p=6333"},"modified":"2022-07-14T10:31:14","modified_gmt":"2022-07-14T08:31:14","slug":"ein-highlight-suedtirols-das-andreus","status":"publish","type":"post","link":"https:\/\/www.designreisen.de\/magazin\/ein-highlight-suedtirols-das-andreus\/","title":{"rendered":"Highlight S\u00fcdtirols &#8211; Das Andreus"},"content":{"rendered":"<p>Ihren ganz privaten R\u00fcckzugsraum finden Sie in einer der 80 Suiten (zwischen 38 bis 325 m<sup>2<\/sup>) des Haupthauses, die dank der f\u00fcr S\u00fcdtirol typischen Naturmaterialien zum Seele baumeln lassen einladen. Gerade das heimische Holz verleiht den Zimmern nicht nur Gem\u00fctlichkeit, sondern wirkt sich (besonders) positiv auf den menschlichen Organismus aus, verlangsamt den Herzschlag und lindert die Wetterf\u00fchligkeit. Vom Alltagsstress perfekt erholen kann man sich im 7.000 m<sup>2<\/sup> gro\u00dfen Wellness- und Spa-Bereichs des Andreus. Wer sich lieber austoben m\u00f6chte, sollte sich am neuen Fitness Tower oder im 33,33 Meter langen Sportbecken mit Zeitmessung versuchen. 5 Tennispl\u00e4tze und ein Reitstall nebst Koppel runden die zahlreichen Aktivit\u00e4tsm\u00f6glichkeiten f\u00fcr Gro\u00df und Klein im Resort ab.<\/p>\n<p>Und die Golfer? Die sch\u00e4tzen besonders die N\u00e4he zum\u00a0Golfplatz\u00a0Passeier Meran (M\u00e4rz-Dezember), der zu den sch\u00f6nsten des Landes z\u00e4hlt. Wenn man eine Runde inmitten von sattem Gr\u00fcn und der beeindruckenden Bergkulisse des Meraner Lands gedreht hat, dann kann einem eigentlich nur das Herz aufgehen. Wem das nicht gen\u00fcgt, dem bieten sich innerhalb von einer Stunde Fahrtzeit eine ganze Hand voll weiterer atemberaubender Golfpl\u00e4tze inmitten der malerischen Dolomiten.<\/p>\n<p>Nat\u00fcrlich darf im Andreus auch der Gaumen nicht zu kurz kommen. Dank einer tollen Kombination aus Feinschmeckerk\u00fcche, gepaart mit K\u00f6stlichkeiten aus der Region gibt es auch hier ein Rundumsorglospaket. Unser Geheimtipp. Ab in Finkis Stube zum exklusiven Gourmetmenu von Chef Tobias Nikolussi. Unter dem Motto \u201eEcht gut Essen\u201c wird man auf eine kulinarische Reise der Extraklasse mitgenommen, wobei bei der Zubereitung der Speisen besonderes Augenmerk auf das Zusammenspiel von Kultur und Tradition, sowie auf das handwerkliche K\u00f6nnen der K\u00f6che gelegt wird.<\/p>\n<p>Golf und Verw\u00f6hnen im Passeiertal, diese Kombination geht im 5 Sterne Golf &amp; Spa Hotel Andreus bei Meran voll und ganz auf.<\/p>\n<div id=\"layerslider_142\" class=\"ls-wp-container\" style=\"width:2160px;height:1440px;margin:0 auto;margin-bottom: 0px;\"><div class=\"ls-slide\" data-ls=\"transition2d:5;customtransition2d:;\"><img decoding=\"async\" src=\"https:\/\/www.designreisen.de\/magazin\/wp-content\/uploads\/2022\/05\/Golf-Lodge-scaled.jpg\" class=\"ls-bg\" alt=\"Golf Lodge\" \/><p class=\"ls-l\" style=\"top:0px;left:0px;width:;height:;padding-top:;padding-right:;padding-bottom:;padding-left:;border-top:;border-right:;border-bottom:;border-left:;font-family:;font-size:;line-height:;color:;background:;border-radius:;white-space: nowrap;\">Das Resort bietet seinen G\u00e4sten eine gro\u00dfe Auswahl an sportlichen Aktivit\u00e4ten, Wellness und eine eigene Gourmetk\u00fcche. <\/p><\/div><div class=\"ls-slide\" data-ls=\"transition2d:5;customtransition2d:;\"><img decoding=\"async\" src=\"https:\/\/www.designreisen.de\/magazin\/wp-content\/uploads\/2022\/05\/Balance-Suite-scaled.jpg\" class=\"ls-bg\" alt=\"Balance Suite\" \/><p class=\"ls-l\" style=\"top:0px;left:0px;width:;height:;padding-top:;padding-right:;padding-bottom:;padding-left:;border-top:;border-right:;border-bottom:;border-left:;font-family:;font-size:;line-height:;color:;background:;border-radius:;white-space: nowrap;\">Das Resort bietet seinen G\u00e4sten eine gro\u00dfe Auswahl an sportlichen Aktivit\u00e4ten, Wellness und eine eigene Gourmetk\u00fcche.<\/p><\/div><div class=\"ls-slide\" data-ls=\"transition2d:5;customtransition2d:;\"><img decoding=\"async\" src=\"https:\/\/www.designreisen.de\/magazin\/wp-content\/uploads\/2022\/05\/Andreus-Hotel_Tennis-scaled.jpg\" class=\"ls-bg\" alt=\"Andreus Hotel_Tennis\" \/><p class=\"ls-l\" style=\"top:0px;left:0px;width:;height:;padding-top:;padding-right:;padding-bottom:;padding-left:;border-top:;border-right:;border-bottom:;border-left:;font-family:;font-size:;line-height:;color:;background:;border-radius:;white-space: nowrap;\">Das Resort bietet seinen G\u00e4sten eine gro\u00dfe Auswahl an sportlichen Aktivit\u00e4ten, Wellness und eine eigene Gourmetk\u00fcche.<\/p><\/div><div class=\"ls-slide\" data-ls=\"transition2d:5;customtransition2d:;\"><img decoding=\"async\" src=\"https:\/\/www.designreisen.de\/magazin\/wp-content\/uploads\/2022\/05\/Andreus-Hotel_Yoga-scaled.jpg\" class=\"ls-bg\" alt=\"Andreus Hotel_Yoga\" \/><p class=\"ls-l\" style=\"top:0px;left:0px;width:;height:;padding-top:;padding-right:;padding-bottom:;padding-left:;border-top:;border-right:;border-bottom:;border-left:;font-family:;font-size:;line-height:;color:;background:;border-radius:;white-space: nowrap;\">Das Resort bietet seinen G\u00e4sten eine gro\u00dfe Auswahl an sportlichen Aktivit\u00e4ten, Wellness und eine eigene Gourmetk\u00fcche.<\/p><\/div><div class=\"ls-slide\" data-ls=\"transition2d:5;customtransition2d:;\"><img decoding=\"async\" src=\"https:\/\/www.designreisen.de\/magazin\/wp-content\/uploads\/2022\/05\/Golf-direkt-vor-der-Hoteltuer-scaled.jpg\" class=\"ls-bg\" alt=\"Slide background\" \/><p class=\"ls-l\" style=\"top:0px;left:0px;width:;height:;padding-top:;padding-right:;padding-bottom:;padding-left:;border-top:;border-right:;border-bottom:;border-left:;font-family:;font-size:;line-height:;color:;background:;border-radius:;white-space: nowrap;\">Das Resort bietet seinen G\u00e4sten eine gro\u00dfe Auswahl an sportlichen Aktivit\u00e4ten, Wellness und eine eigene Gourmetk\u00fcche.<\/p><\/div><div class=\"ls-slide\" data-ls=\"transition2d:5;customtransition2d:;\"><img decoding=\"async\" src=\"https:\/\/www.designreisen.de\/magazin\/wp-content\/uploads\/2022\/05\/Italienmeister-im-Showaufguss_Helli-Haller-scaled.jpg\" class=\"ls-bg\" alt=\"Italienmeister im Showaufguss_Helli Haller\" \/><p class=\"ls-l\" style=\"top:0px;left:0px;width:;height:;padding-top:;padding-right:;padding-bottom:;padding-left:;border-top:;border-right:;border-bottom:;border-left:;font-family:;font-size:;line-height:;color:;background:;border-radius:;white-space: nowrap;\">Das Resort bietet seinen G\u00e4sten eine gro\u00dfe Auswahl an sportlichen Aktivit\u00e4ten, Wellness und eine eigene Gourmetk\u00fcche.<\/p><\/div><\/div>\n","protected":false},"excerpt":{"rendered":"<p>Ob feinste Wellness, auserlesene Gen\u00fcsse aus der Gourmetk\u00fcche oder unvergessliche Aktiverlebnisse in der Natur, das 5-Sterne Golf &#038; Spa Resort Andreus in S\u00fcdtirol bei Meran kann all das bieten, und noch so viel mehr. Daf\u00fcr sorgen nicht nur die herzliche Gastfreundschaft der Familie Fink, sondern auch das vielf\u00e4ltige Verw\u00f6hnprogramm und die schier unlimitierten Aktivit\u00e4tsm\u00f6glichkeiten der Region S\u00fcdtirol.<\/p>\n","protected":false},"author":6,"featured_media":6334,"comment_status":"open","ping_status":"open","sticky":false,"template":"","format":"standard","meta":{"_acf_changed":false,"footnotes":""},"categories":[1,89,283],"tags":[],"class_list":["post-6333","post","type-post","status-publish","format-standard","has-post-thumbnail","hentry","category-fashion-lifestyle","category-golfers-paradise","category-golfers-paradise-specials"],"acf":[],"yoast_head":"<!-- This site is optimized with the Yoast SEO plugin v27.5 - https:\/\/yoast.com\/product\/yoast-seo-wordpress\/ -->\n<title>Highlight S\u00fcdtirols - Das Andreus - Connection to Paradise | Luxusreiseblog<\/title>\n<meta name=\"robots\" content=\"index, follow, max-snippet:-1, max-image-preview:large, max-video-preview:-1\" \/>\n<link rel=\"canonical\" href=\"https:\/\/www.designreisen.de\/magazin\/ein-highlight-suedtirols-das-andreus\/\" \/>\n<meta property=\"og:locale\" content=\"de_DE\" \/>\n<meta property=\"og:type\" content=\"article\" \/>\n<meta property=\"og:title\" content=\"Highlight S\u00fcdtirols - Das Andreus - Connection to Paradise | Luxusreiseblog\" \/>\n<meta property=\"og:description\" content=\"Ob feinste Wellness, auserlesene Gen\u00fcsse aus der Gourmetk\u00fcche oder unvergessliche Aktiverlebnisse in der Natur, das 5-Sterne Golf &amp; Spa Resort Andreus in S\u00fcdtirol bei Meran kann all das bieten, und noch so viel mehr. Daf\u00fcr sorgen nicht nur die herzliche Gastfreundschaft der Familie Fink, sondern auch das vielf\u00e4ltige Verw\u00f6hnprogramm und die schier unlimitierten Aktivit\u00e4tsm\u00f6glichkeiten der Region S\u00fcdtirol.\" \/>\n<meta property=\"og:url\" content=\"https:\/\/www.designreisen.de\/magazin\/ein-highlight-suedtirols-das-andreus\/\" \/>\n<meta property=\"og:site_name\" content=\"Connection to Paradise | Luxusreiseblog\" \/>\n<meta property=\"article:publisher\" content=\"https:\/\/www.facebook.com\/Designreisen\/\" \/>\n<meta property=\"article:published_time\" content=\"2021-12-24T10:50:23+00:00\" \/>\n<meta property=\"article:modified_time\" content=\"2022-07-14T08:31:14+00:00\" \/>\n<meta property=\"og:image\" content=\"https:\/\/www.designreisen.de\/magazin\/wp-content\/uploads\/2022\/05\/Andreus-Hotel-pano-mitberg-scaled.jpg\" \/>\n\t<meta property=\"og:image:width\" content=\"2365\" \/>\n\t<meta property=\"og:image:height\" content=\"1440\" \/>\n\t<meta property=\"og:image:type\" content=\"image\/jpeg\" \/>\n<meta name=\"author\" content=\"Michaela K\u00fcgler\" \/>\n<meta name=\"twitter:card\" content=\"summary_large_image\" \/>\n<meta name=\"twitter:label1\" content=\"Verfasst von\" \/>\n\t<meta name=\"twitter:data1\" content=\"Michaela K\u00fcgler\" \/>\n\t<meta name=\"twitter:label2\" content=\"Gesch\u00e4tzte Lesezeit\" \/>\n\t<meta name=\"twitter:data2\" content=\"2\u00a0Minuten\" \/>\n<script type=\"application\/ld+json\" class=\"yoast-schema-graph\">{\"@context\":\"https:\\\/\\\/schema.org\",\"@graph\":[{\"@type\":\"Article\",\"@id\":\"https:\\\/\\\/www.designreisen.de\\\/magazin\\\/ein-highlight-suedtirols-das-andreus\\\/#article\",\"isPartOf\":{\"@id\":\"https:\\\/\\\/www.designreisen.de\\\/magazin\\\/ein-highlight-suedtirols-das-andreus\\\/\"},\"author\":{\"name\":\"Michaela K\u00fcgler\",\"@id\":\"https:\\\/\\\/www.designreisen.de\\\/magazin\\\/#\\\/schema\\\/person\\\/8ecc0bee292bf549181974770d7e353d\"},\"headline\":\"Highlight S\u00fcdtirols &#8211; Das Andreus\",\"datePublished\":\"2021-12-24T10:50:23+00:00\",\"dateModified\":\"2022-07-14T08:31:14+00:00\",\"mainEntityOfPage\":{\"@id\":\"https:\\\/\\\/www.designreisen.de\\\/magazin\\\/ein-highlight-suedtirols-das-andreus\\\/\"},\"wordCount\":308,\"commentCount\":0,\"image\":{\"@id\":\"https:\\\/\\\/www.designreisen.de\\\/magazin\\\/ein-highlight-suedtirols-das-andreus\\\/#primaryimage\"},\"thumbnailUrl\":\"https:\\\/\\\/www.designreisen.de\\\/magazin\\\/wp-content\\\/uploads\\\/2022\\\/05\\\/Andreus-Hotel-pano-mitberg-scaled.jpg\",\"articleSection\":[\"Fashion + Lifestyle\",\"Golfer's Paradise\",\"Golfer's Paradise\"],\"inLanguage\":\"de\",\"potentialAction\":[{\"@type\":\"CommentAction\",\"name\":\"Comment\",\"target\":[\"https:\\\/\\\/www.designreisen.de\\\/magazin\\\/ein-highlight-suedtirols-das-andreus\\\/#respond\"]}]},{\"@type\":\"WebPage\",\"@id\":\"https:\\\/\\\/www.designreisen.de\\\/magazin\\\/ein-highlight-suedtirols-das-andreus\\\/\",\"url\":\"https:\\\/\\\/www.designreisen.de\\\/magazin\\\/ein-highlight-suedtirols-das-andreus\\\/\",\"name\":\"Highlight S\u00fcdtirols - Das Andreus - Connection to Paradise | Luxusreiseblog\",\"isPartOf\":{\"@id\":\"https:\\\/\\\/www.designreisen.de\\\/magazin\\\/#website\"},\"primaryImageOfPage\":{\"@id\":\"https:\\\/\\\/www.designreisen.de\\\/magazin\\\/ein-highlight-suedtirols-das-andreus\\\/#primaryimage\"},\"image\":{\"@id\":\"https:\\\/\\\/www.designreisen.de\\\/magazin\\\/ein-highlight-suedtirols-das-andreus\\\/#primaryimage\"},\"thumbnailUrl\":\"https:\\\/\\\/www.designreisen.de\\\/magazin\\\/wp-content\\\/uploads\\\/2022\\\/05\\\/Andreus-Hotel-pano-mitberg-scaled.jpg\",\"datePublished\":\"2021-12-24T10:50:23+00:00\",\"dateModified\":\"2022-07-14T08:31:14+00:00\",\"author\":{\"@id\":\"https:\\\/\\\/www.designreisen.de\\\/magazin\\\/#\\\/schema\\\/person\\\/8ecc0bee292bf549181974770d7e353d\"},\"breadcrumb\":{\"@id\":\"https:\\\/\\\/www.designreisen.de\\\/magazin\\\/ein-highlight-suedtirols-das-andreus\\\/#breadcrumb\"},\"inLanguage\":\"de\",\"potentialAction\":[{\"@type\":\"ReadAction\",\"target\":[\"https:\\\/\\\/www.designreisen.de\\\/magazin\\\/ein-highlight-suedtirols-das-andreus\\\/\"]}]},{\"@type\":\"ImageObject\",\"inLanguage\":\"de\",\"@id\":\"https:\\\/\\\/www.designreisen.de\\\/magazin\\\/ein-highlight-suedtirols-das-andreus\\\/#primaryimage\",\"url\":\"https:\\\/\\\/www.designreisen.de\\\/magazin\\\/wp-content\\\/uploads\\\/2022\\\/05\\\/Andreus-Hotel-pano-mitberg-scaled.jpg\",\"contentUrl\":\"https:\\\/\\\/www.designreisen.de\\\/magazin\\\/wp-content\\\/uploads\\\/2022\\\/05\\\/Andreus-Hotel-pano-mitberg-scaled.jpg\",\"width\":2365,\"height\":1440},{\"@type\":\"BreadcrumbList\",\"@id\":\"https:\\\/\\\/www.designreisen.de\\\/magazin\\\/ein-highlight-suedtirols-das-andreus\\\/#breadcrumb\",\"itemListElement\":[{\"@type\":\"ListItem\",\"position\":1,\"name\":\"Home\",\"item\":\"https:\\\/\\\/www.designreisen.de\\\/magazin\\\/\"},{\"@type\":\"ListItem\",\"position\":2,\"name\":\"Highlight S\u00fcdtirols &#8211; Das Andreus\"}]},{\"@type\":\"WebSite\",\"@id\":\"https:\\\/\\\/www.designreisen.de\\\/magazin\\\/#website\",\"url\":\"https:\\\/\\\/www.designreisen.de\\\/magazin\\\/\",\"name\":\"Connection to Paradise | Luxusreiseblog\",\"description\":\"Der exklusive Reiseblog von DESIGNREISEN\",\"potentialAction\":[{\"@type\":\"SearchAction\",\"target\":{\"@type\":\"EntryPoint\",\"urlTemplate\":\"https:\\\/\\\/www.designreisen.de\\\/magazin\\\/?s={search_term_string}\"},\"query-input\":{\"@type\":\"PropertyValueSpecification\",\"valueRequired\":true,\"valueName\":\"search_term_string\"}}],\"inLanguage\":\"de\"},{\"@type\":\"Person\",\"@id\":\"https:\\\/\\\/www.designreisen.de\\\/magazin\\\/#\\\/schema\\\/person\\\/8ecc0bee292bf549181974770d7e353d\",\"name\":\"Michaela K\u00fcgler\",\"image\":{\"@type\":\"ImageObject\",\"inLanguage\":\"de\",\"@id\":\"https:\\\/\\\/www.designreisen.de\\\/magazin\\\/wp-content\\\/uploads\\\/2019\\\/01\\\/csm_Michaela-Kuegler-Head-of-Productmanagment_9eb4b63863-e1547110958722-96x96.jpg\",\"url\":\"https:\\\/\\\/www.designreisen.de\\\/magazin\\\/wp-content\\\/uploads\\\/2019\\\/01\\\/csm_Michaela-Kuegler-Head-of-Productmanagment_9eb4b63863-e1547110958722-96x96.jpg\",\"contentUrl\":\"https:\\\/\\\/www.designreisen.de\\\/magazin\\\/wp-content\\\/uploads\\\/2019\\\/01\\\/csm_Michaela-Kuegler-Head-of-Productmanagment_9eb4b63863-e1547110958722-96x96.jpg\",\"caption\":\"Michaela K\u00fcgler\"},\"description\":\"Ich kenne die Destination und die Hotels pers\u00f6nlich. Gerne unterst\u00fctze ich Sie dabei, Ihre ganz pers\u00f6nliche Traumreise zusammenzustellen.\"}]}<\/script>\n<!-- \/ Yoast SEO plugin. -->","yoast_head_json":{"title":"Highlight S\u00fcdtirols - Das Andreus - Connection to Paradise | Luxusreiseblog","robots":{"index":"index","follow":"follow","max-snippet":"max-snippet:-1","max-image-preview":"max-image-preview:large","max-video-preview":"max-video-preview:-1"},"canonical":"https:\/\/www.designreisen.de\/magazin\/ein-highlight-suedtirols-das-andreus\/","og_locale":"de_DE","og_type":"article","og_title":"Highlight S\u00fcdtirols - Das Andreus - Connection to Paradise | Luxusreiseblog","og_description":"Ob feinste Wellness, auserlesene Gen\u00fcsse aus der Gourmetk\u00fcche oder unvergessliche Aktiverlebnisse in der Natur, das 5-Sterne Golf & Spa Resort Andreus in S\u00fcdtirol bei Meran kann all das bieten, und noch so viel mehr. Daf\u00fcr sorgen nicht nur die herzliche Gastfreundschaft der Familie Fink, sondern auch das vielf\u00e4ltige Verw\u00f6hnprogramm und die schier unlimitierten Aktivit\u00e4tsm\u00f6glichkeiten der Region S\u00fcdtirol.","og_url":"https:\/\/www.designreisen.de\/magazin\/ein-highlight-suedtirols-das-andreus\/","og_site_name":"Connection to Paradise | Luxusreiseblog","article_publisher":"https:\/\/www.facebook.com\/Designreisen\/","article_published_time":"2021-12-24T10:50:23+00:00","article_modified_time":"2022-07-14T08:31:14+00:00","og_image":[{"width":2365,"height":1440,"url":"https:\/\/www.designreisen.de\/magazin\/wp-content\/uploads\/2022\/05\/Andreus-Hotel-pano-mitberg-scaled.jpg","type":"image\/jpeg"}],"author":"Michaela K\u00fcgler","twitter_card":"summary_large_image","twitter_misc":{"Verfasst von":"Michaela K\u00fcgler","Gesch\u00e4tzte Lesezeit":"2\u00a0Minuten"},"schema":{"@context":"https:\/\/schema.org","@graph":[{"@type":"Article","@id":"https:\/\/www.designreisen.de\/magazin\/ein-highlight-suedtirols-das-andreus\/#article","isPartOf":{"@id":"https:\/\/www.designreisen.de\/magazin\/ein-highlight-suedtirols-das-andreus\/"},"author":{"name":"Michaela K\u00fcgler","@id":"https:\/\/www.designreisen.de\/magazin\/#\/schema\/person\/8ecc0bee292bf549181974770d7e353d"},"headline":"Highlight S\u00fcdtirols &#8211; Das Andreus","datePublished":"2021-12-24T10:50:23+00:00","dateModified":"2022-07-14T08:31:14+00:00","mainEntityOfPage":{"@id":"https:\/\/www.designreisen.de\/magazin\/ein-highlight-suedtirols-das-andreus\/"},"wordCount":308,"commentCount":0,"image":{"@id":"https:\/\/www.designreisen.de\/magazin\/ein-highlight-suedtirols-das-andreus\/#primaryimage"},"thumbnailUrl":"https:\/\/www.designreisen.de\/magazin\/wp-content\/uploads\/2022\/05\/Andreus-Hotel-pano-mitberg-scaled.jpg","articleSection":["Fashion + Lifestyle","Golfer's Paradise","Golfer's Paradise"],"inLanguage":"de","potentialAction":[{"@type":"CommentAction","name":"Comment","target":["https:\/\/www.designreisen.de\/magazin\/ein-highlight-suedtirols-das-andreus\/#respond"]}]},{"@type":"WebPage","@id":"https:\/\/www.designreisen.de\/magazin\/ein-highlight-suedtirols-das-andreus\/","url":"https:\/\/www.designreisen.de\/magazin\/ein-highlight-suedtirols-das-andreus\/","name":"Highlight S\u00fcdtirols - Das Andreus - Connection to Paradise | Luxusreiseblog","isPartOf":{"@id":"https:\/\/www.designreisen.de\/magazin\/#website"},"primaryImageOfPage":{"@id":"https:\/\/www.designreisen.de\/magazin\/ein-highlight-suedtirols-das-andreus\/#primaryimage"},"image":{"@id":"https:\/\/www.designreisen.de\/magazin\/ein-highlight-suedtirols-das-andreus\/#primaryimage"},"thumbnailUrl":"https:\/\/www.designreisen.de\/magazin\/wp-content\/uploads\/2022\/05\/Andreus-Hotel-pano-mitberg-scaled.jpg","datePublished":"2021-12-24T10:50:23+00:00","dateModified":"2022-07-14T08:31:14+00:00","author":{"@id":"https:\/\/www.designreisen.de\/magazin\/#\/schema\/person\/8ecc0bee292bf549181974770d7e353d"},"breadcrumb":{"@id":"https:\/\/www.designreisen.de\/magazin\/ein-highlight-suedtirols-das-andreus\/#breadcrumb"},"inLanguage":"de","potentialAction":[{"@type":"ReadAction","target":["https:\/\/www.designreisen.de\/magazin\/ein-highlight-suedtirols-das-andreus\/"]}]},{"@type":"ImageObject","inLanguage":"de","@id":"https:\/\/www.designreisen.de\/magazin\/ein-highlight-suedtirols-das-andreus\/#primaryimage","url":"https:\/\/www.designreisen.de\/magazin\/wp-content\/uploads\/2022\/05\/Andreus-Hotel-pano-mitberg-scaled.jpg","contentUrl":"https:\/\/www.designreisen.de\/magazin\/wp-content\/uploads\/2022\/05\/Andreus-Hotel-pano-mitberg-scaled.jpg","width":2365,"height":1440},{"@type":"BreadcrumbList","@id":"https:\/\/www.designreisen.de\/magazin\/ein-highlight-suedtirols-das-andreus\/#breadcrumb","itemListElement":[{"@type":"ListItem","position":1,"name":"Home","item":"https:\/\/www.designreisen.de\/magazin\/"},{"@type":"ListItem","position":2,"name":"Highlight S\u00fcdtirols &#8211; Das Andreus"}]},{"@type":"WebSite","@id":"https:\/\/www.designreisen.de\/magazin\/#website","url":"https:\/\/www.designreisen.de\/magazin\/","name":"Connection to Paradise | Luxusreiseblog","description":"Der exklusive Reiseblog von DESIGNREISEN","potentialAction":[{"@type":"SearchAction","target":{"@type":"EntryPoint","urlTemplate":"https:\/\/www.designreisen.de\/magazin\/?s={search_term_string}"},"query-input":{"@type":"PropertyValueSpecification","valueRequired":true,"valueName":"search_term_string"}}],"inLanguage":"de"},{"@type":"Person","@id":"https:\/\/www.designreisen.de\/magazin\/#\/schema\/person\/8ecc0bee292bf549181974770d7e353d","name":"Michaela K\u00fcgler","image":{"@type":"ImageObject","inLanguage":"de","@id":"https:\/\/www.designreisen.de\/magazin\/wp-content\/uploads\/2019\/01\/csm_Michaela-Kuegler-Head-of-Productmanagment_9eb4b63863-e1547110958722-96x96.jpg","url":"https:\/\/www.designreisen.de\/magazin\/wp-content\/uploads\/2019\/01\/csm_Michaela-Kuegler-Head-of-Productmanagment_9eb4b63863-e1547110958722-96x96.jpg","contentUrl":"https:\/\/www.designreisen.de\/magazin\/wp-content\/uploads\/2019\/01\/csm_Michaela-Kuegler-Head-of-Productmanagment_9eb4b63863-e1547110958722-96x96.jpg","caption":"Michaela K\u00fcgler"},"description":"Ich kenne die Destination und die Hotels pers\u00f6nlich. Gerne unterst\u00fctze ich Sie dabei, Ihre ganz pers\u00f6nliche Traumreise zusammenzustellen."}]}},"_links":{"self":[{"href":"https:\/\/www.designreisen.de\/magazin\/wp-json\/wp\/v2\/posts\/6333","targetHints":{"allow":["GET"]}}],"collection":[{"href":"https:\/\/www.designreisen.de\/magazin\/wp-json\/wp\/v2\/posts"}],"about":[{"href":"https:\/\/www.designreisen.de\/magazin\/wp-json\/wp\/v2\/types\/post"}],"author":[{"embeddable":true,"href":"https:\/\/www.designreisen.de\/magazin\/wp-json\/wp\/v2\/users\/6"}],"replies":[{"embeddable":true,"href":"https:\/\/www.designreisen.de\/magazin\/wp-json\/wp\/v2\/comments?post=6333"}],"version-history":[{"count":8,"href":"https:\/\/www.designreisen.de\/magazin\/wp-json\/wp\/v2\/posts\/6333\/revisions"}],"predecessor-version":[{"id":6981,"href":"https:\/\/www.designreisen.de\/magazin\/wp-json\/wp\/v2\/posts\/6333\/revisions\/6981"}],"wp:featuredmedia":[{"embeddable":true,"href":"https:\/\/www.designreisen.de\/magazin\/wp-json\/wp\/v2\/media\/6334"}],"wp:attachment":[{"href":"https:\/\/www.designreisen.de\/magazin\/wp-json\/wp\/v2\/media?parent=6333"}],"wp:term":[{"taxonomy":"category","embeddable":true,"href":"https:\/\/www.designreisen.de\/magazin\/wp-json\/wp\/v2\/categories?post=6333"},{"taxonomy":"post_tag","embeddable":true,"href":"https:\/\/www.designreisen.de\/magazin\/wp-json\/wp\/v2\/tags?post=6333"}],"curies":[{"name":"wp","href":"https:\/\/api.w.org\/{rel}","templated":true}]}}