{"id":7678,"date":"2023-06-12T18:18:27","date_gmt":"2023-06-12T16:18:27","guid":{"rendered":"https:\/\/www.designreisen.de\/magazin\/?p=7678"},"modified":"2023-06-12T18:20:54","modified_gmt":"2023-06-12T16:20:54","slug":"gourmet-palast-an-der-algarve","status":"publish","type":"post","link":"https:\/\/www.designreisen.de\/magazin\/gourmet-palast-an-der-algarve\/","title":{"rendered":"GOURMET-PALAST AN DER ALGARVE"},"content":{"rendered":"<p>Bevor Jo\u00e3o Oliveira mit seinen minimalistischen Kreationen verw\u00f6hnt, steigen wir die schmalen Treppen in seine heiligen Hallen hinab. Ein Ritual, in dessen Genuss jeder Gast im VISTA Restaurant des Luxus-Hotels BELA VISTA in Portugal kommt. Die vielen MICHELIN-Auszeichnungen an der Wand, lassen schon erahnen, worauf sich verw\u00f6hnte Gaumen hier freuen d\u00fcrfen. In der K\u00fcche, die sich direkt unter dem Restaurant befindet, herrscht bereits reges Treiben &#8211; bei gef\u00fchlt 35 Grad Raumtemperatur.<\/p>\n<p>Der Sterne-Koch selbst feilt gerade an Gang 4 &#8211; Languste mit Blumenkohl und Salzpflanze. Dieses Gericht veranschaulicht perfekt, wof\u00fcr seine K\u00fcche steht. Denn auf den gereichten Tellern befinden sich in der Regel nur 3 Zutaten. \u201eMan k\u00f6nnte sagen, dass meine Kreationen sehr puristisch und nat\u00fcrlich sind\u201c, erkl\u00e4rt der Chef. Salz versucht er beispielsweise mit anderen Lebensmitteln zu ersetzen. Alles was, unserem K\u00f6rper nicht guttut, verbannt der Portugiese aus seinen Gerichten &#8211; so etwa auch tierische Fette. Warum ihm das ein wichtiges Anliegen ist, erkl\u00e4rt er ausf\u00fchrlich in unserem Interview (siehe unten).<\/p>\n<p>An Raffinesse mangelt es allen zehn G\u00e4ngen keineswegs. Selbst auf den ersten Blick einfach wirkende G\u00e4nge wie Tomaten verleiht Jo\u00e3o Oliveira eine ganz besondere Note und verst\u00e4rkt anhand von nat\u00fcrlichen Essenzen den Geschmack. Die Inspiration f\u00fcr seine Men\u00fcs kommt dem Ma\u00eetre de Cuisine quasi von ganz alleine. \u201eDie Natur zeigt mir auf, was ich koche\u201c, sagt der Sterne-Koch bescheiden. Demzufolge k\u00f6nnte man seine K\u00fcche auch als Hommage an Portugal beschreiben. Zum Dessert wird ein f\u00fcr die Region typisches Orangenb\u00e4umchen auf den Tisch gestellt. Zwischen den Bl\u00e4ttern verstecken sich zwei Pralinen in Form von kleinen Orangen. Perfekter h\u00e4tte der Abschluss nicht sein k\u00f6nnen.<\/p>\n<div id=\"attachment_7683\" class=\"wp-caption alignnone\"><img loading=\"lazy\" decoding=\"async\" aria-describedby=\"caption-attachment-7683\" class=\"wp-image-7683 size-full animated\" src=\"https:\/\/www.designreisen.de\/magazin\/wp-content\/uploads\/2022\/11\/2_Relais__Chateaux_Bela_Vista_Joao_Oliviera-2-scaled.jpg\" alt=\"\" width=\"2560\" height=\"1707\" srcset=\"https:\/\/www.designreisen.de\/magazin\/wp-content\/uploads\/2022\/11\/2_Relais__Chateaux_Bela_Vista_Joao_Oliviera-2-scaled.jpg 2560w, https:\/\/www.designreisen.de\/magazin\/wp-content\/uploads\/2022\/11\/2_Relais__Chateaux_Bela_Vista_Joao_Oliviera-2-450x300.jpg 450w, https:\/\/www.designreisen.de\/magazin\/wp-content\/uploads\/2022\/11\/2_Relais__Chateaux_Bela_Vista_Joao_Oliviera-2-1024x683.jpg 1024w, https:\/\/www.designreisen.de\/magazin\/wp-content\/uploads\/2022\/11\/2_Relais__Chateaux_Bela_Vista_Joao_Oliviera-2-768x512.jpg 768w, https:\/\/www.designreisen.de\/magazin\/wp-content\/uploads\/2022\/11\/2_Relais__Chateaux_Bela_Vista_Joao_Oliviera-2-1536x1024.jpg 1536w, https:\/\/www.designreisen.de\/magazin\/wp-content\/uploads\/2022\/11\/2_Relais__Chateaux_Bela_Vista_Joao_Oliviera-2-2048x1365.jpg 2048w, https:\/\/www.designreisen.de\/magazin\/wp-content\/uploads\/2022\/11\/2_Relais__Chateaux_Bela_Vista_Joao_Oliviera-2-1920x1280.jpg 1920w\" sizes=\"auto, (max-width: 2560px) 100vw, 2560px\" \/><p id=\"caption-attachment-7683\" class=\"wp-caption-text\">Seit 2015 ist Jo\u00e3o Oliveira K\u00fcchenchef des MICHELIN-pr\u00e4mierten Restaurants VISTA.<\/p><\/div>\n<p class=\"Text\"><b>INTERVIEW MIT JO\u00c3O OLIVEIRA<\/b><\/p>\n<p><b>Wie w\u00fcrden Sie Ihre K\u00fcche beschreiben?<\/b><\/p>\n<p class=\"Text\">Ich arbeite seit 7 Jahren im VISTA. Jedes Jahr habe ich versucht, das Konzept weiterzuentwickeln. Mittlerweile arbeite ich nur noch mit Gem\u00fcse, Meeresfr\u00fcchten und Fisch. Seit drei Jahren verwende ich kein Fleisch mehr. Ich finde, dass jeder Koch seine eigene Handschrift braucht, genau wie bei Malern auch. Bis auf das Brot gibt es in meinen Gerichten auch keine Kohlenhydrate, genauso wenig wie Laktose, Gluten, oder tierische Fette. Man k\u00f6nnte sagen, dass meine K\u00fcche sehr puristisch und nat\u00fcrlich ist. Au\u00dferdem versuche ich ganzheitlich zu kochen. Das hei\u00dft, ich verwende die unterschiedlichsten Teile eines Fisches oder Gem\u00fcses. Aus den Fischknochen oder der Haut mache ich beispielsweise eine Br\u00fche f\u00fcr die So\u00dfe. Und auch der Stil eines Blumenkohls landet bei mir nicht im M\u00fcll, denn er eignet sich wunderbar f\u00fcr ein cremiges P\u00fcree. Man braucht f\u00fcr ein vollkommenes Gericht keine 20 Zutaten, wenn man alle Teile eines wirklich guten Produkts verwendet, reichen auch nur drei.<\/p>\n<p><strong>Welche Rolle spielt Nachhaltigkeit in Form von Regionalit\u00e4t und Saisonalit\u00e4t? <\/strong><\/p>\n<p>Eigentlich dreht sich in meinen Men\u00fcs alles darum.\u00a0 Zweimal die Woche gehe ich auf den f\u00fcnf Kilometer entfernten Markt, um Gem\u00fcse und Kr\u00e4uter f\u00fcr meine Men\u00fcs zu kaufen. Wir bekommen so bessere Produkte und der Gast am Ende ein hochwertigeres Essen. Auch wirtschaftlich macht es Sinn, da Produkte aus der Region nicht nur erstklassig sind, sondern auch g\u00fcnstiger als importierte Ware. Ich verwende die Zutaten nur dann, wenn sie optimal sind. Karotten sind nicht das ganze Jahr \u00fcber gleich gut. Nur in einem Zeitfenster von ein paar Wochen haben sie die beste Qualit\u00e4t. Bei \u00c4pfeln verh\u00e4lt es sich \u00e4hnlich.<\/p>\n<div id=\"attachment_7685\" class=\"wp-caption aligncenter\"><img loading=\"lazy\" decoding=\"async\" aria-describedby=\"caption-attachment-7685\" class=\"wp-image-7685 size-large animated\" src=\"https:\/\/www.designreisen.de\/magazin\/wp-content\/uploads\/2022\/11\/3_Joao-Oliveira-768x1024.jpg\" alt=\"\" width=\"768\" height=\"1024\" srcset=\"https:\/\/www.designreisen.de\/magazin\/wp-content\/uploads\/2022\/11\/3_Joao-Oliveira-768x1024.jpg 768w, https:\/\/www.designreisen.de\/magazin\/wp-content\/uploads\/2022\/11\/3_Joao-Oliveira-225x300.jpg 225w, https:\/\/www.designreisen.de\/magazin\/wp-content\/uploads\/2022\/11\/3_Joao-Oliveira-1152x1536.jpg 1152w, https:\/\/www.designreisen.de\/magazin\/wp-content\/uploads\/2022\/11\/3_Joao-Oliveira-1536x2048.jpg 1536w, https:\/\/www.designreisen.de\/magazin\/wp-content\/uploads\/2022\/11\/3_Joao-Oliveira-scaled.jpg 1920w\" sizes=\"auto, (max-width: 768px) 100vw, 768px\" \/><p id=\"caption-attachment-7685\" class=\"wp-caption-text\">F\u00fcr seine Men\u00fcs verwendet er ausschlie\u00dflich Fisch, Gem\u00fcse und Obst aus der Region.<\/p><\/div>\n<p>&nbsp;<\/p>\n<p><strong>Demzufolge m\u00fcssen Sie Ihre Men\u00fcs sehr oft \u00e4ndern\u2026<\/strong><\/p>\n<p>Das ist richtig. Alle 2-3 Wochen um genau zu sein. F\u00fcr mich w\u00e4re alles andere undenkbar. Ich brauche die Ver\u00e4nderung und den Druck. Das motiviert mich.<\/p>\n<p>&nbsp;<\/p>\n<p><strong>Woher nehmen Sie Ihre Inspiration? <\/strong><\/p>\n<p>Ich kann zum Gl\u00fcck auf meine Erfahrung zur\u00fcckgreifen. Die letzten sieben Jahre habe ich mich intensiv mit saisonalen Produkten besch\u00e4ftigt. Dadurch kommen die Ideen von ganz alleine. Ich schaue mir beispielsweise die Wassertemperatur des Atlantiks an. Dadurch wei\u00df ich, welcher Fisch aktuell am besten ist. Wenn wir in der aktuellen Woche mehr Sonne haben und das Meer w\u00e4rmer ist, verwende ich in der darauffolgenden keine Muscheln oder Austern mehr. Wenn die Ebbe zu lange andauert, ist das Seafood l\u00e4nger der Sonne ausgesetzt. Dadurch \u00e4ndert sich die Qualit\u00e4t und die Wahrscheinlichkeit ist h\u00f6her, dass die Muscheln verunreinigt sind. Die Natur zeigt mir also auf, was ich koche. Die restliche Inspiration bekomme ich beim Fahrradfahren. Ein- bis zweimal die Woche mache ich das als Ausgleich. Am n\u00e4chsten Tag gehe ich dann auf den Markt und kaufe die Zutaten f\u00fcr das, was ich mir so beim Fahrradfahren ausgedacht habe.<\/p>\n<p>&nbsp;<\/p>\n<p><strong>Wie viel Prozent der Produkte, die Sie verwenden stammen aus Portugal?<\/strong><\/p>\n<p>Um die 85 %. Nur Kaviar, Champagner, Schokolade und je nach Men\u00fc vielleicht noch 1-2 spezielle Zutaten werden importiert.<\/p>\n<p>&nbsp;<\/p>\n<p><strong>Die portugiesische K\u00fcche steht generell eher f\u00fcr Bodenst\u00e4ndigkeit. Sie zeigen jedoch eine ganz andere Facette. Entwickelt sich die Haute Cuisine erst in Portugal?<\/strong><\/p>\n<p>Ich mache diese Art von K\u00fcche aus einer pers\u00f6nlichen \u00dcberzeugung. G\u00e4ste erleben im Restaurant meine Ideologie. Seit f\u00fcnf Jahren entwickelt sich hier im Land eine neue Generation von K\u00f6chen. Es entstand eine neue Mentalit\u00e4t.<\/p>\n<p>&nbsp;<\/p>\n<div id=\"attachment_7687\" class=\"wp-caption aligncenter\"><img loading=\"lazy\" decoding=\"async\" aria-describedby=\"caption-attachment-7687\" class=\"wp-image-7687 size-large animated\" src=\"https:\/\/www.designreisen.de\/magazin\/wp-content\/uploads\/2022\/11\/4_Joao-Oliveira-768x1024.jpg\" alt=\"\" width=\"768\" height=\"1024\" srcset=\"https:\/\/www.designreisen.de\/magazin\/wp-content\/uploads\/2022\/11\/4_Joao-Oliveira-768x1024.jpg 768w, https:\/\/www.designreisen.de\/magazin\/wp-content\/uploads\/2022\/11\/4_Joao-Oliveira-225x300.jpg 225w, https:\/\/www.designreisen.de\/magazin\/wp-content\/uploads\/2022\/11\/4_Joao-Oliveira-1152x1536.jpg 1152w, https:\/\/www.designreisen.de\/magazin\/wp-content\/uploads\/2022\/11\/4_Joao-Oliveira-1536x2048.jpg 1536w, https:\/\/www.designreisen.de\/magazin\/wp-content\/uploads\/2022\/11\/4_Joao-Oliveira-scaled.jpg 1920w\" sizes=\"auto, (max-width: 768px) 100vw, 768px\" \/><p id=\"caption-attachment-7687\" class=\"wp-caption-text\">Zur flambierten Languste gesellt sich Blumenkohl in drei verschiedenen Variationen.<\/p><\/div>\n<p>&nbsp;<\/p>\n<p><strong>Kann Portugal kulinarisch gesehen vielleicht sogar das neue Frankreich werden? <\/strong><\/p>\n<p>Nein, daf\u00fcr ist die Mentalit\u00e4t zu unterschiedlich. Ich w\u00fcrde sagen, in Frankreich ist man sehr stolz auf das, was man hat und zeigt das auch voller \u00dcberzeugung. In Portugal sind die Menschen deutlich bescheidener. Die franz\u00f6sische Sterne-K\u00fcche hat eine lange Tradition, hier ist die Haute Cuisine noch sehr jung, doch sie entwickelt sich sehr schnell. Auch in Spanien tut sich in dieser Richtung gerade sehr viel. F\u00fcr mich ist Spanien weltweit kulinarisch momentan der interessanteste Ort.<\/p>\n<p>&nbsp;<\/p>\n<p><strong>Woher haben Sie Ihre Leidenschaft f\u00fcrs Kochen?<\/strong><\/p>\n<p>Ganz einfach gesprochen, war es mein Schicksal, Koch zu werden. Da es meinen Gro\u00dfvater gesundheitlich nicht gut ging und meine Gro\u00dfmutter Diabetes hatte, habe ich schon mit elf Jahren meiner Mutter geholfen, f\u00fcr sie zu kochen. Meistens Gem\u00fcse-Suppe.<\/p>\n<p>&nbsp;<\/p>\n<p><strong>Daher legen Sie so gro\u00dfen Wert auf eine gesunde Ern\u00e4hrung?<\/strong><\/p>\n<p>Das hat vorwiegend einen anderen Grund. Vor f\u00fcnf Jahren hatte ich aufgrund des Stresses ein Magengeschw\u00fcr. Daher habe ich meine Ern\u00e4hrung komplett umgestellt. Kein Fleisch mehr. Kein Fett. Keine Milch. Kein Gluten. Heute habe ich keinerlei Beschwerden mehr. Diese positive Erfahrung wollte ich weitergeben. Daher habe ich zeitgleich mit meiner Ern\u00e4hrung auch die Identit\u00e4t des VISTA ver\u00e4ndert.<\/p>\n<div id=\"attachment_7688\" class=\"wp-caption alignnone\"><img loading=\"lazy\" decoding=\"async\" aria-describedby=\"caption-attachment-7688\" class=\"wp-image-7688 size-full animated\" src=\"https:\/\/www.designreisen.de\/magazin\/wp-content\/uploads\/2022\/11\/9_Relais__Chateaux_Bela_Vista_Bar-scaled.jpg\" alt=\"\" width=\"2560\" height=\"1791\" srcset=\"https:\/\/www.designreisen.de\/magazin\/wp-content\/uploads\/2022\/11\/9_Relais__Chateaux_Bela_Vista_Bar-scaled.jpg 2560w, https:\/\/www.designreisen.de\/magazin\/wp-content\/uploads\/2022\/11\/9_Relais__Chateaux_Bela_Vista_Bar-429x300.jpg 429w, https:\/\/www.designreisen.de\/magazin\/wp-content\/uploads\/2022\/11\/9_Relais__Chateaux_Bela_Vista_Bar-1024x716.jpg 1024w, https:\/\/www.designreisen.de\/magazin\/wp-content\/uploads\/2022\/11\/9_Relais__Chateaux_Bela_Vista_Bar-768x537.jpg 768w, https:\/\/www.designreisen.de\/magazin\/wp-content\/uploads\/2022\/11\/9_Relais__Chateaux_Bela_Vista_Bar-1536x1075.jpg 1536w, https:\/\/www.designreisen.de\/magazin\/wp-content\/uploads\/2022\/11\/9_Relais__Chateaux_Bela_Vista_Bar-2048x1433.jpg 2048w, https:\/\/www.designreisen.de\/magazin\/wp-content\/uploads\/2022\/11\/9_Relais__Chateaux_Bela_Vista_Bar-1920x1343.jpg 1920w\" sizes=\"auto, (max-width: 2560px) 100vw, 2560px\" \/><p id=\"caption-attachment-7688\" class=\"wp-caption-text\">Die heutige Bar diente der Handels-Familie damals als K\u00fcche. Die Holzt\u00fcren und Holzdecken stammen noch aus dem Jahr 1918.<\/p><\/div>\n<p>&nbsp;<\/p>\n<p style=\"text-align: center;\"><strong>Rezept: Tomaten-Salat<\/strong><\/p>\n<p>&nbsp;<\/p>\n<div id=\"attachment_7689\" class=\"wp-caption alignnone\"><img loading=\"lazy\" decoding=\"async\" aria-describedby=\"caption-attachment-7689\" class=\"wp-image-7689 size-full animated\" src=\"https:\/\/www.designreisen.de\/magazin\/wp-content\/uploads\/2022\/11\/5_Relais__Chateaux_Bela_Vista_Tomate-scaled.jpg\" alt=\"\" width=\"2560\" height=\"1707\" srcset=\"https:\/\/www.designreisen.de\/magazin\/wp-content\/uploads\/2022\/11\/5_Relais__Chateaux_Bela_Vista_Tomate-scaled.jpg 2560w, https:\/\/www.designreisen.de\/magazin\/wp-content\/uploads\/2022\/11\/5_Relais__Chateaux_Bela_Vista_Tomate-450x300.jpg 450w, https:\/\/www.designreisen.de\/magazin\/wp-content\/uploads\/2022\/11\/5_Relais__Chateaux_Bela_Vista_Tomate-1024x683.jpg 1024w, https:\/\/www.designreisen.de\/magazin\/wp-content\/uploads\/2022\/11\/5_Relais__Chateaux_Bela_Vista_Tomate-768x512.jpg 768w, https:\/\/www.designreisen.de\/magazin\/wp-content\/uploads\/2022\/11\/5_Relais__Chateaux_Bela_Vista_Tomate-1536x1024.jpg 1536w, https:\/\/www.designreisen.de\/magazin\/wp-content\/uploads\/2022\/11\/5_Relais__Chateaux_Bela_Vista_Tomate-2048x1365.jpg 2048w, https:\/\/www.designreisen.de\/magazin\/wp-content\/uploads\/2022\/11\/5_Relais__Chateaux_Bela_Vista_Tomate-1920x1280.jpg 1920w\" sizes=\"auto, (max-width: 2560px) 100vw, 2560px\" \/><p id=\"caption-attachment-7689\" class=\"wp-caption-text\">Der scheinbar simple Tomaten-Salat ist eine Geschmacks-Explosion.<\/p><\/div>\n<p><strong>\u00a0<\/strong><\/p>\n<ul>\n<li>6 Cherry Tomaten<\/li>\n<li>400g gekl\u00e4rtes Tomaten-Wasser<\/li>\n<li>1g Agar-Agar<\/li>\n<li>1g Gelatine<\/li>\n<\/ul>\n<p>&nbsp;<\/p>\n<p>ZUBEREITUNG<\/p>\n<ul>\n<li>Die Tomaten mit ein wenig Salz und Zucker p\u00fcrieren und \u00fcber Nacht in Etamin (Stofftuch) einlegen.<\/li>\n<li>Nach der Kl\u00e4rung 400 g Tomatenwasser abwiegen und 1g Agar-Agar und Gelatine in einem kleinen Kochtopf hinzuf\u00fcgen. Unter st\u00e4ndigem R\u00fchren 5 Sekunden lang bis zum Siedepunkt erhitzen.<\/li>\n<li>Nach 5 Sekunden Kochzeit das Tomatenwasser in einen flachen Beh\u00e4lter gie\u00dfen und eine halbe Stunde lang im K\u00fchlschrank aufbewahren.<\/li>\n<li>Nach einer halben Stunde die Gelatin-Bl\u00fcten mit der Form abschneiden.<\/li>\n<li>Mit der \u00fcbersch\u00fcssigen Gelatine glatt r\u00fchren und in einen Spritzbeutel f\u00fcllen<\/li>\n<li>Die Tomaten mit den Blumen anrichten.<\/li>\n<\/ul>\n","protected":false},"excerpt":{"rendered":"<p>Sterne-Koch Jo\u00e3o Oliveira bringt Regionalit\u00e4t und Saisonalit\u00e4t auf eine ganz neue Ebene. Alle drei Wochen \u00e4ndert er das Men\u00fc. Muscheln kommen nur dann auf die Karte, wenn das Zusammenspiel von Ebbe und Flut im Atlantik ideal ist. Mit diesem Qualit\u00e4tsanspruch hat er das VISTA im F\u00fcnf-Sterne-Hotel BELA VISTA &#8211; ein Haus der renommierten Hotel- und Restaurantvereinigung RELAIS &#038; CHATEAUX &#8211; zu einem Gourmet-Palast an der Algarve gemacht. <\/p>\n","protected":false},"author":40,"featured_media":7681,"comment_status":"open","ping_status":"open","sticky":false,"template":"","format":"standard","meta":{"_acf_changed":false,"footnotes":""},"categories":[1],"tags":[],"class_list":["post-7678","post","type-post","status-publish","format-standard","has-post-thumbnail","hentry","category-fashion-lifestyle"],"acf":[],"yoast_head":"<!-- This site is optimized with the Yoast SEO plugin v27.5 - https:\/\/yoast.com\/product\/yoast-seo-wordpress\/ -->\n<title>GOURMET-PALAST AN DER ALGARVE - Connection to Paradise | Luxusreiseblog<\/title>\n<meta name=\"robots\" content=\"index, follow, max-snippet:-1, max-image-preview:large, max-video-preview:-1\" \/>\n<link rel=\"canonical\" href=\"https:\/\/www.designreisen.de\/magazin\/gourmet-palast-an-der-algarve\/\" \/>\n<meta property=\"og:locale\" content=\"de_DE\" \/>\n<meta property=\"og:type\" content=\"article\" \/>\n<meta property=\"og:title\" content=\"GOURMET-PALAST AN DER ALGARVE - Connection to Paradise | Luxusreiseblog\" \/>\n<meta property=\"og:description\" content=\"Sterne-Koch Jo\u00e3o Oliveira bringt Regionalit\u00e4t und Saisonalit\u00e4t auf eine ganz neue Ebene. Alle drei Wochen \u00e4ndert er das Men\u00fc. Muscheln kommen nur dann auf die Karte, wenn das Zusammenspiel von Ebbe und Flut im Atlantik ideal ist. Mit diesem Qualit\u00e4tsanspruch hat er das VISTA im F\u00fcnf-Sterne-Hotel BELA VISTA - ein Haus der renommierten Hotel- und Restaurantvereinigung RELAIS &amp; CHATEAUX - zu einem Gourmet-Palast an der Algarve gemacht.\" \/>\n<meta property=\"og:url\" content=\"https:\/\/www.designreisen.de\/magazin\/gourmet-palast-an-der-algarve\/\" \/>\n<meta property=\"og:site_name\" content=\"Connection to Paradise | Luxusreiseblog\" \/>\n<meta property=\"article:publisher\" content=\"https:\/\/www.facebook.com\/Designreisen\/\" \/>\n<meta property=\"article:published_time\" content=\"2023-06-12T16:18:27+00:00\" \/>\n<meta property=\"article:modified_time\" content=\"2023-06-12T16:20:54+00:00\" \/>\n<meta property=\"og:image\" content=\"https:\/\/www.designreisen.de\/magazin\/wp-content\/uploads\/2022\/11\/1_Relais__Chateaux_Bela_Vista-scaled-e1667997607809.jpg\" \/>\n\t<meta property=\"og:image:width\" content=\"2278\" \/>\n\t<meta property=\"og:image:height\" content=\"1890\" \/>\n\t<meta property=\"og:image:type\" content=\"image\/jpeg\" \/>\n<meta name=\"author\" content=\"Christina Mendi\" \/>\n<meta name=\"twitter:card\" content=\"summary_large_image\" \/>\n<meta name=\"twitter:label1\" content=\"Verfasst von\" \/>\n\t<meta name=\"twitter:data1\" content=\"Christina Mendi\" \/>\n\t<meta name=\"twitter:label2\" content=\"Gesch\u00e4tzte Lesezeit\" \/>\n\t<meta name=\"twitter:data2\" content=\"8\u00a0Minuten\" \/>\n<script type=\"application\/ld+json\" class=\"yoast-schema-graph\">{\"@context\":\"https:\\\/\\\/schema.org\",\"@graph\":[{\"@type\":\"Article\",\"@id\":\"https:\\\/\\\/www.designreisen.de\\\/magazin\\\/gourmet-palast-an-der-algarve\\\/#article\",\"isPartOf\":{\"@id\":\"https:\\\/\\\/www.designreisen.de\\\/magazin\\\/gourmet-palast-an-der-algarve\\\/\"},\"author\":{\"name\":\"Christina Mendi\",\"@id\":\"https:\\\/\\\/www.designreisen.de\\\/magazin\\\/#\\\/schema\\\/person\\\/bde5a4b0e3d804c7b2c30cee90c588f2\"},\"headline\":\"GOURMET-PALAST AN DER ALGARVE\",\"datePublished\":\"2023-06-12T16:18:27+00:00\",\"dateModified\":\"2023-06-12T16:20:54+00:00\",\"mainEntityOfPage\":{\"@id\":\"https:\\\/\\\/www.designreisen.de\\\/magazin\\\/gourmet-palast-an-der-algarve\\\/\"},\"wordCount\":1325,\"commentCount\":0,\"image\":{\"@id\":\"https:\\\/\\\/www.designreisen.de\\\/magazin\\\/gourmet-palast-an-der-algarve\\\/#primaryimage\"},\"thumbnailUrl\":\"https:\\\/\\\/www.designreisen.de\\\/magazin\\\/wp-content\\\/uploads\\\/2022\\\/11\\\/1_Relais__Chateaux_Bela_Vista-scaled-e1667997607809.jpg\",\"articleSection\":[\"Fashion + Lifestyle\"],\"inLanguage\":\"de\",\"potentialAction\":[{\"@type\":\"CommentAction\",\"name\":\"Comment\",\"target\":[\"https:\\\/\\\/www.designreisen.de\\\/magazin\\\/gourmet-palast-an-der-algarve\\\/#respond\"]}]},{\"@type\":\"WebPage\",\"@id\":\"https:\\\/\\\/www.designreisen.de\\\/magazin\\\/gourmet-palast-an-der-algarve\\\/\",\"url\":\"https:\\\/\\\/www.designreisen.de\\\/magazin\\\/gourmet-palast-an-der-algarve\\\/\",\"name\":\"GOURMET-PALAST AN DER ALGARVE - Connection to Paradise | Luxusreiseblog\",\"isPartOf\":{\"@id\":\"https:\\\/\\\/www.designreisen.de\\\/magazin\\\/#website\"},\"primaryImageOfPage\":{\"@id\":\"https:\\\/\\\/www.designreisen.de\\\/magazin\\\/gourmet-palast-an-der-algarve\\\/#primaryimage\"},\"image\":{\"@id\":\"https:\\\/\\\/www.designreisen.de\\\/magazin\\\/gourmet-palast-an-der-algarve\\\/#primaryimage\"},\"thumbnailUrl\":\"https:\\\/\\\/www.designreisen.de\\\/magazin\\\/wp-content\\\/uploads\\\/2022\\\/11\\\/1_Relais__Chateaux_Bela_Vista-scaled-e1667997607809.jpg\",\"datePublished\":\"2023-06-12T16:18:27+00:00\",\"dateModified\":\"2023-06-12T16:20:54+00:00\",\"author\":{\"@id\":\"https:\\\/\\\/www.designreisen.de\\\/magazin\\\/#\\\/schema\\\/person\\\/bde5a4b0e3d804c7b2c30cee90c588f2\"},\"breadcrumb\":{\"@id\":\"https:\\\/\\\/www.designreisen.de\\\/magazin\\\/gourmet-palast-an-der-algarve\\\/#breadcrumb\"},\"inLanguage\":\"de\",\"potentialAction\":[{\"@type\":\"ReadAction\",\"target\":[\"https:\\\/\\\/www.designreisen.de\\\/magazin\\\/gourmet-palast-an-der-algarve\\\/\"]}]},{\"@type\":\"ImageObject\",\"inLanguage\":\"de\",\"@id\":\"https:\\\/\\\/www.designreisen.de\\\/magazin\\\/gourmet-palast-an-der-algarve\\\/#primaryimage\",\"url\":\"https:\\\/\\\/www.designreisen.de\\\/magazin\\\/wp-content\\\/uploads\\\/2022\\\/11\\\/1_Relais__Chateaux_Bela_Vista-scaled-e1667997607809.jpg\",\"contentUrl\":\"https:\\\/\\\/www.designreisen.de\\\/magazin\\\/wp-content\\\/uploads\\\/2022\\\/11\\\/1_Relais__Chateaux_Bela_Vista-scaled-e1667997607809.jpg\",\"width\":2278,\"height\":1890},{\"@type\":\"BreadcrumbList\",\"@id\":\"https:\\\/\\\/www.designreisen.de\\\/magazin\\\/gourmet-palast-an-der-algarve\\\/#breadcrumb\",\"itemListElement\":[{\"@type\":\"ListItem\",\"position\":1,\"name\":\"Home\",\"item\":\"https:\\\/\\\/www.designreisen.de\\\/magazin\\\/\"},{\"@type\":\"ListItem\",\"position\":2,\"name\":\"GOURMET-PALAST AN DER ALGARVE\"}]},{\"@type\":\"WebSite\",\"@id\":\"https:\\\/\\\/www.designreisen.de\\\/magazin\\\/#website\",\"url\":\"https:\\\/\\\/www.designreisen.de\\\/magazin\\\/\",\"name\":\"Connection to Paradise | Luxusreiseblog\",\"description\":\"Der exklusive Reiseblog von DESIGNREISEN\",\"potentialAction\":[{\"@type\":\"SearchAction\",\"target\":{\"@type\":\"EntryPoint\",\"urlTemplate\":\"https:\\\/\\\/www.designreisen.de\\\/magazin\\\/?s={search_term_string}\"},\"query-input\":{\"@type\":\"PropertyValueSpecification\",\"valueRequired\":true,\"valueName\":\"search_term_string\"}}],\"inLanguage\":\"de\"},{\"@type\":\"Person\",\"@id\":\"https:\\\/\\\/www.designreisen.de\\\/magazin\\\/#\\\/schema\\\/person\\\/bde5a4b0e3d804c7b2c30cee90c588f2\",\"name\":\"Christina Mendi\",\"image\":{\"@type\":\"ImageObject\",\"inLanguage\":\"de\",\"@id\":\"https:\\\/\\\/www.designreisen.de\\\/magazin\\\/wp-content\\\/uploads\\\/2022\\\/04\\\/Christina-Mendi-scaled-96x96.jpg\",\"url\":\"https:\\\/\\\/www.designreisen.de\\\/magazin\\\/wp-content\\\/uploads\\\/2022\\\/04\\\/Christina-Mendi-scaled-96x96.jpg\",\"contentUrl\":\"https:\\\/\\\/www.designreisen.de\\\/magazin\\\/wp-content\\\/uploads\\\/2022\\\/04\\\/Christina-Mendi-scaled-96x96.jpg\",\"caption\":\"Christina Mendi\"}}]}<\/script>\n<!-- \/ Yoast SEO plugin. -->","yoast_head_json":{"title":"GOURMET-PALAST AN DER ALGARVE - Connection to Paradise | Luxusreiseblog","robots":{"index":"index","follow":"follow","max-snippet":"max-snippet:-1","max-image-preview":"max-image-preview:large","max-video-preview":"max-video-preview:-1"},"canonical":"https:\/\/www.designreisen.de\/magazin\/gourmet-palast-an-der-algarve\/","og_locale":"de_DE","og_type":"article","og_title":"GOURMET-PALAST AN DER ALGARVE - Connection to Paradise | Luxusreiseblog","og_description":"Sterne-Koch Jo\u00e3o Oliveira bringt Regionalit\u00e4t und Saisonalit\u00e4t auf eine ganz neue Ebene. Alle drei Wochen \u00e4ndert er das Men\u00fc. Muscheln kommen nur dann auf die Karte, wenn das Zusammenspiel von Ebbe und Flut im Atlantik ideal ist. Mit diesem Qualit\u00e4tsanspruch hat er das VISTA im F\u00fcnf-Sterne-Hotel BELA VISTA - ein Haus der renommierten Hotel- und Restaurantvereinigung RELAIS & CHATEAUX - zu einem Gourmet-Palast an der Algarve gemacht.","og_url":"https:\/\/www.designreisen.de\/magazin\/gourmet-palast-an-der-algarve\/","og_site_name":"Connection to Paradise | Luxusreiseblog","article_publisher":"https:\/\/www.facebook.com\/Designreisen\/","article_published_time":"2023-06-12T16:18:27+00:00","article_modified_time":"2023-06-12T16:20:54+00:00","og_image":[{"width":2278,"height":1890,"url":"https:\/\/www.designreisen.de\/magazin\/wp-content\/uploads\/2022\/11\/1_Relais__Chateaux_Bela_Vista-scaled-e1667997607809.jpg","type":"image\/jpeg"}],"author":"Christina Mendi","twitter_card":"summary_large_image","twitter_misc":{"Verfasst von":"Christina Mendi","Gesch\u00e4tzte Lesezeit":"8\u00a0Minuten"},"schema":{"@context":"https:\/\/schema.org","@graph":[{"@type":"Article","@id":"https:\/\/www.designreisen.de\/magazin\/gourmet-palast-an-der-algarve\/#article","isPartOf":{"@id":"https:\/\/www.designreisen.de\/magazin\/gourmet-palast-an-der-algarve\/"},"author":{"name":"Christina Mendi","@id":"https:\/\/www.designreisen.de\/magazin\/#\/schema\/person\/bde5a4b0e3d804c7b2c30cee90c588f2"},"headline":"GOURMET-PALAST AN DER ALGARVE","datePublished":"2023-06-12T16:18:27+00:00","dateModified":"2023-06-12T16:20:54+00:00","mainEntityOfPage":{"@id":"https:\/\/www.designreisen.de\/magazin\/gourmet-palast-an-der-algarve\/"},"wordCount":1325,"commentCount":0,"image":{"@id":"https:\/\/www.designreisen.de\/magazin\/gourmet-palast-an-der-algarve\/#primaryimage"},"thumbnailUrl":"https:\/\/www.designreisen.de\/magazin\/wp-content\/uploads\/2022\/11\/1_Relais__Chateaux_Bela_Vista-scaled-e1667997607809.jpg","articleSection":["Fashion + Lifestyle"],"inLanguage":"de","potentialAction":[{"@type":"CommentAction","name":"Comment","target":["https:\/\/www.designreisen.de\/magazin\/gourmet-palast-an-der-algarve\/#respond"]}]},{"@type":"WebPage","@id":"https:\/\/www.designreisen.de\/magazin\/gourmet-palast-an-der-algarve\/","url":"https:\/\/www.designreisen.de\/magazin\/gourmet-palast-an-der-algarve\/","name":"GOURMET-PALAST AN DER ALGARVE - Connection to Paradise | Luxusreiseblog","isPartOf":{"@id":"https:\/\/www.designreisen.de\/magazin\/#website"},"primaryImageOfPage":{"@id":"https:\/\/www.designreisen.de\/magazin\/gourmet-palast-an-der-algarve\/#primaryimage"},"image":{"@id":"https:\/\/www.designreisen.de\/magazin\/gourmet-palast-an-der-algarve\/#primaryimage"},"thumbnailUrl":"https:\/\/www.designreisen.de\/magazin\/wp-content\/uploads\/2022\/11\/1_Relais__Chateaux_Bela_Vista-scaled-e1667997607809.jpg","datePublished":"2023-06-12T16:18:27+00:00","dateModified":"2023-06-12T16:20:54+00:00","author":{"@id":"https:\/\/www.designreisen.de\/magazin\/#\/schema\/person\/bde5a4b0e3d804c7b2c30cee90c588f2"},"breadcrumb":{"@id":"https:\/\/www.designreisen.de\/magazin\/gourmet-palast-an-der-algarve\/#breadcrumb"},"inLanguage":"de","potentialAction":[{"@type":"ReadAction","target":["https:\/\/www.designreisen.de\/magazin\/gourmet-palast-an-der-algarve\/"]}]},{"@type":"ImageObject","inLanguage":"de","@id":"https:\/\/www.designreisen.de\/magazin\/gourmet-palast-an-der-algarve\/#primaryimage","url":"https:\/\/www.designreisen.de\/magazin\/wp-content\/uploads\/2022\/11\/1_Relais__Chateaux_Bela_Vista-scaled-e1667997607809.jpg","contentUrl":"https:\/\/www.designreisen.de\/magazin\/wp-content\/uploads\/2022\/11\/1_Relais__Chateaux_Bela_Vista-scaled-e1667997607809.jpg","width":2278,"height":1890},{"@type":"BreadcrumbList","@id":"https:\/\/www.designreisen.de\/magazin\/gourmet-palast-an-der-algarve\/#breadcrumb","itemListElement":[{"@type":"ListItem","position":1,"name":"Home","item":"https:\/\/www.designreisen.de\/magazin\/"},{"@type":"ListItem","position":2,"name":"GOURMET-PALAST AN DER ALGARVE"}]},{"@type":"WebSite","@id":"https:\/\/www.designreisen.de\/magazin\/#website","url":"https:\/\/www.designreisen.de\/magazin\/","name":"Connection to Paradise | Luxusreiseblog","description":"Der exklusive Reiseblog von DESIGNREISEN","potentialAction":[{"@type":"SearchAction","target":{"@type":"EntryPoint","urlTemplate":"https:\/\/www.designreisen.de\/magazin\/?s={search_term_string}"},"query-input":{"@type":"PropertyValueSpecification","valueRequired":true,"valueName":"search_term_string"}}],"inLanguage":"de"},{"@type":"Person","@id":"https:\/\/www.designreisen.de\/magazin\/#\/schema\/person\/bde5a4b0e3d804c7b2c30cee90c588f2","name":"Christina Mendi","image":{"@type":"ImageObject","inLanguage":"de","@id":"https:\/\/www.designreisen.de\/magazin\/wp-content\/uploads\/2022\/04\/Christina-Mendi-scaled-96x96.jpg","url":"https:\/\/www.designreisen.de\/magazin\/wp-content\/uploads\/2022\/04\/Christina-Mendi-scaled-96x96.jpg","contentUrl":"https:\/\/www.designreisen.de\/magazin\/wp-content\/uploads\/2022\/04\/Christina-Mendi-scaled-96x96.jpg","caption":"Christina Mendi"}}]}},"_links":{"self":[{"href":"https:\/\/www.designreisen.de\/magazin\/wp-json\/wp\/v2\/posts\/7678","targetHints":{"allow":["GET"]}}],"collection":[{"href":"https:\/\/www.designreisen.de\/magazin\/wp-json\/wp\/v2\/posts"}],"about":[{"href":"https:\/\/www.designreisen.de\/magazin\/wp-json\/wp\/v2\/types\/post"}],"author":[{"embeddable":true,"href":"https:\/\/www.designreisen.de\/magazin\/wp-json\/wp\/v2\/users\/40"}],"replies":[{"embeddable":true,"href":"https:\/\/www.designreisen.de\/magazin\/wp-json\/wp\/v2\/comments?post=7678"}],"version-history":[{"count":11,"href":"https:\/\/www.designreisen.de\/magazin\/wp-json\/wp\/v2\/posts\/7678\/revisions"}],"predecessor-version":[{"id":8368,"href":"https:\/\/www.designreisen.de\/magazin\/wp-json\/wp\/v2\/posts\/7678\/revisions\/8368"}],"wp:featuredmedia":[{"embeddable":true,"href":"https:\/\/www.designreisen.de\/magazin\/wp-json\/wp\/v2\/media\/7681"}],"wp:attachment":[{"href":"https:\/\/www.designreisen.de\/magazin\/wp-json\/wp\/v2\/media?parent=7678"}],"wp:term":[{"taxonomy":"category","embeddable":true,"href":"https:\/\/www.designreisen.de\/magazin\/wp-json\/wp\/v2\/categories?post=7678"},{"taxonomy":"post_tag","embeddable":true,"href":"https:\/\/www.designreisen.de\/magazin\/wp-json\/wp\/v2\/tags?post=7678"}],"curies":[{"name":"wp","href":"https:\/\/api.w.org\/{rel}","templated":true}]}}