    {"id":7782,"date":"2022-12-23T09:47:17","date_gmt":"2022-12-23T08:47:17","guid":{"rendered":"https:\/\/www.designreisen.de\/magazin\/?p=7782"},"modified":"2023-01-10T10:16:25","modified_gmt":"2023-01-10T09:16:25","slug":"weihnachten-winter-im-wunderland","status":"publish","type":"post","link":"https:\/\/www.designreisen.de\/magazin\/weihnachten-winter-im-wunderland\/","title":{"rendered":"Weihnachten &#038; Winter-Wunderland"},"content":{"rendered":"<div>\n<p>Direkt an den Bergh\u00e4ngen der Tiroler Alpenwelt gelegen vereint das\u00a0<a href=\"http:\/\/www.kempinski.com\/tirol\">Kempinski Hotel Das Tirol<\/a>\u00a0als einziges 5-Sterne-Superior Hotel Kitzb\u00fchels das Beste der Region. Bereits bei der Anreise wird klar, weshalb die mond\u00e4ne Alpenstadt Menschen aus allen Erdenteilen wie ein Magnet an sich zieht. Die imposante Bergwelt zwischen den schroffen Felsen des Wilden Kaisers im Norden und den Grash\u00e4ngen der Kitzb\u00fcheler Alpen im S\u00fcden fesseln die Blicke und lassen uns staunen. Dazwischen liegen T\u00e4ler mit bodenst\u00e4ndigen Menschen und D\u00f6rfern, die an Heimatfilme und die gute alte Zeit der Kindheit erinnern.<\/p>\n<p>&nbsp;<\/p>\n<p>Dies erkannten auch die Verantwortlichen der \u00e4ltesten Luxushotel-Kette der Welt, als sie beschlossen, 2011\/2012 ihr\u00a0erstes Haus in \u00d6sterreich zu er\u00f6ffnen. Das\u00a0<a href=\"http:\/\/www.kempinski.com\/tirol\">Kempinski Hotel Das Tirol<\/a> verf\u00fcgt heute \u00fcber 155 mit viel Holz und warmen Farben dekorierte Zimmer und Suiten mit Panoramablicken auf das Ski- und Wander-Paradies der Kitzb\u00fcheler Alpen. Nur wenige Meter vom Kempinski-Hotel entfernt gelingt der Einstieg in das weltber\u00fchmte Skigebiet.<\/p>\n<p>&nbsp;<\/p>\n<div id=\"layerslider_198\" class=\"ls-wp-container\" style=\"width:2156px;height:1440px;margin:0 auto;margin-bottom: 0px;\"><div class=\"ls-slide\" data-ls=\"transition2d:5;customtransition2d:;\"><img decoding=\"async\" src=\"https:\/\/www.designreisen.de\/magazin\/wp-content\/uploads\/2022\/12\/Screenshot-2022-12-21-123509.png\" class=\"ls-bg\" alt=\"Screenshot 2022-12-21 123509\" \/><p class=\"ls-l\" style=\"top:0px;left:0px;width:;height:;padding-top:;padding-right:;padding-bottom:;padding-left:;border-top:;border-right:;border-bottom:;border-left:;font-family:;font-size:;line-height:;color:;background:;border-radius:;white-space: nowrap;\">Ski In &amp; Ski Out\u201c direkt vor der Haust\u00fcr des Kempinski Hotel Das Tirol<\/p><\/div><div class=\"ls-slide\" data-ls=\"transition2d:5;customtransition2d:;\"><img decoding=\"async\" src=\"https:\/\/www.designreisen.de\/magazin\/wp-content\/uploads\/2022\/12\/JPEG_Kempinski-Das-Tirol_Outside-View_Back-7-scaled.jpg\" class=\"ls-bg\" alt=\"JPEG_Kempinski Das Tirol_Outside View_Back (7)\" \/><p class=\"ls-l\" style=\"top:0px;left:0px;width:;height:;padding-top:;padding-right:;padding-bottom:;padding-left:;border-top:;border-right:;border-bottom:;border-left:;font-family:;font-size:;line-height:;color:;background:;border-radius:;white-space: nowrap;\">Ski In &amp; Ski Out\u201c direkt vor der Haust\u00fcr des Kempinski Hotel Das Tirol<\/p><\/div><div class=\"ls-slide\" data-ls=\"transition2d:5;customtransition2d:;\"><img decoding=\"async\" src=\"https:\/\/www.designreisen.de\/magazin\/wp-content\/uploads\/2022\/12\/43-scaled.jpg\" class=\"ls-bg\" alt=\"43\" \/><p class=\"ls-l\" style=\"top:0px;left:0px;width:;height:;padding-top:;padding-right:;padding-bottom:;padding-left:;border-top:;border-right:;border-bottom:;border-left:;font-family:;font-size:;line-height:;color:;background:;border-radius:;white-space: nowrap;\">Ski In &amp; Ski Out\u201c direkt vor der Haust\u00fcr des Kempinski Hotel Das Tirol<\/p><\/div><\/div>\n<\/div>\n<div>\n<p>&nbsp;<\/p>\n<p><strong>Winterurlaub f\u00fcr die ganze Familie<\/strong><\/p>\n<\/div>\n<p>F\u00fcr sportliche Aktivit\u00e4ten und Familienurlaube aller Art ist das Kempinski Hotel Das Tirol der ideale Ausgangspunkt. Speziell in den Wintermonaten offenbart die Region, warum sie zu den<br \/>\nbegehrenswertesten alpinen Urlaubsdestinationen z\u00e4hlt. Vom Das Tirol aus genie\u00dft man direkten Zugang zum Winter-Wunderland der Kitzb\u00fcheler Alpen und nicht weniger als 233 Pistenkilometern im <a href=\"https:\/\/www.kitzski.at\/de\/service-info\/unternehmensinfo\/weltbestes-skigebiet.html\">mehrfach gew\u00e4hlten besten Ski-Gebiet der Welt<\/a>.<\/p>\n<p>Als Betreiber der Snow Academy Jochberg ist Lois Reichholf offizieller Partner des Hotels. Mit einer Skischule und dem Kinderland direkt auf dem Hotelgel\u00e4nde schafft er (nicht nur) f\u00fcr Anf\u00e4nger ideale Rahmenbedingungen, um sanft und stressfrei in ein Leben auf zwei Brettern zu starten.<\/p>\n<p>Wenn die Lifte sp\u00e4tnachmittags schlie\u00dfen, wird nach dem Einkehrschwung das Schnee-Vergn\u00fcgen zum Spa-Vergn\u00fcgen: Wer flei\u00dfig Ski f\u00e4hrt, verdient im Anschluss Entspannung f\u00fcr K\u00f6rper und<br \/>\nGeist. Im 3.600 qm gro\u00dfen <a href=\"https:\/\/www.kempinski.com\/en\/hotel-das-tirol\/kempinski-the-spa\">Kempinski The Spa<\/a> stehen nicht nur Saunen und Dampfb\u00e4der mit Lavastein, Tiroler Bergkr\u00e4utern und heimischen H\u00f6lzern zur Verf\u00fcgung, sondern auch die 300 qm gro\u00dfe Indoor- und Outdoor-Poollandschaft mit S\u00fc\u00df- und Salzwasserbecken, Ruhebereichen und drei Private SPA Suiten. Nat\u00fcrlich auch Beauty und Massagen, Personal Training und Physiotherapie.<\/p>\n<p>&nbsp;<\/p>\n<div id=\"layerslider_199\" class=\"ls-wp-container\" style=\"width:2156px;height:1440px;margin:0 auto;margin-bottom: 0px;\"><div class=\"ls-slide\" data-ls=\"transition2d:5;customtransition2d:;\"><img decoding=\"async\" src=\"https:\/\/www.designreisen.de\/magazin\/wp-content\/uploads\/2022\/12\/32-scaled.jpg\" class=\"ls-bg\" alt=\"32\" \/><p class=\"ls-l\" style=\"top:0px;left:0px;width:;height:;padding-top:;padding-right:;padding-bottom:;padding-left:;border-top:;border-right:;border-bottom:;border-left:;font-family:;font-size:;line-height:;color:;background:;border-radius:;white-space: nowrap;\">Kempinski The Spa mit atemberaubenden Blick auf die Kitzb\u00fchler Bergwelt <\/p><\/div><div class=\"ls-slide\" data-ls=\"transition2d:5;customtransition2d:;\"><img decoding=\"async\" src=\"https:\/\/www.designreisen.de\/magazin\/wp-content\/uploads\/2022\/12\/hotel-kempinski-das-tirol-jochberg-054-20200831173453-1.jpg\" class=\"ls-bg\" alt=\"hotel-kempinski-das-tirol-jochberg-054-20200831173453\" \/><p class=\"ls-l\" style=\"top:0px;left:0px;width:;height:;padding-top:;padding-right:;padding-bottom:;padding-left:;border-top:;border-right:;border-bottom:;border-left:;font-family:;font-size:;line-height:;color:;background:;border-radius:;white-space: nowrap;\">Kempinski The Spa mit atemberaubenden Blick auf die Kitzb\u00fchler Bergwelt <\/p><\/div><\/div>\n<p>&nbsp;<\/p>\n<p>Im eigens auf zwei Etagen eingerichteten Kempinski Kids Club k\u00f6nnen G\u00e4ste ab drei Jahren ungest\u00f6rt spielen und toben. Die j\u00fcngeren G\u00e4ste d\u00fcrfen sich auf ein gro\u00dfartiges Winter-Programm freuen: Fackelwanderung, Schlittenfahren oder ein Ausflug mit der Pferdekutsche machen diesen Urlaub unvergesslich. Selbstverst\u00e4ndlich gibt es f\u00fcrs Schneemann-Bauen oder f\u00fcr Kutschfahrten keine Altersgrenze&#8230;<\/p>\n<div class=\"responsive-embed\"><iframe loading=\"lazy\" title=\"Kempinski Hotels - Kempinski Hotel Das Tirol Jochberg - Kitzb\u00fchel\" width=\"500\" height=\"281\" src=\"https:\/\/www.youtube.com\/embed\/1wjDoKg2efc?feature=oembed\" frameborder=\"0\" allow=\"accelerometer; autoplay; clipboard-write; encrypted-media; gyroscope; picture-in-picture; web-share\" referrerpolicy=\"strict-origin-when-cross-origin\" allowfullscreen><\/iframe><\/div>\n<p><strong>Stimmungsvolles Ambiente &amp; erstklassiger Service<\/strong><\/p>\n<p>Wer im Kempinski Das Tirol Weihnachten feiert, muss nicht auf den eigenen Christbaum verzichten. Ein herrlich entschleunigendes und unvergessliches Weihnachtserlebnis f\u00fcr die ganze Familie ist es, gemeinsam mit dem Concierge den eigenen Baum im Wald auszusuchen und selbst zu schlagen. Da d\u00fcrfen auch die Kleinen mithelfen, die sp\u00e4testens dann mit Feuereifer dabei sind, wenn es darum geht, \u201eihren\u201c Baum zu schm\u00fccken. Selbstverst\u00e4ndlich sorgt eine z\u00fcnftige Brotzeit f\u00fcr die n\u00f6tige \u201ePower\u201c. Der eigene Weihnachtsbaum geht aber auch ganz ohne Aufwand: man kann w\u00e4hlen, ob man den gew\u00e4hlten Baum bereits fertig geschm\u00fcckt im Zimmer vorfinden oder zusammen mit den Liebsten selbst schm\u00fccken m\u00f6chte.<\/p>\n<p>Ein Ski-Verleih, der\u00a0Sport-Shop\u00a0mit ausgew\u00e4hlter Sportmode sowie\u00a0die hauseigene Kempinski-Ski-Schule\u00a0runden das Angebot ab.<\/p>\n<p>&nbsp;<\/p>\n<p><strong>Kitzb\u00fchel kennenlernen<\/strong><\/p>\n<p>Ein exklusiver und besonders aufschlussreicher\u00a0<a href=\"https:\/\/www.kitzevents.at\/51-%C3%9Cbersicht.html\"><strong>Stadtrundgang<\/strong><\/a>\u00a0mit dem Kitzb\u00fcheler Urgestein\u00a0<a href=\"https:\/\/www.kitzevents.at\/\"><strong>Pepi Treichl<\/strong><\/a> ist zu jeder Jahreszeit ein Erlebnis. Der Rundgang dauert ca. 1,5 Stunden und kann auf bis zu 6 Stunden ausgedehnt werden. Von 5. Juni bis 2. Oktober zeigt Pepi ab 10 Uhr jeweils am Dienstag (Treffpunkt: Kitzb\u00fchel Tourismus) seine Stadt.<\/p>\n<p>Dar\u00fcber hinaus locken jedes Jahr viele sportliche Events auf internationalem Niveau G\u00e4ste nach Kitzb\u00fchel: das Hahnenkammrennen auf der Streif, ein ATP-Tennisturnier im Stadion, der traditionelle Triathlon am Schwarzsee oder die Oldtimer-Rallye durch Tirol sind nur einige Beispiele.<\/p>\n<p>&nbsp;<\/p>\n<p><img loading=\"lazy\" decoding=\"async\" class=\"alignnone wp-image-7818 size-large animated\" src=\"https:\/\/www.designreisen.de\/magazin\/wp-content\/uploads\/2022\/12\/KempinskiKitzbuhleAug22-50-683x1024.jpg\" alt=\"\" width=\"683\" height=\"1024\" srcset=\"https:\/\/www.designreisen.de\/magazin\/wp-content\/uploads\/2022\/12\/KempinskiKitzbuhleAug22-50-683x1024.jpg 683w, https:\/\/www.designreisen.de\/magazin\/wp-content\/uploads\/2022\/12\/KempinskiKitzbuhleAug22-50-200x300.jpg 200w, https:\/\/www.designreisen.de\/magazin\/wp-content\/uploads\/2022\/12\/KempinskiKitzbuhleAug22-50-768x1151.jpg 768w, https:\/\/www.designreisen.de\/magazin\/wp-content\/uploads\/2022\/12\/KempinskiKitzbuhleAug22-50-1025x1536.jpg 1025w, https:\/\/www.designreisen.de\/magazin\/wp-content\/uploads\/2022\/12\/KempinskiKitzbuhleAug22-50.jpg 961w\" sizes=\"auto, (max-width: 683px) 100vw, 683px\" \/><\/p>\n<p><strong>Gerhard Bosse\u00a0<\/strong>leitet seit Sommer 2018 die Geschicke des einzigen 5-Sterne-Superior Hotels mit direkter Pistenlage in der Region Kitzb\u00fchel.\u00a0Der gelernte Hotelfachmann mit Bundeswehr-Vergangenheit geh\u00f6rt seit rund 25 Jahren zur Kempinski-Familie. Bevor er sich wie nun in Kitzb\u00fchel zuhause f\u00fchlte, leitete er als General Manager f\u00fcnf Jahren lang das Kempinski Hotel Suzhou in China, die Kempinski-H\u00e4user in Jakarta\/Indonesien, in Belek\/T\u00fcrkei, das Emirates Palace in Abu Dhabi sowie das Grand Hotel Europe in St. Petersburg. Nun ist er Vater von Zwillingsm\u00e4dchen \u2013 und tr\u00e4gt Tiroler Trachtensakkos&#8230;.<\/p>\n<p>&nbsp;<\/p>\n<p><em>ES IST EINMALIG, WENN DIE WANDERWEGE UND SKIPISTEN UNMITTELBAR VOR DEM HOTELAREAL BEGINNEN. SO MACHT DER BEGRIFF EINKEHRSCHWUNG ERST SO RICHTIG SINN! PERS\u00d6NLICH ERLEBE ICH HIER, WO ALLES SO AUTHENTISCH UND \u00dcBER JAHRHUNDERTE GEWACHSEN IST, NACH VIELEN JAHREN IM AUSLAND, ALLES ETWAS INTENSIVER. DIE LANDSCHAFT, DIE KLARE LUFT SOWIE DIE HERZLICHKEIT UND UNKOMPLIZIERTHEIT DER TIROLER.<\/em><\/p>\n<ul>\n<li>Gerhard Bosse, General Manager des Kempinski Hotel Das Tirol<\/li>\n<\/ul>\n<p>&nbsp;<\/p>\n<div id=\"layerslider_200\" class=\"ls-wp-container\" style=\"width:2156px;height:1440px;margin:0 auto;margin-bottom: 0px;\"><div class=\"ls-slide\" data-ls=\"transition2d:5;customtransition2d:;\"><img decoding=\"async\" src=\"https:\/\/www.designreisen.de\/magazin\/wp-content\/uploads\/2022\/12\/TIFF_Kempinski-Das-Tirol_Deluxe-Suite_BS1.jpg\" class=\"ls-bg\" alt=\"TIFF_Kempinski Das Tirol_Deluxe Suite_BS1\" \/><p class=\"ls-l\" style=\"top:0px;left:0px;width:;height:;padding-top:;padding-right:;padding-bottom:;padding-left:;border-top:;border-right:;border-bottom:;border-left:;font-family:;font-size:;line-height:;color:;background:;border-radius:;white-space: nowrap;\">Kempinski Hotel Das Tirol Deluxe Suite mit Bergblick und gro\u00dfem Balkon <\/p><\/div><div class=\"ls-slide\" data-ls=\"transition2d:5;customtransition2d:;\"><img decoding=\"async\" src=\"https:\/\/www.designreisen.de\/magazin\/wp-content\/uploads\/2022\/12\/Balcony_1.jpg\" class=\"ls-bg\" alt=\"Balcony_1\" \/><p class=\"ls-l\" style=\"top:0px;left:0px;width:;height:;padding-top:;padding-right:;padding-bottom:;padding-left:;border-top:;border-right:;border-bottom:;border-left:;font-family:;font-size:;line-height:;color:;background:;border-radius:;white-space: nowrap;\">Kempinski Hotel Das Tirol Deluxe Suite mit Bergblick und gro\u00dfem Balkon <\/p><\/div><div class=\"ls-slide\" data-ls=\"transition2d:5;customtransition2d:;\"><img decoding=\"async\" src=\"https:\/\/www.designreisen.de\/magazin\/wp-content\/uploads\/2022\/12\/Deluxe-Suite_2.jpg\" class=\"ls-bg\" alt=\"Deluxe Suite_2\" \/><p class=\"ls-l\" style=\"top:0px;left:0px;width:;height:;padding-top:;padding-right:;padding-bottom:;padding-left:;border-top:;border-right:;border-bottom:;border-left:;font-family:;font-size:;line-height:;color:;background:;border-radius:;white-space: nowrap;\"> Kempinski Hotel Das Tirol Deluxe Suite mit Bergblick und gro\u00dfem Balkon<\/p><\/div><\/div>\n<p>&nbsp;<\/p>\n<p><strong>Kulinarische Highlights von fr\u00fch bis sp\u00e4t<\/strong><\/p>\n<p>Moderne, kreative Tiroler K\u00fcche mit zeitgem\u00e4\u00dfen Einfl\u00fcssen:\u00a0<a href=\"https:\/\/www.kempinski.com\/de\/hotel-das-tirol\/restaurants-bars\/steinberg\"><strong>Das Steinberg<\/strong><\/a>\u00a0ist das Restaurant f\u00fcr alle, die deftige Berggerichte lieben. K\u00fcchenchef\u00a0<strong>Matthias Mezera<\/strong>\u00a0und sein Team lassen mediterrane Einfl\u00fcsse in die Tiroler Rezepte einflie\u00dfen und geben ihnen eine ganz eigene Note. Im Mittelpunkt steht dabei die Verwendung von m\u00f6glichst authentischen Produkten der Region.<\/p>\n<p>&nbsp;<\/p>\n<div id=\"layerslider_201\" class=\"ls-wp-container\" style=\"width:2156px;height:1440px;margin:0 auto;margin-bottom: 0px;\"><div class=\"ls-slide\" data-ls=\"transition2d:5;customtransition2d:;\"><img decoding=\"async\" src=\"https:\/\/www.designreisen.de\/magazin\/wp-content\/uploads\/2022\/12\/KIINN_Executive-Chef_3-scaled.jpg\" class=\"ls-bg\" alt=\"KIINN_Executive Chef_3\" \/><p class=\"ls-l\" style=\"top:0px;left:0px;width:;height:;padding-top:;padding-right:;padding-bottom:;padding-left:;border-top:;border-right:;border-bottom:;border-left:;font-family:;font-size:;line-height:;color:;background:;border-radius:;white-space: nowrap;\">Das Team um K\u00fcchenchef Matthias Mezera verw\u00f6hnt mit typischen Tiroler Rezepten und erg\u00e4nzt diese mit einer wunderbaren mediterranen Note.<\/p><\/div><div class=\"ls-slide\" data-ls=\"transition2d:5;customtransition2d:;\"><img decoding=\"async\" src=\"https:\/\/www.designreisen.de\/magazin\/wp-content\/uploads\/2022\/12\/KIINN_Fondue-Stubn_1-1.jpg\" class=\"ls-bg\" alt=\"KIINN_Fondue Stubn_1 (1)\" \/><p class=\"ls-l\" style=\"top:0px;left:0px;width:;height:;padding-top:;padding-right:;padding-bottom:;padding-left:;border-top:;border-right:;border-bottom:;border-left:;font-family:;font-size:;line-height:;color:;background:;border-radius:;white-space: nowrap;\">Das Team um K\u00fcchenchef Matthias Mezera verw\u00f6hnt mit typischen Tiroler Rezepten und erg\u00e4nzt diese mit einer wunderbaren mediterranen Note.<\/p><\/div><\/div>\n<p>&nbsp;<\/p>\n<p>Das Fr\u00fchst\u00fccksbuffet im\u00a0<a href=\"http:\/\/www.kempinski.com\/tirol\"><strong>Kempinski Hotel Das Tirol<\/strong><\/a>\u00a0gl\u00e4nzt mit Reichhaltigkeit und Vielfalt und einem ausgewogenen Superfood-Angebot. Dazu z\u00e4hlen schmackhafte Ei-Variationen, Tiroler Schmankerl und allerlei gesunde Alternativen.<\/p>\n<p>Einzigartig in der gesamten Region ist das\u00a0<strong>pan-asiatische Restaurant\u00a0<\/strong><a href=\"https:\/\/www.ganz-muenchen.de\/tourist\/reisen\/reiseziele\/oesterreich\/ferienregion\/tirol\/kitzbuehel\/hotel\/kempinski_hotel_das_tirol\/restaurant_sra_bua.html\"><strong>Sra Bua<\/strong><\/a>, das hervorragende Zutaten aus Tirol mit den aufregendsten Geschm\u00e4ckern aus aller Welt verbindet. Ferner bietet <strong>Das Tirol<\/strong>\u00a0im ersten Stock eine Bar mit Kamin-Lobby sowie einem Caf\u00e9 mit feinster Patisserie im Eingangsbereich. Ein weiteres Highlight: der\u00a0<strong>begehbare Weinschrank<\/strong>\u00a0mit Edelweinen junger heimischer Winzer, aber auch Exoten.<\/p>\n<p>&nbsp;<\/p>\n<p><strong>Super auch im Sommer<\/strong><\/p>\n<p>In den warmen Monaten locken\u00a0<a href=\"https:\/\/www.kitzbuehel.com\/sport\/golf\/\"><strong>vier erstklassige Golfanlagen in Kitzb\u00fchel<\/strong><\/a>\u00a0und\u00a0<a href=\"https:\/\/www.perfect-eagle.com\/places-to-be\/tirol\/\"><strong>30 weitere in unmittelbarer N\u00e4he<\/strong><\/a><strong>\u00a0<\/strong>auch die Golfsportler in\u00a0<a href=\"http:\/\/www.kempinski.com\/tirol\"><strong>Das Tirol<\/strong><\/a>. Immerhin ist die Region um Kitzb\u00fchel das selbsternannte Golfzentrum der Alpen und f\u00fcr sein rundum gelungenes Angebot an vielf\u00e4ltigen Golferlebnissen bekannt. Dazu z\u00e4hlen freilich erstklassig gepflegte und selektive Golfpl\u00e4tze, professionelle Service-Leistungen und die dazu passenden Angebote an Gastronomie und Hotellerie.<\/p>\n<p>&nbsp;<\/p>\n<p>&nbsp;<\/p>\n<div>\n<p class=\"Text\">\n<\/div>\n","protected":false},"excerpt":{"rendered":"<p>Das Kempinski Hotel Das Tirol ist der ideale Ausgangspunkt f\u00fcr alle Bergbegeisterten, die im luxuri\u00f6sen Winterurlaub nicht auf authentischen Tiroler Charme, erstklassige Kulinarik und ein umfangreiches Aktivangebot verzichten m\u00f6chten.<\/p>\n","protected":false},"author":40,"featured_media":7807,"comment_status":"open","ping_status":"open","sticky":false,"template":"","format":"standard","meta":{"_acf_changed":false,"footnotes":""},"categories":[194],"tags":[],"class_list":["post-7782","post","type-post","status-publish","format-standard","has-post-thumbnail","hentry","category-places-to-be"],"acf":[],"yoast_head":"<!-- This site is optimized with the Yoast SEO plugin v27.5 - https:\/\/yoast.com\/product\/yoast-seo-wordpress\/ -->\n<title>Weihnachten &amp; Winter-Wunderland - Connection to Paradise | Luxusreiseblog<\/title>\n<meta name=\"robots\" content=\"index, follow, max-snippet:-1, max-image-preview:large, max-video-preview:-1\" \/>\n<link rel=\"canonical\" href=\"https:\/\/www.designreisen.de\/magazin\/weihnachten-winter-im-wunderland\/\" \/>\n<meta property=\"og:locale\" content=\"de_DE\" \/>\n<meta property=\"og:type\" content=\"article\" \/>\n<meta property=\"og:title\" content=\"Weihnachten &amp; Winter-Wunderland - Connection to Paradise | Luxusreiseblog\" \/>\n<meta property=\"og:description\" content=\"Das Kempinski Hotel Das Tirol ist der ideale Ausgangspunkt f\u00fcr alle Bergbegeisterten, die im luxuri\u00f6sen Winterurlaub nicht auf authentischen Tiroler Charme, erstklassige Kulinarik und ein umfangreiches Aktivangebot verzichten m\u00f6chten.\" \/>\n<meta property=\"og:url\" content=\"https:\/\/www.designreisen.de\/magazin\/weihnachten-winter-im-wunderland\/\" \/>\n<meta property=\"og:site_name\" content=\"Connection to Paradise | Luxusreiseblog\" \/>\n<meta property=\"article:publisher\" content=\"https:\/\/www.facebook.com\/Designreisen\/\" \/>\n<meta property=\"article:published_time\" content=\"2022-12-23T08:47:17+00:00\" \/>\n<meta property=\"article:modified_time\" content=\"2023-01-10T09:16:25+00:00\" \/>\n<meta property=\"og:image\" content=\"https:\/\/www.designreisen.de\/magazin\/wp-content\/uploads\/2022\/12\/Kempinski_2c212f2aed9a076435fbc0525d3047e0-3.jpg\" \/>\n\t<meta property=\"og:image:width\" content=\"1920\" \/>\n\t<meta property=\"og:image:height\" content=\"1280\" \/>\n\t<meta property=\"og:image:type\" content=\"image\/jpeg\" \/>\n<meta name=\"author\" content=\"Christina Mendi\" \/>\n<meta name=\"twitter:card\" content=\"summary_large_image\" \/>\n<meta name=\"twitter:label1\" content=\"Verfasst von\" \/>\n\t<meta name=\"twitter:data1\" content=\"Christina Mendi\" \/>\n\t<meta name=\"twitter:label2\" content=\"Gesch\u00e4tzte Lesezeit\" \/>\n\t<meta name=\"twitter:data2\" content=\"6\u00a0Minuten\" \/>\n<script type=\"application\/ld+json\" class=\"yoast-schema-graph\">{\"@context\":\"https:\\\/\\\/schema.org\",\"@graph\":[{\"@type\":\"Article\",\"@id\":\"https:\\\/\\\/www.designreisen.de\\\/magazin\\\/weihnachten-winter-im-wunderland\\\/#article\",\"isPartOf\":{\"@id\":\"https:\\\/\\\/www.designreisen.de\\\/magazin\\\/weihnachten-winter-im-wunderland\\\/\"},\"author\":{\"name\":\"Christina Mendi\",\"@id\":\"https:\\\/\\\/www.designreisen.de\\\/magazin\\\/#\\\/schema\\\/person\\\/bde5a4b0e3d804c7b2c30cee90c588f2\"},\"headline\":\"Weihnachten &#038; Winter-Wunderland\",\"datePublished\":\"2022-12-23T08:47:17+00:00\",\"dateModified\":\"2023-01-10T09:16:25+00:00\",\"mainEntityOfPage\":{\"@id\":\"https:\\\/\\\/www.designreisen.de\\\/magazin\\\/weihnachten-winter-im-wunderland\\\/\"},\"wordCount\":1071,\"commentCount\":0,\"image\":{\"@id\":\"https:\\\/\\\/www.designreisen.de\\\/magazin\\\/weihnachten-winter-im-wunderland\\\/#primaryimage\"},\"thumbnailUrl\":\"https:\\\/\\\/www.designreisen.de\\\/magazin\\\/wp-content\\\/uploads\\\/2022\\\/12\\\/Kempinski_2c212f2aed9a076435fbc0525d3047e0-3.jpg\",\"articleSection\":[\"Places To Be\"],\"inLanguage\":\"de\",\"potentialAction\":[{\"@type\":\"CommentAction\",\"name\":\"Comment\",\"target\":[\"https:\\\/\\\/www.designreisen.de\\\/magazin\\\/weihnachten-winter-im-wunderland\\\/#respond\"]}]},{\"@type\":\"WebPage\",\"@id\":\"https:\\\/\\\/www.designreisen.de\\\/magazin\\\/weihnachten-winter-im-wunderland\\\/\",\"url\":\"https:\\\/\\\/www.designreisen.de\\\/magazin\\\/weihnachten-winter-im-wunderland\\\/\",\"name\":\"Weihnachten & Winter-Wunderland - Connection to Paradise | Luxusreiseblog\",\"isPartOf\":{\"@id\":\"https:\\\/\\\/www.designreisen.de\\\/magazin\\\/#website\"},\"primaryImageOfPage\":{\"@id\":\"https:\\\/\\\/www.designreisen.de\\\/magazin\\\/weihnachten-winter-im-wunderland\\\/#primaryimage\"},\"image\":{\"@id\":\"https:\\\/\\\/www.designreisen.de\\\/magazin\\\/weihnachten-winter-im-wunderland\\\/#primaryimage\"},\"thumbnailUrl\":\"https:\\\/\\\/www.designreisen.de\\\/magazin\\\/wp-content\\\/uploads\\\/2022\\\/12\\\/Kempinski_2c212f2aed9a076435fbc0525d3047e0-3.jpg\",\"datePublished\":\"2022-12-23T08:47:17+00:00\",\"dateModified\":\"2023-01-10T09:16:25+00:00\",\"author\":{\"@id\":\"https:\\\/\\\/www.designreisen.de\\\/magazin\\\/#\\\/schema\\\/person\\\/bde5a4b0e3d804c7b2c30cee90c588f2\"},\"breadcrumb\":{\"@id\":\"https:\\\/\\\/www.designreisen.de\\\/magazin\\\/weihnachten-winter-im-wunderland\\\/#breadcrumb\"},\"inLanguage\":\"de\",\"potentialAction\":[{\"@type\":\"ReadAction\",\"target\":[\"https:\\\/\\\/www.designreisen.de\\\/magazin\\\/weihnachten-winter-im-wunderland\\\/\"]}]},{\"@type\":\"ImageObject\",\"inLanguage\":\"de\",\"@id\":\"https:\\\/\\\/www.designreisen.de\\\/magazin\\\/weihnachten-winter-im-wunderland\\\/#primaryimage\",\"url\":\"https:\\\/\\\/www.designreisen.de\\\/magazin\\\/wp-content\\\/uploads\\\/2022\\\/12\\\/Kempinski_2c212f2aed9a076435fbc0525d3047e0-3.jpg\",\"contentUrl\":\"https:\\\/\\\/www.designreisen.de\\\/magazin\\\/wp-content\\\/uploads\\\/2022\\\/12\\\/Kempinski_2c212f2aed9a076435fbc0525d3047e0-3.jpg\",\"width\":1920,\"height\":1280},{\"@type\":\"BreadcrumbList\",\"@id\":\"https:\\\/\\\/www.designreisen.de\\\/magazin\\\/weihnachten-winter-im-wunderland\\\/#breadcrumb\",\"itemListElement\":[{\"@type\":\"ListItem\",\"position\":1,\"name\":\"Home\",\"item\":\"https:\\\/\\\/www.designreisen.de\\\/magazin\\\/\"},{\"@type\":\"ListItem\",\"position\":2,\"name\":\"Weihnachten &#038; Winter-Wunderland\"}]},{\"@type\":\"WebSite\",\"@id\":\"https:\\\/\\\/www.designreisen.de\\\/magazin\\\/#website\",\"url\":\"https:\\\/\\\/www.designreisen.de\\\/magazin\\\/\",\"name\":\"Connection to Paradise | Luxusreiseblog\",\"description\":\"Der exklusive Reiseblog von DESIGNREISEN\",\"potentialAction\":[{\"@type\":\"SearchAction\",\"target\":{\"@type\":\"EntryPoint\",\"urlTemplate\":\"https:\\\/\\\/www.designreisen.de\\\/magazin\\\/?s={search_term_string}\"},\"query-input\":{\"@type\":\"PropertyValueSpecification\",\"valueRequired\":true,\"valueName\":\"search_term_string\"}}],\"inLanguage\":\"de\"},{\"@type\":\"Person\",\"@id\":\"https:\\\/\\\/www.designreisen.de\\\/magazin\\\/#\\\/schema\\\/person\\\/bde5a4b0e3d804c7b2c30cee90c588f2\",\"name\":\"Christina Mendi\",\"image\":{\"@type\":\"ImageObject\",\"inLanguage\":\"de\",\"@id\":\"https:\\\/\\\/www.designreisen.de\\\/magazin\\\/wp-content\\\/uploads\\\/2022\\\/04\\\/Christina-Mendi-scaled-96x96.jpg\",\"url\":\"https:\\\/\\\/www.designreisen.de\\\/magazin\\\/wp-content\\\/uploads\\\/2022\\\/04\\\/Christina-Mendi-scaled-96x96.jpg\",\"contentUrl\":\"https:\\\/\\\/www.designreisen.de\\\/magazin\\\/wp-content\\\/uploads\\\/2022\\\/04\\\/Christina-Mendi-scaled-96x96.jpg\",\"caption\":\"Christina Mendi\"}}]}<\/script>\n<!-- \/ Yoast SEO plugin. -->","yoast_head_json":{"title":"Weihnachten & Winter-Wunderland - Connection to Paradise | Luxusreiseblog","robots":{"index":"index","follow":"follow","max-snippet":"max-snippet:-1","max-image-preview":"max-image-preview:large","max-video-preview":"max-video-preview:-1"},"canonical":"https:\/\/www.designreisen.de\/magazin\/weihnachten-winter-im-wunderland\/","og_locale":"de_DE","og_type":"article","og_title":"Weihnachten & Winter-Wunderland - Connection to Paradise | Luxusreiseblog","og_description":"Das Kempinski Hotel Das Tirol ist der ideale Ausgangspunkt f\u00fcr alle Bergbegeisterten, die im luxuri\u00f6sen Winterurlaub nicht auf authentischen Tiroler Charme, erstklassige Kulinarik und ein umfangreiches Aktivangebot verzichten m\u00f6chten.","og_url":"https:\/\/www.designreisen.de\/magazin\/weihnachten-winter-im-wunderland\/","og_site_name":"Connection to Paradise | Luxusreiseblog","article_publisher":"https:\/\/www.facebook.com\/Designreisen\/","article_published_time":"2022-12-23T08:47:17+00:00","article_modified_time":"2023-01-10T09:16:25+00:00","og_image":[{"width":1920,"height":1280,"url":"https:\/\/www.designreisen.de\/magazin\/wp-content\/uploads\/2022\/12\/Kempinski_2c212f2aed9a076435fbc0525d3047e0-3.jpg","type":"image\/jpeg"}],"author":"Christina Mendi","twitter_card":"summary_large_image","twitter_misc":{"Verfasst von":"Christina Mendi","Gesch\u00e4tzte Lesezeit":"6\u00a0Minuten"},"schema":{"@context":"https:\/\/schema.org","@graph":[{"@type":"Article","@id":"https:\/\/www.designreisen.de\/magazin\/weihnachten-winter-im-wunderland\/#article","isPartOf":{"@id":"https:\/\/www.designreisen.de\/magazin\/weihnachten-winter-im-wunderland\/"},"author":{"name":"Christina Mendi","@id":"https:\/\/www.designreisen.de\/magazin\/#\/schema\/person\/bde5a4b0e3d804c7b2c30cee90c588f2"},"headline":"Weihnachten &#038; Winter-Wunderland","datePublished":"2022-12-23T08:47:17+00:00","dateModified":"2023-01-10T09:16:25+00:00","mainEntityOfPage":{"@id":"https:\/\/www.designreisen.de\/magazin\/weihnachten-winter-im-wunderland\/"},"wordCount":1071,"commentCount":0,"image":{"@id":"https:\/\/www.designreisen.de\/magazin\/weihnachten-winter-im-wunderland\/#primaryimage"},"thumbnailUrl":"https:\/\/www.designreisen.de\/magazin\/wp-content\/uploads\/2022\/12\/Kempinski_2c212f2aed9a076435fbc0525d3047e0-3.jpg","articleSection":["Places To Be"],"inLanguage":"de","potentialAction":[{"@type":"CommentAction","name":"Comment","target":["https:\/\/www.designreisen.de\/magazin\/weihnachten-winter-im-wunderland\/#respond"]}]},{"@type":"WebPage","@id":"https:\/\/www.designreisen.de\/magazin\/weihnachten-winter-im-wunderland\/","url":"https:\/\/www.designreisen.de\/magazin\/weihnachten-winter-im-wunderland\/","name":"Weihnachten & Winter-Wunderland - Connection to Paradise | Luxusreiseblog","isPartOf":{"@id":"https:\/\/www.designreisen.de\/magazin\/#website"},"primaryImageOfPage":{"@id":"https:\/\/www.designreisen.de\/magazin\/weihnachten-winter-im-wunderland\/#primaryimage"},"image":{"@id":"https:\/\/www.designreisen.de\/magazin\/weihnachten-winter-im-wunderland\/#primaryimage"},"thumbnailUrl":"https:\/\/www.designreisen.de\/magazin\/wp-content\/uploads\/2022\/12\/Kempinski_2c212f2aed9a076435fbc0525d3047e0-3.jpg","datePublished":"2022-12-23T08:47:17+00:00","dateModified":"2023-01-10T09:16:25+00:00","author":{"@id":"https:\/\/www.designreisen.de\/magazin\/#\/schema\/person\/bde5a4b0e3d804c7b2c30cee90c588f2"},"breadcrumb":{"@id":"https:\/\/www.designreisen.de\/magazin\/weihnachten-winter-im-wunderland\/#breadcrumb"},"inLanguage":"de","potentialAction":[{"@type":"ReadAction","target":["https:\/\/www.designreisen.de\/magazin\/weihnachten-winter-im-wunderland\/"]}]},{"@type":"ImageObject","inLanguage":"de","@id":"https:\/\/www.designreisen.de\/magazin\/weihnachten-winter-im-wunderland\/#primaryimage","url":"https:\/\/www.designreisen.de\/magazin\/wp-content\/uploads\/2022\/12\/Kempinski_2c212f2aed9a076435fbc0525d3047e0-3.jpg","contentUrl":"https:\/\/www.designreisen.de\/magazin\/wp-content\/uploads\/2022\/12\/Kempinski_2c212f2aed9a076435fbc0525d3047e0-3.jpg","width":1920,"height":1280},{"@type":"BreadcrumbList","@id":"https:\/\/www.designreisen.de\/magazin\/weihnachten-winter-im-wunderland\/#breadcrumb","itemListElement":[{"@type":"ListItem","position":1,"name":"Home","item":"https:\/\/www.designreisen.de\/magazin\/"},{"@type":"ListItem","position":2,"name":"Weihnachten &#038; Winter-Wunderland"}]},{"@type":"WebSite","@id":"https:\/\/www.designreisen.de\/magazin\/#website","url":"https:\/\/www.designreisen.de\/magazin\/","name":"Connection to Paradise | Luxusreiseblog","description":"Der exklusive Reiseblog von DESIGNREISEN","potentialAction":[{"@type":"SearchAction","target":{"@type":"EntryPoint","urlTemplate":"https:\/\/www.designreisen.de\/magazin\/?s={search_term_string}"},"query-input":{"@type":"PropertyValueSpecification","valueRequired":true,"valueName":"search_term_string"}}],"inLanguage":"de"},{"@type":"Person","@id":"https:\/\/www.designreisen.de\/magazin\/#\/schema\/person\/bde5a4b0e3d804c7b2c30cee90c588f2","name":"Christina Mendi","image":{"@type":"ImageObject","inLanguage":"de","@id":"https:\/\/www.designreisen.de\/magazin\/wp-content\/uploads\/2022\/04\/Christina-Mendi-scaled-96x96.jpg","url":"https:\/\/www.designreisen.de\/magazin\/wp-content\/uploads\/2022\/04\/Christina-Mendi-scaled-96x96.jpg","contentUrl":"https:\/\/www.designreisen.de\/magazin\/wp-content\/uploads\/2022\/04\/Christina-Mendi-scaled-96x96.jpg","caption":"Christina Mendi"}}]}},"_links":{"self":[{"href":"https:\/\/www.designreisen.de\/magazin\/wp-json\/wp\/v2\/posts\/7782","targetHints":{"allow":["GET"]}}],"collection":[{"href":"https:\/\/www.designreisen.de\/magazin\/wp-json\/wp\/v2\/posts"}],"about":[{"href":"https:\/\/www.designreisen.de\/magazin\/wp-json\/wp\/v2\/types\/post"}],"author":[{"embeddable":true,"href":"https:\/\/www.designreisen.de\/magazin\/wp-json\/wp\/v2\/users\/40"}],"replies":[{"embeddable":true,"href":"https:\/\/www.designreisen.de\/magazin\/wp-json\/wp\/v2\/comments?post=7782"}],"version-history":[{"count":21,"href":"https:\/\/www.designreisen.de\/magazin\/wp-json\/wp\/v2\/posts\/7782\/revisions"}],"predecessor-version":[{"id":7833,"href":"https:\/\/www.designreisen.de\/magazin\/wp-json\/wp\/v2\/posts\/7782\/revisions\/7833"}],"wp:featuredmedia":[{"embeddable":true,"href":"https:\/\/www.designreisen.de\/magazin\/wp-json\/wp\/v2\/media\/7807"}],"wp:attachment":[{"href":"https:\/\/www.designreisen.de\/magazin\/wp-json\/wp\/v2\/media?parent=7782"}],"wp:term":[{"taxonomy":"category","embeddable":true,"href":"https:\/\/www.designreisen.de\/magazin\/wp-json\/wp\/v2\/categories?post=7782"},{"taxonomy":"post_tag","embeddable":true,"href":"https:\/\/www.designreisen.de\/magazin\/wp-json\/wp\/v2\/tags?post=7782"}],"curies":[{"name":"wp","href":"https:\/\/api.w.org\/{rel}","templated":true}]}}