{"id":8153,"date":"2023-04-20T13:18:32","date_gmt":"2023-04-20T11:18:32","guid":{"rendered":"https:\/\/www.designreisen.de\/magazin\/?p=8153"},"modified":"2023-04-20T13:38:44","modified_gmt":"2023-04-20T11:38:44","slug":"wellness-de-luxe-auf-den-malediven","status":"publish","type":"post","link":"https:\/\/www.designreisen.de\/magazin\/wellness-de-luxe-auf-den-malediven\/","title":{"rendered":"Wellness de luxe auf den Malediven"},"content":{"rendered":"<p>Am Sch\u00f6nsten ist es doch, wenn rundherum alles passt. So wie auf der Luxus-Resortinsel <a href=\"https:\/\/www.designreisen.de\/luxusreisen\/noonu-atoll-velaa-private-island\">Velaa Private Island Maldives<\/a>. Da war es bisher schon maximal traumhaft. Und doch: Mit dem Wellbeing Village ist noch eine Steigerung gelungen. Die neue Wellness-Oase ist eine Welt f\u00fcr sich im \u00fcppig gr\u00fcnen Herzen der Insel. Yoga-Pavillon, Pilates-Studio, Spa und Restaurant laden hier zum vollendeten Aktiv- und Verw\u00f6hnprogramm ein. Alles ist speziell auf die individuellen Bed\u00fcrfnisse der G\u00e4ste zugeschnitten. Das Konzept ist wohl durchdacht: vier S\u00e4ulen aus Behandlungen, Ern\u00e4hrung, Achtsamkeit und Fitness f\u00fchren zum inneren Gleichgewicht.<\/p>\n<div id=\"attachment_8155\" class=\"wp-caption alignnone\"><img loading=\"lazy\" decoding=\"async\" aria-describedby=\"caption-attachment-8155\" class=\"wp-image-8155 size-large animated\" src=\"https:\/\/www.designreisen.de\/magazin\/wp-content\/uploads\/2023\/04\/Stirnguss-\u00a9AdobeStock_101058711-1024x684.jpeg\" alt=\"\" width=\"1024\" height=\"684\" srcset=\"https:\/\/www.designreisen.de\/magazin\/wp-content\/uploads\/2023\/04\/Stirnguss-\u00a9AdobeStock_101058711-1024x684.jpeg 1024w, https:\/\/www.designreisen.de\/magazin\/wp-content\/uploads\/2023\/04\/Stirnguss-\u00a9AdobeStock_101058711-450x300.jpeg 450w, https:\/\/www.designreisen.de\/magazin\/wp-content\/uploads\/2023\/04\/Stirnguss-\u00a9AdobeStock_101058711-768x513.jpeg 768w, https:\/\/www.designreisen.de\/magazin\/wp-content\/uploads\/2023\/04\/Stirnguss-\u00a9AdobeStock_101058711-1536x1026.jpeg 1536w, https:\/\/www.designreisen.de\/magazin\/wp-content\/uploads\/2023\/04\/Stirnguss-\u00a9AdobeStock_101058711-2048x1367.jpeg 2048w, https:\/\/www.designreisen.de\/magazin\/wp-content\/uploads\/2023\/04\/Stirnguss-\u00a9AdobeStock_101058711-1920x1282.jpeg 1920w\" sizes=\"auto, (max-width: 1024px) 100vw, 1024px\" \/><p id=\"caption-attachment-8155\" class=\"wp-caption-text\">Einerseits genie\u00dfen die G\u00e4ste im Eveylaa Wellbeing traditionelle Ayurveda-Massagen und Stirng\u00fcsse. \u00a9AdobeStock<\/p><\/div>\n<div id=\"attachment_8154\" class=\"wp-caption alignnone\"><img loading=\"lazy\" decoding=\"async\" aria-describedby=\"caption-attachment-8154\" class=\"wp-image-8154 size-large animated\" src=\"https:\/\/www.designreisen.de\/magazin\/wp-content\/uploads\/2023\/04\/Ayurveda-Massage-\u00a9-velaaprivateisland.com-spa_09-63cd9bb2a7380edbb9aca5fe3fc2fef0-1589530699-1024x768.jpg\" alt=\"\" width=\"1024\" height=\"768\" srcset=\"https:\/\/www.designreisen.de\/magazin\/wp-content\/uploads\/2023\/04\/Ayurveda-Massage-\u00a9-velaaprivateisland.com-spa_09-63cd9bb2a7380edbb9aca5fe3fc2fef0-1589530699-1024x768.jpg 1024w, https:\/\/www.designreisen.de\/magazin\/wp-content\/uploads\/2023\/04\/Ayurveda-Massage-\u00a9-velaaprivateisland.com-spa_09-63cd9bb2a7380edbb9aca5fe3fc2fef0-1589530699-400x300.jpg 400w, https:\/\/www.designreisen.de\/magazin\/wp-content\/uploads\/2023\/04\/Ayurveda-Massage-\u00a9-velaaprivateisland.com-spa_09-63cd9bb2a7380edbb9aca5fe3fc2fef0-1589530699-768x576.jpg 768w, https:\/\/www.designreisen.de\/magazin\/wp-content\/uploads\/2023\/04\/Ayurveda-Massage-\u00a9-velaaprivateisland.com-spa_09-63cd9bb2a7380edbb9aca5fe3fc2fef0-1589530699.jpg 1200w\" sizes=\"auto, (max-width: 1024px) 100vw, 1024px\" \/><p id=\"caption-attachment-8154\" class=\"wp-caption-text\">Andererseits werden die G\u00e4ste im Eveylaa Wellbeing mit ganzheitlich-medizinischen Ayurveda-Heilmethoden und \u00f6stlicher Medizin behandelt. \u00a9Velaa Private Island<\/p><\/div>\n<p><strong>Medizin, Osteopathie und Ayurveda im Eveylaa Wellbeing<\/strong><\/p>\n<p>Das Wort Eveylaa bedeutet \u201eAntik&#8220; in der Landessprache und bezieht sich auf traditionelle Heilmethoden der Ayurveda, auf die \u00f6stliche Medizin und auf ganzheitlich-medizinische Behandlungen, die im Eveylaa Wellbeing angeboten werden. So findet man im Spa einerseits zwei Behandlungsr\u00e4ume f\u00fcr Paare mit Ayurveda-Betten, Shirodhara-St\u00e4ndern und traditionellen Dampfboxen, wo ayurvedische Massagen wie die Ganzk\u00f6rper-\u00d6l-Massage \u201eAbhyanga\u201c, die R\u00fcckentherapie \u201eKati Vasti\u201c und diverse Kr\u00e4uteranwendungen f\u00fcr Gesicht und K\u00f6rper angeboten werden. Andererseits ist das Eveylaa Wellbeing auf Osteopathie ausgerichtet und bietet etwa ein europ\u00e4isches Dampfbad, moderne Behandlungsbetten sowie eine schwebende Kapsel. Beratung gew\u00fcnscht? Daf\u00fcr stehen ein professioneller Ayurveda-Arzt und internationale Osteopathen parat, die das gesamte Spektrum der alten ganzheitlichen Heilung beherrschen.<\/p>\n<div id=\"attachment_8156\" class=\"wp-caption alignnone\"><img loading=\"lazy\" decoding=\"async\" aria-describedby=\"caption-attachment-8156\" class=\"wp-image-8156 size-large animated\" src=\"https:\/\/www.designreisen.de\/magazin\/wp-content\/uploads\/2023\/04\/Velaa-Private-Island_FAIY_Restaurant_c-Velaa-Private-Island-2-1024x683.jpg\" alt=\"\" width=\"1024\" height=\"683\" srcset=\"https:\/\/www.designreisen.de\/magazin\/wp-content\/uploads\/2023\/04\/Velaa-Private-Island_FAIY_Restaurant_c-Velaa-Private-Island-2-1024x683.jpg 1024w, https:\/\/www.designreisen.de\/magazin\/wp-content\/uploads\/2023\/04\/Velaa-Private-Island_FAIY_Restaurant_c-Velaa-Private-Island-2-450x300.jpg 450w, https:\/\/www.designreisen.de\/magazin\/wp-content\/uploads\/2023\/04\/Velaa-Private-Island_FAIY_Restaurant_c-Velaa-Private-Island-2-768x512.jpg 768w, https:\/\/www.designreisen.de\/magazin\/wp-content\/uploads\/2023\/04\/Velaa-Private-Island_FAIY_Restaurant_c-Velaa-Private-Island-2-1536x1024.jpg 1536w, https:\/\/www.designreisen.de\/magazin\/wp-content\/uploads\/2023\/04\/Velaa-Private-Island_FAIY_Restaurant_c-Velaa-Private-Island-2-2048x1365.jpg 2048w, https:\/\/www.designreisen.de\/magazin\/wp-content\/uploads\/2023\/04\/Velaa-Private-Island_FAIY_Restaurant_c-Velaa-Private-Island-2-1920x1280.jpg 1920w\" sizes=\"auto, (max-width: 1024px) 100vw, 1024px\" \/><p id=\"caption-attachment-8156\" class=\"wp-caption-text\">Gesund schlemmen in einem wundersch\u00f6nen Ambiente. Im Wellbeing-Restaurant FAIY l\u00e4sst man es sich mit Blick auf die Velaa Golf Academy by Olaz\u00e1bal gut gehen. \u00a9 Velaa Private Island<\/p><\/div>\n<div id=\"attachment_8157\" class=\"wp-caption alignnone\"><img loading=\"lazy\" decoding=\"async\" aria-describedby=\"caption-attachment-8157\" class=\"wp-image-8157 size-full animated\" src=\"https:\/\/www.designreisen.de\/magazin\/wp-content\/uploads\/2023\/04\/Velaa-Private-Island_FAIY_Restaurant_c-Velaa-Private-Island-5-scaled.jpg\" alt=\"\" width=\"2160\" height=\"1440\" srcset=\"https:\/\/www.designreisen.de\/magazin\/wp-content\/uploads\/2023\/04\/Velaa-Private-Island_FAIY_Restaurant_c-Velaa-Private-Island-5-scaled.jpg 2160w, https:\/\/www.designreisen.de\/magazin\/wp-content\/uploads\/2023\/04\/Velaa-Private-Island_FAIY_Restaurant_c-Velaa-Private-Island-5-450x300.jpg 450w, https:\/\/www.designreisen.de\/magazin\/wp-content\/uploads\/2023\/04\/Velaa-Private-Island_FAIY_Restaurant_c-Velaa-Private-Island-5-1024x683.jpg 1024w, https:\/\/www.designreisen.de\/magazin\/wp-content\/uploads\/2023\/04\/Velaa-Private-Island_FAIY_Restaurant_c-Velaa-Private-Island-5-768x512.jpg 768w, https:\/\/www.designreisen.de\/magazin\/wp-content\/uploads\/2023\/04\/Velaa-Private-Island_FAIY_Restaurant_c-Velaa-Private-Island-5-1536x1024.jpg 1536w, https:\/\/www.designreisen.de\/magazin\/wp-content\/uploads\/2023\/04\/Velaa-Private-Island_FAIY_Restaurant_c-Velaa-Private-Island-5-2048x1366.jpg 2048w, https:\/\/www.designreisen.de\/magazin\/wp-content\/uploads\/2023\/04\/Velaa-Private-Island_FAIY_Restaurant_c-Velaa-Private-Island-5-1920x1280.jpg 1920w\" sizes=\"auto, (max-width: 2160px) 100vw, 2160px\" \/><p id=\"caption-attachment-8157\" class=\"wp-caption-text\">Leicht, gesund, farbenfroh und ein Genuss vom ersten Bissen an sind die Mahlzeiten im Restaurant FAIY. \u00a9 Velaa Private Island<\/p><\/div>\n<p><strong>Eine Wellness-inspirierte Kulinarik im Restaurant FAIY<\/strong><\/p>\n<p>Wellness-K\u00fcche als harmonische Erg\u00e4nzung zu den Heilbehandlungen von Eveylaa Wellbeing? Da braucht es eine professionelle Ern\u00e4hrungsberaterin. Und so dreht sich im Restaurant FAIY alles um ausschlie\u00dflich frische, naturbelassene sowie vollwertige Zutaten in h\u00f6chster Qualit\u00e4t f\u00fcr einen ganzheitlichen und gesunden Lebensstil. F\u00fcr jeden gibt es die passende Linie: das \u201eDetox&#8220;-Men\u00fc, eine Entschlackungskur nach einem drei- bis sieben-t\u00e4gigen Plan, um den eigenen K\u00f6rper zu entgiften, das \u201eFresh&#8220;-Men\u00fc, das auf Rohkost und pflanzliche Gerichte basiert, das \u201eSpa&#8220;-Men\u00fc mit leichten, kalorienarmen Optionen f\u00fcr kohlenhydratarme, vegane, glutenfreie oder mediterrane Ern\u00e4hrungsweisen.<\/p>\n<p>Auch die Getr\u00e4nkekarte passt zum Gesamtkonzept. Wer auf Alkohol verzichten m\u00f6chte, entdeckt verf\u00fchrerische Wellness-Mocktails, Smoothies und frische S\u00e4fte, die mit Antioxidantien und Vitaminen angereichert sind, um Immunit\u00e4t und Energie zu steigern. Wem nach einem edlen Tropfen d\u00fcrstet, findet von Sommeliers sorgf\u00e4ltig ausgew\u00e4hlte vegane, biologische, biodynamische und nachhaltig zertifizierte Weine auf der Karte.<\/p>\n<div id=\"attachment_8159\" class=\"wp-caption alignnone\"><img loading=\"lazy\" decoding=\"async\" aria-describedby=\"caption-attachment-8159\" class=\"wp-image-8159 size-large animated\" src=\"https:\/\/www.designreisen.de\/magazin\/wp-content\/uploads\/2023\/04\/Velaa-Private-Island_Pilates-Studio-c-Velaa-Private-Island-4-1024x683.jpg\" alt=\"\" width=\"1024\" height=\"683\" srcset=\"https:\/\/www.designreisen.de\/magazin\/wp-content\/uploads\/2023\/04\/Velaa-Private-Island_Pilates-Studio-c-Velaa-Private-Island-4-1024x683.jpg 1024w, https:\/\/www.designreisen.de\/magazin\/wp-content\/uploads\/2023\/04\/Velaa-Private-Island_Pilates-Studio-c-Velaa-Private-Island-4-450x300.jpg 450w, https:\/\/www.designreisen.de\/magazin\/wp-content\/uploads\/2023\/04\/Velaa-Private-Island_Pilates-Studio-c-Velaa-Private-Island-4-768x512.jpg 768w, https:\/\/www.designreisen.de\/magazin\/wp-content\/uploads\/2023\/04\/Velaa-Private-Island_Pilates-Studio-c-Velaa-Private-Island-4-1536x1024.jpg 1536w, https:\/\/www.designreisen.de\/magazin\/wp-content\/uploads\/2023\/04\/Velaa-Private-Island_Pilates-Studio-c-Velaa-Private-Island-4-2048x1366.jpg 2048w, https:\/\/www.designreisen.de\/magazin\/wp-content\/uploads\/2023\/04\/Velaa-Private-Island_Pilates-Studio-c-Velaa-Private-Island-4-1920x1280.jpg 1920w\" sizes=\"auto, (max-width: 1024px) 100vw, 1024px\" \/><p id=\"caption-attachment-8159\" class=\"wp-caption-text\">Pilates mit professioneller Anleitung \u2013 im Pilates-Reformer-Studio wird auf den neuesten Reformer-Ger\u00e4ten geturnt. \u00a9 Velaa Private Island<\/p><\/div>\n<div id=\"attachment_8161\" class=\"wp-caption alignnone\"><img loading=\"lazy\" decoding=\"async\" aria-describedby=\"caption-attachment-8161\" class=\"wp-image-8161 size-large animated\" src=\"https:\/\/www.designreisen.de\/magazin\/wp-content\/uploads\/2023\/04\/Velaa-Private-Island_Yoga-Pavillon_c-Velaa-Private-Island-9-1024x683.jpg\" alt=\"\" width=\"1024\" height=\"683\" srcset=\"https:\/\/www.designreisen.de\/magazin\/wp-content\/uploads\/2023\/04\/Velaa-Private-Island_Yoga-Pavillon_c-Velaa-Private-Island-9-1024x683.jpg 1024w, https:\/\/www.designreisen.de\/magazin\/wp-content\/uploads\/2023\/04\/Velaa-Private-Island_Yoga-Pavillon_c-Velaa-Private-Island-9-450x300.jpg 450w, https:\/\/www.designreisen.de\/magazin\/wp-content\/uploads\/2023\/04\/Velaa-Private-Island_Yoga-Pavillon_c-Velaa-Private-Island-9-768x512.jpg 768w, https:\/\/www.designreisen.de\/magazin\/wp-content\/uploads\/2023\/04\/Velaa-Private-Island_Yoga-Pavillon_c-Velaa-Private-Island-9-1536x1024.jpg 1536w, https:\/\/www.designreisen.de\/magazin\/wp-content\/uploads\/2023\/04\/Velaa-Private-Island_Yoga-Pavillon_c-Velaa-Private-Island-9-2048x1366.jpg 2048w, https:\/\/www.designreisen.de\/magazin\/wp-content\/uploads\/2023\/04\/Velaa-Private-Island_Yoga-Pavillon_c-Velaa-Private-Island-9-1920x1280.jpg 1920w\" sizes=\"auto, (max-width: 1024px) 100vw, 1024px\" \/><p id=\"caption-attachment-8161\" class=\"wp-caption-text\">Sonnengr\u00fc\u00dfe im Herzen der Insel \u2013 beim Yoga mit Traumblick gelingen die Asanas wie von selbst. \u00a9 Velaa Private Island<\/p><\/div>\n<p><strong>Yoga und Pilates f\u00fcr den Einklang von K\u00f6rper und Geist<\/strong><\/p>\n<p>Wenn das nicht der Traum eines jeden Yogis ist: den Tag mit Sonnengr\u00fc\u00dfen und weiten Blicken in die naturbelassene Umgebung starten. Auch morgendliche Meditation werden im Yoga-Pavillon angeboten und machen den Kopf frei.<\/p>\n<p>Im klimatisierten Pilates-Reformer-Studio warten qualifizierte Yoga- und Pilateslehrer sowie die neuesten Reformer-Ger\u00e4te auf alle, die ihren K\u00f6rper formen und kr\u00e4ftigen wollen. Und last but not least besuchen auch renommierte Wellness- und Gesundheitsexperten aus aller Welt regelm\u00e4\u00dfig die Insel, um das exklusive Angebot ganzheitlicher Wohlf\u00fchlerlebnisse zu vervollst\u00e4ndigen.<\/p>\n<div id=\"attachment_8158\" class=\"wp-caption alignnone\"><img loading=\"lazy\" decoding=\"async\" aria-describedby=\"caption-attachment-8158\" class=\"wp-image-8158 size-large animated\" src=\"https:\/\/www.designreisen.de\/magazin\/wp-content\/uploads\/2023\/04\/Velaa-Private-Island_Over-Water-Villas_Copyright-Velaa-Private-Island-1024x568.jpg\" alt=\"\" width=\"1024\" height=\"568\" srcset=\"https:\/\/www.designreisen.de\/magazin\/wp-content\/uploads\/2023\/04\/Velaa-Private-Island_Over-Water-Villas_Copyright-Velaa-Private-Island-1024x568.jpg 1024w, https:\/\/www.designreisen.de\/magazin\/wp-content\/uploads\/2023\/04\/Velaa-Private-Island_Over-Water-Villas_Copyright-Velaa-Private-Island-450x249.jpg 450w, https:\/\/www.designreisen.de\/magazin\/wp-content\/uploads\/2023\/04\/Velaa-Private-Island_Over-Water-Villas_Copyright-Velaa-Private-Island-768x426.jpg 768w, https:\/\/www.designreisen.de\/magazin\/wp-content\/uploads\/2023\/04\/Velaa-Private-Island_Over-Water-Villas_Copyright-Velaa-Private-Island-1536x851.jpg 1536w, https:\/\/www.designreisen.de\/magazin\/wp-content\/uploads\/2023\/04\/Velaa-Private-Island_Over-Water-Villas_Copyright-Velaa-Private-Island-2048x1135.jpg 2048w, https:\/\/www.designreisen.de\/magazin\/wp-content\/uploads\/2023\/04\/Velaa-Private-Island_Over-Water-Villas_Copyright-Velaa-Private-Island-1920x1064.jpg 1920w\" sizes=\"auto, (max-width: 1024px) 100vw, 1024px\" \/><p id=\"caption-attachment-8158\" class=\"wp-caption-text\">Wellnessen, Schlemmen, Schnorcheln, Tauchen, Tr\u00e4umen \u2013 Velaa Private Island hat alles f\u00fcr einen Luxusurlaub mitten im Indischen Ozean. \u00a9 Velaa Private Island<\/p><\/div>\n<p>Weitere Informationen unter <a href=\"http:\/\/www.velaaprivateisland.com\/\">www.velaaprivateisland.com<\/a>.<\/p>\n","protected":false},"excerpt":{"rendered":"<p>Velaa Private Island Maldives steht f\u00fcr einen exklusiven Traumurlaub. Jetzt toppt das Velaa Wellbeing Village mit allerbesten Behandlungen, Fitness und Yoga alles Bisherige.<\/p>\n","protected":false},"author":33,"featured_media":8160,"comment_status":"open","ping_status":"open","sticky":false,"template":"","format":"standard","meta":{"_acf_changed":false,"footnotes":""},"categories":[84],"tags":[],"class_list":["post-8153","post","type-post","status-publish","format-standard","has-post-thumbnail","hentry","category-my-time-is-my-body"],"acf":[],"yoast_head":"<!-- This site is optimized with the Yoast SEO plugin v27.5 - https:\/\/yoast.com\/product\/yoast-seo-wordpress\/ -->\n<title>Wellness de luxe auf den Malediven - Connection to Paradise | Luxusreiseblog<\/title>\n<meta name=\"robots\" content=\"index, follow, max-snippet:-1, max-image-preview:large, max-video-preview:-1\" \/>\n<link rel=\"canonical\" href=\"https:\/\/www.designreisen.de\/magazin\/wellness-de-luxe-auf-den-malediven\/\" \/>\n<meta property=\"og:locale\" content=\"de_DE\" \/>\n<meta property=\"og:type\" content=\"article\" \/>\n<meta property=\"og:title\" content=\"Wellness de luxe auf den Malediven - Connection to Paradise | Luxusreiseblog\" \/>\n<meta property=\"og:description\" content=\"Velaa Private Island Maldives steht f\u00fcr einen exklusiven Traumurlaub. Jetzt toppt das Velaa Wellbeing Village mit allerbesten Behandlungen, Fitness und Yoga alles Bisherige.\" \/>\n<meta property=\"og:url\" content=\"https:\/\/www.designreisen.de\/magazin\/wellness-de-luxe-auf-den-malediven\/\" \/>\n<meta property=\"og:site_name\" content=\"Connection to Paradise | Luxusreiseblog\" \/>\n<meta property=\"article:publisher\" content=\"https:\/\/www.facebook.com\/Designreisen\/\" \/>\n<meta property=\"article:published_time\" content=\"2023-04-20T11:18:32+00:00\" \/>\n<meta property=\"article:modified_time\" content=\"2023-04-20T11:38:44+00:00\" \/>\n<meta property=\"og:image\" content=\"https:\/\/www.designreisen.de\/magazin\/wp-content\/uploads\/2023\/04\/Velaa-Private-Island_Romantic-Pool-Residence_Copyright-Velaa-Private-Island.jpg\" \/>\n\t<meta property=\"og:image:width\" content=\"1923\" \/>\n\t<meta property=\"og:image:height\" content=\"1440\" \/>\n\t<meta property=\"og:image:type\" content=\"image\/jpeg\" \/>\n<meta name=\"author\" content=\"Carolin Fried\" \/>\n<meta name=\"twitter:card\" content=\"summary_large_image\" \/>\n<meta name=\"twitter:label1\" content=\"Verfasst von\" \/>\n\t<meta name=\"twitter:data1\" content=\"Carolin Fried\" \/>\n\t<meta name=\"twitter:label2\" content=\"Gesch\u00e4tzte Lesezeit\" \/>\n\t<meta name=\"twitter:data2\" content=\"5\u00a0Minuten\" \/>\n<script type=\"application\/ld+json\" class=\"yoast-schema-graph\">{\"@context\":\"https:\\\/\\\/schema.org\",\"@graph\":[{\"@type\":\"Article\",\"@id\":\"https:\\\/\\\/www.designreisen.de\\\/magazin\\\/wellness-de-luxe-auf-den-malediven\\\/#article\",\"isPartOf\":{\"@id\":\"https:\\\/\\\/www.designreisen.de\\\/magazin\\\/wellness-de-luxe-auf-den-malediven\\\/\"},\"author\":{\"name\":\"Carolin Fried\",\"@id\":\"https:\\\/\\\/www.designreisen.de\\\/magazin\\\/#\\\/schema\\\/person\\\/8acf63390f31179074512ede844eeef1\"},\"headline\":\"Wellness de luxe auf den Malediven\",\"datePublished\":\"2023-04-20T11:18:32+00:00\",\"dateModified\":\"2023-04-20T11:38:44+00:00\",\"mainEntityOfPage\":{\"@id\":\"https:\\\/\\\/www.designreisen.de\\\/magazin\\\/wellness-de-luxe-auf-den-malediven\\\/\"},\"wordCount\":688,\"commentCount\":0,\"image\":{\"@id\":\"https:\\\/\\\/www.designreisen.de\\\/magazin\\\/wellness-de-luxe-auf-den-malediven\\\/#primaryimage\"},\"thumbnailUrl\":\"https:\\\/\\\/www.designreisen.de\\\/magazin\\\/wp-content\\\/uploads\\\/2023\\\/04\\\/Velaa-Private-Island_Romantic-Pool-Residence_Copyright-Velaa-Private-Island.jpg\",\"articleSection\":[\"My Body My Soul\"],\"inLanguage\":\"de\",\"potentialAction\":[{\"@type\":\"CommentAction\",\"name\":\"Comment\",\"target\":[\"https:\\\/\\\/www.designreisen.de\\\/magazin\\\/wellness-de-luxe-auf-den-malediven\\\/#respond\"]}]},{\"@type\":\"WebPage\",\"@id\":\"https:\\\/\\\/www.designreisen.de\\\/magazin\\\/wellness-de-luxe-auf-den-malediven\\\/\",\"url\":\"https:\\\/\\\/www.designreisen.de\\\/magazin\\\/wellness-de-luxe-auf-den-malediven\\\/\",\"name\":\"Wellness de luxe auf den Malediven - Connection to Paradise | Luxusreiseblog\",\"isPartOf\":{\"@id\":\"https:\\\/\\\/www.designreisen.de\\\/magazin\\\/#website\"},\"primaryImageOfPage\":{\"@id\":\"https:\\\/\\\/www.designreisen.de\\\/magazin\\\/wellness-de-luxe-auf-den-malediven\\\/#primaryimage\"},\"image\":{\"@id\":\"https:\\\/\\\/www.designreisen.de\\\/magazin\\\/wellness-de-luxe-auf-den-malediven\\\/#primaryimage\"},\"thumbnailUrl\":\"https:\\\/\\\/www.designreisen.de\\\/magazin\\\/wp-content\\\/uploads\\\/2023\\\/04\\\/Velaa-Private-Island_Romantic-Pool-Residence_Copyright-Velaa-Private-Island.jpg\",\"datePublished\":\"2023-04-20T11:18:32+00:00\",\"dateModified\":\"2023-04-20T11:38:44+00:00\",\"author\":{\"@id\":\"https:\\\/\\\/www.designreisen.de\\\/magazin\\\/#\\\/schema\\\/person\\\/8acf63390f31179074512ede844eeef1\"},\"breadcrumb\":{\"@id\":\"https:\\\/\\\/www.designreisen.de\\\/magazin\\\/wellness-de-luxe-auf-den-malediven\\\/#breadcrumb\"},\"inLanguage\":\"de\",\"potentialAction\":[{\"@type\":\"ReadAction\",\"target\":[\"https:\\\/\\\/www.designreisen.de\\\/magazin\\\/wellness-de-luxe-auf-den-malediven\\\/\"]}]},{\"@type\":\"ImageObject\",\"inLanguage\":\"de\",\"@id\":\"https:\\\/\\\/www.designreisen.de\\\/magazin\\\/wellness-de-luxe-auf-den-malediven\\\/#primaryimage\",\"url\":\"https:\\\/\\\/www.designreisen.de\\\/magazin\\\/wp-content\\\/uploads\\\/2023\\\/04\\\/Velaa-Private-Island_Romantic-Pool-Residence_Copyright-Velaa-Private-Island.jpg\",\"contentUrl\":\"https:\\\/\\\/www.designreisen.de\\\/magazin\\\/wp-content\\\/uploads\\\/2023\\\/04\\\/Velaa-Private-Island_Romantic-Pool-Residence_Copyright-Velaa-Private-Island.jpg\",\"width\":1923,\"height\":1440},{\"@type\":\"BreadcrumbList\",\"@id\":\"https:\\\/\\\/www.designreisen.de\\\/magazin\\\/wellness-de-luxe-auf-den-malediven\\\/#breadcrumb\",\"itemListElement\":[{\"@type\":\"ListItem\",\"position\":1,\"name\":\"Home\",\"item\":\"https:\\\/\\\/www.designreisen.de\\\/magazin\\\/\"},{\"@type\":\"ListItem\",\"position\":2,\"name\":\"Wellness de luxe auf den Malediven\"}]},{\"@type\":\"WebSite\",\"@id\":\"https:\\\/\\\/www.designreisen.de\\\/magazin\\\/#website\",\"url\":\"https:\\\/\\\/www.designreisen.de\\\/magazin\\\/\",\"name\":\"Connection to Paradise | Luxusreiseblog\",\"description\":\"Der exklusive Reiseblog von DESIGNREISEN\",\"potentialAction\":[{\"@type\":\"SearchAction\",\"target\":{\"@type\":\"EntryPoint\",\"urlTemplate\":\"https:\\\/\\\/www.designreisen.de\\\/magazin\\\/?s={search_term_string}\"},\"query-input\":{\"@type\":\"PropertyValueSpecification\",\"valueRequired\":true,\"valueName\":\"search_term_string\"}}],\"inLanguage\":\"de\"},{\"@type\":\"Person\",\"@id\":\"https:\\\/\\\/www.designreisen.de\\\/magazin\\\/#\\\/schema\\\/person\\\/8acf63390f31179074512ede844eeef1\",\"name\":\"Carolin Fried\",\"image\":{\"@type\":\"ImageObject\",\"inLanguage\":\"de\",\"@id\":\"https:\\\/\\\/www.designreisen.de\\\/magazin\\\/wp-content\\\/uploads\\\/2019\\\/04\\\/Caro-Fried-e1554902410734-96x96.jpg\",\"url\":\"https:\\\/\\\/www.designreisen.de\\\/magazin\\\/wp-content\\\/uploads\\\/2019\\\/04\\\/Caro-Fried-e1554902410734-96x96.jpg\",\"contentUrl\":\"https:\\\/\\\/www.designreisen.de\\\/magazin\\\/wp-content\\\/uploads\\\/2019\\\/04\\\/Caro-Fried-e1554902410734-96x96.jpg\",\"caption\":\"Carolin Fried\"},\"description\":\"Carolin Fried schreibt seit rund 25 Jahren f\u00fcr Magazine, Blogs und Websites. Ihre Lieblingsthemen sind M\u00fcnchen und Menschen, Wellness, Food und Reisen. Daf\u00fcr ist sie gern unterwegs und immer m\u00f6glichst nah dran am Geschehen. So findet sie immer die richtigen Worte und verwandelt auch trockene Tatsachen in sch\u00f6ne Geschichten.\"}]}<\/script>\n<!-- \/ Yoast SEO plugin. -->","yoast_head_json":{"title":"Wellness de luxe auf den Malediven - Connection to Paradise | Luxusreiseblog","robots":{"index":"index","follow":"follow","max-snippet":"max-snippet:-1","max-image-preview":"max-image-preview:large","max-video-preview":"max-video-preview:-1"},"canonical":"https:\/\/www.designreisen.de\/magazin\/wellness-de-luxe-auf-den-malediven\/","og_locale":"de_DE","og_type":"article","og_title":"Wellness de luxe auf den Malediven - Connection to Paradise | Luxusreiseblog","og_description":"Velaa Private Island Maldives steht f\u00fcr einen exklusiven Traumurlaub. Jetzt toppt das Velaa Wellbeing Village mit allerbesten Behandlungen, Fitness und Yoga alles Bisherige.","og_url":"https:\/\/www.designreisen.de\/magazin\/wellness-de-luxe-auf-den-malediven\/","og_site_name":"Connection to Paradise | Luxusreiseblog","article_publisher":"https:\/\/www.facebook.com\/Designreisen\/","article_published_time":"2023-04-20T11:18:32+00:00","article_modified_time":"2023-04-20T11:38:44+00:00","og_image":[{"width":1923,"height":1440,"url":"https:\/\/www.designreisen.de\/magazin\/wp-content\/uploads\/2023\/04\/Velaa-Private-Island_Romantic-Pool-Residence_Copyright-Velaa-Private-Island.jpg","type":"image\/jpeg"}],"author":"Carolin Fried","twitter_card":"summary_large_image","twitter_misc":{"Verfasst von":"Carolin Fried","Gesch\u00e4tzte Lesezeit":"5\u00a0Minuten"},"schema":{"@context":"https:\/\/schema.org","@graph":[{"@type":"Article","@id":"https:\/\/www.designreisen.de\/magazin\/wellness-de-luxe-auf-den-malediven\/#article","isPartOf":{"@id":"https:\/\/www.designreisen.de\/magazin\/wellness-de-luxe-auf-den-malediven\/"},"author":{"name":"Carolin Fried","@id":"https:\/\/www.designreisen.de\/magazin\/#\/schema\/person\/8acf63390f31179074512ede844eeef1"},"headline":"Wellness de luxe auf den Malediven","datePublished":"2023-04-20T11:18:32+00:00","dateModified":"2023-04-20T11:38:44+00:00","mainEntityOfPage":{"@id":"https:\/\/www.designreisen.de\/magazin\/wellness-de-luxe-auf-den-malediven\/"},"wordCount":688,"commentCount":0,"image":{"@id":"https:\/\/www.designreisen.de\/magazin\/wellness-de-luxe-auf-den-malediven\/#primaryimage"},"thumbnailUrl":"https:\/\/www.designreisen.de\/magazin\/wp-content\/uploads\/2023\/04\/Velaa-Private-Island_Romantic-Pool-Residence_Copyright-Velaa-Private-Island.jpg","articleSection":["My Body My Soul"],"inLanguage":"de","potentialAction":[{"@type":"CommentAction","name":"Comment","target":["https:\/\/www.designreisen.de\/magazin\/wellness-de-luxe-auf-den-malediven\/#respond"]}]},{"@type":"WebPage","@id":"https:\/\/www.designreisen.de\/magazin\/wellness-de-luxe-auf-den-malediven\/","url":"https:\/\/www.designreisen.de\/magazin\/wellness-de-luxe-auf-den-malediven\/","name":"Wellness de luxe auf den Malediven - Connection to Paradise | Luxusreiseblog","isPartOf":{"@id":"https:\/\/www.designreisen.de\/magazin\/#website"},"primaryImageOfPage":{"@id":"https:\/\/www.designreisen.de\/magazin\/wellness-de-luxe-auf-den-malediven\/#primaryimage"},"image":{"@id":"https:\/\/www.designreisen.de\/magazin\/wellness-de-luxe-auf-den-malediven\/#primaryimage"},"thumbnailUrl":"https:\/\/www.designreisen.de\/magazin\/wp-content\/uploads\/2023\/04\/Velaa-Private-Island_Romantic-Pool-Residence_Copyright-Velaa-Private-Island.jpg","datePublished":"2023-04-20T11:18:32+00:00","dateModified":"2023-04-20T11:38:44+00:00","author":{"@id":"https:\/\/www.designreisen.de\/magazin\/#\/schema\/person\/8acf63390f31179074512ede844eeef1"},"breadcrumb":{"@id":"https:\/\/www.designreisen.de\/magazin\/wellness-de-luxe-auf-den-malediven\/#breadcrumb"},"inLanguage":"de","potentialAction":[{"@type":"ReadAction","target":["https:\/\/www.designreisen.de\/magazin\/wellness-de-luxe-auf-den-malediven\/"]}]},{"@type":"ImageObject","inLanguage":"de","@id":"https:\/\/www.designreisen.de\/magazin\/wellness-de-luxe-auf-den-malediven\/#primaryimage","url":"https:\/\/www.designreisen.de\/magazin\/wp-content\/uploads\/2023\/04\/Velaa-Private-Island_Romantic-Pool-Residence_Copyright-Velaa-Private-Island.jpg","contentUrl":"https:\/\/www.designreisen.de\/magazin\/wp-content\/uploads\/2023\/04\/Velaa-Private-Island_Romantic-Pool-Residence_Copyright-Velaa-Private-Island.jpg","width":1923,"height":1440},{"@type":"BreadcrumbList","@id":"https:\/\/www.designreisen.de\/magazin\/wellness-de-luxe-auf-den-malediven\/#breadcrumb","itemListElement":[{"@type":"ListItem","position":1,"name":"Home","item":"https:\/\/www.designreisen.de\/magazin\/"},{"@type":"ListItem","position":2,"name":"Wellness de luxe auf den Malediven"}]},{"@type":"WebSite","@id":"https:\/\/www.designreisen.de\/magazin\/#website","url":"https:\/\/www.designreisen.de\/magazin\/","name":"Connection to Paradise | Luxusreiseblog","description":"Der exklusive Reiseblog von DESIGNREISEN","potentialAction":[{"@type":"SearchAction","target":{"@type":"EntryPoint","urlTemplate":"https:\/\/www.designreisen.de\/magazin\/?s={search_term_string}"},"query-input":{"@type":"PropertyValueSpecification","valueRequired":true,"valueName":"search_term_string"}}],"inLanguage":"de"},{"@type":"Person","@id":"https:\/\/www.designreisen.de\/magazin\/#\/schema\/person\/8acf63390f31179074512ede844eeef1","name":"Carolin Fried","image":{"@type":"ImageObject","inLanguage":"de","@id":"https:\/\/www.designreisen.de\/magazin\/wp-content\/uploads\/2019\/04\/Caro-Fried-e1554902410734-96x96.jpg","url":"https:\/\/www.designreisen.de\/magazin\/wp-content\/uploads\/2019\/04\/Caro-Fried-e1554902410734-96x96.jpg","contentUrl":"https:\/\/www.designreisen.de\/magazin\/wp-content\/uploads\/2019\/04\/Caro-Fried-e1554902410734-96x96.jpg","caption":"Carolin Fried"},"description":"Carolin Fried schreibt seit rund 25 Jahren f\u00fcr Magazine, Blogs und Websites. Ihre Lieblingsthemen sind M\u00fcnchen und Menschen, Wellness, Food und Reisen. Daf\u00fcr ist sie gern unterwegs und immer m\u00f6glichst nah dran am Geschehen. So findet sie immer die richtigen Worte und verwandelt auch trockene Tatsachen in sch\u00f6ne Geschichten."}]}},"_links":{"self":[{"href":"https:\/\/www.designreisen.de\/magazin\/wp-json\/wp\/v2\/posts\/8153","targetHints":{"allow":["GET"]}}],"collection":[{"href":"https:\/\/www.designreisen.de\/magazin\/wp-json\/wp\/v2\/posts"}],"about":[{"href":"https:\/\/www.designreisen.de\/magazin\/wp-json\/wp\/v2\/types\/post"}],"author":[{"embeddable":true,"href":"https:\/\/www.designreisen.de\/magazin\/wp-json\/wp\/v2\/users\/33"}],"replies":[{"embeddable":true,"href":"https:\/\/www.designreisen.de\/magazin\/wp-json\/wp\/v2\/comments?post=8153"}],"version-history":[{"count":14,"href":"https:\/\/www.designreisen.de\/magazin\/wp-json\/wp\/v2\/posts\/8153\/revisions"}],"predecessor-version":[{"id":8175,"href":"https:\/\/www.designreisen.de\/magazin\/wp-json\/wp\/v2\/posts\/8153\/revisions\/8175"}],"wp:featuredmedia":[{"embeddable":true,"href":"https:\/\/www.designreisen.de\/magazin\/wp-json\/wp\/v2\/media\/8160"}],"wp:attachment":[{"href":"https:\/\/www.designreisen.de\/magazin\/wp-json\/wp\/v2\/media?parent=8153"}],"wp:term":[{"taxonomy":"category","embeddable":true,"href":"https:\/\/www.designreisen.de\/magazin\/wp-json\/wp\/v2\/categories?post=8153"},{"taxonomy":"post_tag","embeddable":true,"href":"https:\/\/www.designreisen.de\/magazin\/wp-json\/wp\/v2\/tags?post=8153"}],"curies":[{"name":"wp","href":"https:\/\/api.w.org\/{rel}","templated":true}]}}