{"id":918,"date":"2016-03-30T16:41:58","date_gmt":"2016-03-30T14:41:58","guid":{"rendered":"http:\/\/merkur.star-dust-media.de\/?p=918"},"modified":"2023-08-07T13:14:19","modified_gmt":"2023-08-07T11:14:19","slug":"hotel-cap-rocat-luxus-des-wesentlichen","status":"publish","type":"post","link":"https:\/\/www.designreisen.de\/magazin\/hotel-cap-rocat-luxus-des-wesentlichen\/","title":{"rendered":"Cap Rocat: Luxus des Wesentlichen"},"content":{"rendered":"<p><b>Dass man vom <a href=\"https:\/\/www.designreisen.de\/luxusreisen\/mallorca-cap-rocat\/\">Hotel Cap Rocat<\/a> einen herrlichen Ausblick hat, ist kein Zufall. Das luxuri\u00f6se F\u00fcnf-Sterne-Haus residiert in einer\u00a0ehemaligen Milit\u00e4rfestung, einst angelegt, um vom Rand der Steilk\u00fcste die Bucht von Palma de Mallorca zu kontrollieren und zu verteidigen. Von 1898 bis 1903 entstanden Festung und Burg mit Schie\u00dfscharten, die Eindringlinge abschrecken sollten. Nun hat man hier als Gast das Privileg, das Panorama und den aufs Wesentliche reduzierten Luxus zu genie\u00dfen \u2013 und zwar ganz zivil.<\/b><\/p>\n<p>&nbsp;<\/p>\n<p>Es gibt viele Hotels, die mit historischen Flair bestechen. Doch nur wenige reichen an jene einzigartige Atmosph\u00e4re heran, die im <a href=\"https:\/\/www.designreisen.de\/luxusreisen\/mallorca-cap-rocat\/\">Cap Rocat<\/a> auf Mallorca, unweit der Hauptstadt Palma, herrscht. Die einstige Milit\u00e4rfestung wurde behutsam renoviert, ohne dass die urspr\u00fcngliche Architektur ver\u00e4ndert wurde. Wo fr\u00fcher Kanonen und Haubitzen standen, sind nun Fr\u00fchst\u00fccksterrassen zu finden. Wo vor 100 Jahren die Pritschen der Soldaten standen, schlafen die G\u00e4ste heute auf gro\u00dfen Himmelbetten unter uralten Rundb\u00f6gen. Und so atmen die alten Gem\u00e4uer im Cap Rocat nach wie vor ein St\u00fcck <a href=\"https:\/\/www.mallorca-majorca.de\/geschichte-mallorca.php\" target=\"_blank\" rel=\"noopener noreferrer\">Geschichte Mallorcas<\/a>.<\/p>\n<p>&nbsp;<\/p>\n<div class=\"wp-block-button has-custom-width wp-block-button__width-50 has-custom-font-size is-style-outline has-medium-font-size\" style=\"text-align: center;\"><a class=\"wp-block-button__link has-white-color has-text-color has-background has-text-align-center wp-element-button\" style=\"border-radius: 0px;background-color:#aa8055\"href=\"https:\/\/www.designreisen.de\/luxusreisen\/mallorca-cap-rocat\/\" style=\"border-radius: 0px;\">Erfahren Sie mehr \u00fcber das beeindruckende Cap Rocat<\/a><\/div>\n<p>&nbsp;<\/p>\n<h3>Nomadenteppich tritt auf Naturstein: Das Interieur im Cap Rocat<\/h3>\n<p><img loading=\"lazy\" decoding=\"async\" class=\"aligncenter wp-image-921 animated\" src=\"https:\/\/blog.designreisen.de\/wp-content\/uploads\/2016\/03\/Cap-Rocat-Mallorca.jpg\" alt=\"Cap Rocat Mallorca\" width=\"713\" height=\"458\" srcset=\"https:\/\/www.designreisen.de\/magazin\/wp-content\/uploads\/2016\/03\/Cap-Rocat-Mallorca.jpg 750w, https:\/\/www.designreisen.de\/magazin\/wp-content\/uploads\/2016\/03\/Cap-Rocat-Mallorca-300x193.jpg 300w, https:\/\/www.designreisen.de\/magazin\/wp-content\/uploads\/2016\/03\/Cap-Rocat-Mallorca-768x494.jpg 768w, https:\/\/www.designreisen.de\/magazin\/wp-content\/uploads\/2016\/03\/Cap-Rocat-Mallorca-1024x658.jpg 1024w\" sizes=\"auto, (max-width: 713px) 100vw, 713px\" \/><\/p>\n<p>&nbsp;<\/p>\n<p>Wer glaubt, in einer Festung zu residieren, bedeute Enge und Dunkelheit, der irrt. Die 24 Suiten im <a href=\"https:\/\/www.designreisen.de\/luxusreisen\/mallorca-cap-rocat\/\">Hotel Cap Rocat<\/a> sind gro\u00dfz\u00fcgig geschnitten, von heller, luftiger Architektur und bieten ein imposantes Panorama. Das Interieur besticht wiederum durch rustikal mediterran-mallorquinisches Flair:\u00a0 Da treffen Nomadenteppiche und bunte Stoffe auf Naturstein und freistehende Badewannen, frische Blumen und zeitgen\u00f6ssische Fotografien auf unbehandelte H\u00f6lzer. Es ist der geschmackvolle, zur\u00fcckhaltende Luxus, der das Cap Rocat ausmacht. Prunk und Protz sucht man hier vergebens.<\/p>\n<p>&nbsp;<\/p>\n<h3>Hotel Cap Rocat: Gourmet-Kreationen und Dinner am Meer<\/h3>\n<p>Luxus des Wesentlichen \u2013 das ist auch das Credo, das im Gourmet-Restaurant \u201eLa Fortaleza\u201c herrscht. Chef de Cuisine ist Victor Garcia, der leichte, mediterran inspirierte Kreationen serviert. Zu dem Pl\u00e4tschern des Springbrunnens genie\u00dft man im Innenhof des Hotels Kompositionen aus regionalen Zutaten wie \u201eThunfischfilet mit Zuckerbohnen und Seegras\u201c oder \u201eLammschulter mit Chrivia-Karotten und Spinat\u201c. Wer sich auch w\u00e4hrend des Dinners nicht von dem Meerblick losrei\u00dfen mag, dem sei das Open Air-Restaurant \u201eSea Club\u201c empfohlen. Hier speist man rustikale mallorquinische Spezialit\u00e4ten in atemberaubender Kulisse direkt am Meer.<\/p>\n<p>&nbsp;<\/p>\n<h3>Ein Infinity-Pool hoch \u00fcber dem Mittelmeer<\/h3>\n<p>&nbsp;<\/p>\n<p><img loading=\"lazy\" decoding=\"async\" class=\"aligncenter wp-image-923 animated\" src=\"https:\/\/blog.designreisen.de\/wp-content\/uploads\/2016\/03\/Cap-Rocat-Pool.jpg\" alt=\"Hotel Cap Rocat Pool\" width=\"713\" height=\"458\" srcset=\"https:\/\/www.designreisen.de\/magazin\/wp-content\/uploads\/2016\/03\/Cap-Rocat-Pool.jpg 750w, https:\/\/www.designreisen.de\/magazin\/wp-content\/uploads\/2016\/03\/Cap-Rocat-Pool-300x193.jpg 300w, https:\/\/www.designreisen.de\/magazin\/wp-content\/uploads\/2016\/03\/Cap-Rocat-Pool-768x494.jpg 768w, https:\/\/www.designreisen.de\/magazin\/wp-content\/uploads\/2016\/03\/Cap-Rocat-Pool-1024x658.jpg 1024w\" sizes=\"auto, (max-width: 713px) 100vw, 713px\" \/><\/p>\n<p>Besonders eindrucksvoll ist die El Cabo Suite mit eigenem Pool, drei Terrassen und einem Maximum an Privatsph\u00e4re. Die kleine Dachterrasse hoch oben ist der wohl sch\u00f6nste Platz im Ensemble des <a href=\"https:\/\/www.designreisen.de\/luxusreisen\/mallorca-cap-rocat\/\">Cap Rocat<\/a>, der private Pool erinnert an eine Zisterne. Selbstverst\u00e4ndlich bietet das luxuri\u00f6se Hotel auch jenen G\u00e4sten, die nicht in der El Cabo Suite eingecheckt haben, einen Pool. Sogar einen der sch\u00f6nsten Infinity-Pools der Insel \u2013 und zwar hoch \u00fcber dem Mittelmeer.<\/p>\n<p>\u00dcber eine steile Treppe erreicht man wiederum den wundersch\u00f6nen Privatstrand. Der Aufstieg hinauf zum Hotel ersetzt nach einem langen Strandtag den Besuch im (nicht vorhandenen) Fitnessstudio. Wie praktisch.<\/p>\n<p>&nbsp;<\/p>\n<h3>Private Spa-Behandlungen auf der Suite<\/h3>\n<p>Alternativ verausgabt man sich sportlich auf dem hoteleigenen Tennisplatz. Die \u00fcblichen Wassersportaktivit\u00e4ten k\u00f6nnen ebenfalls vom Hotel organisiert werden. \u00dcber ein eigenes Spa verf\u00fcgt das Hotel Cap Rocat nicht. Dieser Umstand ist vor allem der historischen Architektur geschuldet. Daf\u00fcr k\u00f6nnen die G\u00e4ste feine, private Ayurveda-Anwendungen, Beauty-Treatments oder Massagen in der eigenen Suite genie\u00dfen.<\/p>\n<p>&nbsp;<\/p>\n<h3>Cap Rocat: Eine Festung der Ruhe<\/h3>\n<p><img loading=\"lazy\" decoding=\"async\" class=\"alignnone wp-image-924 animated\" src=\"https:\/\/blog.designreisen.de\/wp-content\/uploads\/2016\/03\/Pasillos-Cap-Rocat.jpg\" alt=\"Pasillos Cap Rocat\" width=\"713\" height=\"458\" srcset=\"https:\/\/www.designreisen.de\/magazin\/wp-content\/uploads\/2016\/03\/Pasillos-Cap-Rocat.jpg 750w, https:\/\/www.designreisen.de\/magazin\/wp-content\/uploads\/2016\/03\/Pasillos-Cap-Rocat-300x193.jpg 300w, https:\/\/www.designreisen.de\/magazin\/wp-content\/uploads\/2016\/03\/Pasillos-Cap-Rocat-768x494.jpg 768w, https:\/\/www.designreisen.de\/magazin\/wp-content\/uploads\/2016\/03\/Pasillos-Cap-Rocat-1024x658.jpg 1024w\" sizes=\"auto, (max-width: 713px) 100vw, 713px\" \/><\/p>\n<p>&nbsp;<\/p>\n<p>Doch man kommt wohl ohnehin nicht mit dem Wunsch nach Wellness oder Funsport ins <a href=\"https:\/\/www.designreisen.de\/luxusreisen\/mallorca-cap-rocat\/\">Cap Rocat<\/a>, sondern wegen der einzigartigen Atmosph\u00e4re und Privatheit, die man hier genie\u00dft. Aus gutem Grund sind Kinder unter 16 Jahren in dem Luxus-Hotel nicht gestattet. Auch, weil die Architektur f\u00fcr sie nicht geeignet ist. Stattdessen steht einem stets das unaufdringliche Service-Personal zur Seite \u2013 und auch das nur dann, wenn es gew\u00fcnscht ist. Ansonsten genie\u00dft man im Cap Rocat zauberhafte Zweisamkeit und entflieht in dieser Festung der Ruhe einen Urlaub lang dem Alltag.<\/p>\n<p>&nbsp;<\/p>\n<div class=\"wp-block-button has-custom-width wp-block-button__width-50 has-custom-font-size is-style-outline has-medium-font-size\" style=\"text-align: center;\"><a class=\"wp-block-button__link has-white-color has-text-color has-background has-text-align-center wp-element-button\" style=\"border-radius: 0px;background-color:#aa8055\"href=\"https:\/\/www.designreisen.de\/luxusreisen\/mallorca-cap-rocat\/\" style=\"border-radius: 0px;\">Traumhaft luxuri\u00f6s: Das Cap Rocat auf Mallorca<\/a><\/div>\n","protected":false},"excerpt":{"rendered":"<p>Dass man vom Hotel Cap Rocat einen herrlichen Ausblick hat, ist kein Zufall. Das luxuri\u00f6se F\u00fcnf-Sterne-Haus residiert in einer\u00a0ehemaligen Milit\u00e4rfestung, einst angelegt, um vom Rand der Steilk\u00fcste die Bucht von Palma de Mallorca zu kontrollieren und zu verteidigen. Von 1898 bis 1903 entstanden Festung und Burg mit Schie\u00dfscharten, die Eindringlinge abschrecken sollten. Nun hat man [&hellip;]<\/p>\n","protected":false},"author":3,"featured_media":920,"comment_status":"open","ping_status":"open","sticky":false,"template":"","format":"standard","meta":{"_acf_changed":false,"footnotes":""},"categories":[37,194],"tags":[64,95,97],"class_list":["post-918","post","type-post","status-publish","format-standard","has-post-thumbnail","hentry","category-hotels","category-places-to-be","tag-europa","tag-mallorca","tag-spanien"],"acf":[],"yoast_head":"<!-- This site is optimized with the Yoast SEO plugin v27.5 - https:\/\/yoast.com\/product\/yoast-seo-wordpress\/ -->\n<title>Hotel Cap Rocat - Eine Festung der Ruhe auf Mallorca<\/title>\n<meta name=\"description\" content=\"Viele Hotels bestechen mit historischen Flair. Doch nur wenige reichen an die einzigartige Atmosph\u00e4re heran, die im Hotel Cap Rocat auf Mallorca herrscht.\" \/>\n<meta name=\"robots\" content=\"index, follow, max-snippet:-1, max-image-preview:large, max-video-preview:-1\" \/>\n<link rel=\"canonical\" href=\"https:\/\/www.designreisen.de\/magazin\/hotel-cap-rocat-luxus-des-wesentlichen\/\" \/>\n<meta property=\"og:locale\" content=\"de_DE\" \/>\n<meta property=\"og:type\" content=\"article\" \/>\n<meta property=\"og:title\" content=\"Hotel Cap Rocat - Eine Festung der Ruhe auf Mallorca\" \/>\n<meta property=\"og:description\" content=\"Viele Hotels bestechen mit historischen Flair. Doch nur wenige reichen an die einzigartige Atmosph\u00e4re heran, die im Hotel Cap Rocat auf Mallorca herrscht.\" \/>\n<meta property=\"og:url\" content=\"https:\/\/www.designreisen.de\/magazin\/hotel-cap-rocat-luxus-des-wesentlichen\/\" \/>\n<meta property=\"og:site_name\" content=\"Connection to Paradise | Luxusreiseblog\" \/>\n<meta property=\"article:publisher\" content=\"https:\/\/www.facebook.com\/Designreisen\/\" \/>\n<meta property=\"article:published_time\" content=\"2016-03-30T14:41:58+00:00\" \/>\n<meta property=\"article:modified_time\" content=\"2023-08-07T11:14:19+00:00\" \/>\n<meta property=\"og:image\" content=\"https:\/\/www.designreisen.de\/magazin\/wp-content\/uploads\/2016\/03\/CapRocat-Eingang-e1475231329992.jpg\" \/>\n\t<meta property=\"og:image:width\" content=\"750\" \/>\n\t<meta property=\"og:image:height\" content=\"500\" \/>\n\t<meta property=\"og:image:type\" content=\"image\/jpeg\" \/>\n<meta name=\"author\" content=\"Friederike Hintze\" \/>\n<meta name=\"twitter:card\" content=\"summary_large_image\" \/>\n<meta name=\"twitter:label1\" content=\"Verfasst von\" \/>\n\t<meta name=\"twitter:data1\" content=\"Friederike Hintze\" \/>\n\t<meta name=\"twitter:label2\" content=\"Gesch\u00e4tzte Lesezeit\" \/>\n\t<meta name=\"twitter:data2\" content=\"5\u00a0Minuten\" \/>\n<script type=\"application\/ld+json\" class=\"yoast-schema-graph\">{\"@context\":\"https:\\\/\\\/schema.org\",\"@graph\":[{\"@type\":\"Article\",\"@id\":\"https:\\\/\\\/www.designreisen.de\\\/magazin\\\/hotel-cap-rocat-luxus-des-wesentlichen\\\/#article\",\"isPartOf\":{\"@id\":\"https:\\\/\\\/www.designreisen.de\\\/magazin\\\/hotel-cap-rocat-luxus-des-wesentlichen\\\/\"},\"author\":{\"name\":\"Friederike Hintze\",\"@id\":\"https:\\\/\\\/www.designreisen.de\\\/magazin\\\/#\\\/schema\\\/person\\\/00e9db2a1f275fa0b2868be078a0e8be\"},\"headline\":\"Cap Rocat: Luxus des Wesentlichen\",\"datePublished\":\"2016-03-30T14:41:58+00:00\",\"dateModified\":\"2023-08-07T11:14:19+00:00\",\"mainEntityOfPage\":{\"@id\":\"https:\\\/\\\/www.designreisen.de\\\/magazin\\\/hotel-cap-rocat-luxus-des-wesentlichen\\\/\"},\"wordCount\":671,\"commentCount\":0,\"image\":{\"@id\":\"https:\\\/\\\/www.designreisen.de\\\/magazin\\\/hotel-cap-rocat-luxus-des-wesentlichen\\\/#primaryimage\"},\"thumbnailUrl\":\"https:\\\/\\\/www.designreisen.de\\\/magazin\\\/wp-content\\\/uploads\\\/2016\\\/03\\\/CapRocat-Eingang-e1475231329992.jpg\",\"keywords\":[\"Europa\",\"mallorca\",\"spanien\"],\"articleSection\":[\"Hotels\",\"Places To Be\"],\"inLanguage\":\"de\",\"potentialAction\":[{\"@type\":\"CommentAction\",\"name\":\"Comment\",\"target\":[\"https:\\\/\\\/www.designreisen.de\\\/magazin\\\/hotel-cap-rocat-luxus-des-wesentlichen\\\/#respond\"]}]},{\"@type\":\"WebPage\",\"@id\":\"https:\\\/\\\/www.designreisen.de\\\/magazin\\\/hotel-cap-rocat-luxus-des-wesentlichen\\\/\",\"url\":\"https:\\\/\\\/www.designreisen.de\\\/magazin\\\/hotel-cap-rocat-luxus-des-wesentlichen\\\/\",\"name\":\"Hotel Cap Rocat - Eine Festung der Ruhe auf Mallorca\",\"isPartOf\":{\"@id\":\"https:\\\/\\\/www.designreisen.de\\\/magazin\\\/#website\"},\"primaryImageOfPage\":{\"@id\":\"https:\\\/\\\/www.designreisen.de\\\/magazin\\\/hotel-cap-rocat-luxus-des-wesentlichen\\\/#primaryimage\"},\"image\":{\"@id\":\"https:\\\/\\\/www.designreisen.de\\\/magazin\\\/hotel-cap-rocat-luxus-des-wesentlichen\\\/#primaryimage\"},\"thumbnailUrl\":\"https:\\\/\\\/www.designreisen.de\\\/magazin\\\/wp-content\\\/uploads\\\/2016\\\/03\\\/CapRocat-Eingang-e1475231329992.jpg\",\"datePublished\":\"2016-03-30T14:41:58+00:00\",\"dateModified\":\"2023-08-07T11:14:19+00:00\",\"author\":{\"@id\":\"https:\\\/\\\/www.designreisen.de\\\/magazin\\\/#\\\/schema\\\/person\\\/00e9db2a1f275fa0b2868be078a0e8be\"},\"description\":\"Viele Hotels bestechen mit historischen Flair. Doch nur wenige reichen an die einzigartige Atmosph\u00e4re heran, die im Hotel Cap Rocat auf Mallorca herrscht.\",\"breadcrumb\":{\"@id\":\"https:\\\/\\\/www.designreisen.de\\\/magazin\\\/hotel-cap-rocat-luxus-des-wesentlichen\\\/#breadcrumb\"},\"inLanguage\":\"de\",\"potentialAction\":[{\"@type\":\"ReadAction\",\"target\":[\"https:\\\/\\\/www.designreisen.de\\\/magazin\\\/hotel-cap-rocat-luxus-des-wesentlichen\\\/\"]}]},{\"@type\":\"ImageObject\",\"inLanguage\":\"de\",\"@id\":\"https:\\\/\\\/www.designreisen.de\\\/magazin\\\/hotel-cap-rocat-luxus-des-wesentlichen\\\/#primaryimage\",\"url\":\"https:\\\/\\\/www.designreisen.de\\\/magazin\\\/wp-content\\\/uploads\\\/2016\\\/03\\\/CapRocat-Eingang-e1475231329992.jpg\",\"contentUrl\":\"https:\\\/\\\/www.designreisen.de\\\/magazin\\\/wp-content\\\/uploads\\\/2016\\\/03\\\/CapRocat-Eingang-e1475231329992.jpg\",\"width\":750,\"height\":500,\"caption\":\"CapRocat Eingang\"},{\"@type\":\"BreadcrumbList\",\"@id\":\"https:\\\/\\\/www.designreisen.de\\\/magazin\\\/hotel-cap-rocat-luxus-des-wesentlichen\\\/#breadcrumb\",\"itemListElement\":[{\"@type\":\"ListItem\",\"position\":1,\"name\":\"Home\",\"item\":\"https:\\\/\\\/www.designreisen.de\\\/magazin\\\/\"},{\"@type\":\"ListItem\",\"position\":2,\"name\":\"Cap Rocat: Luxus des Wesentlichen\"}]},{\"@type\":\"WebSite\",\"@id\":\"https:\\\/\\\/www.designreisen.de\\\/magazin\\\/#website\",\"url\":\"https:\\\/\\\/www.designreisen.de\\\/magazin\\\/\",\"name\":\"Connection to Paradise | Luxusreiseblog\",\"description\":\"Der exklusive Reiseblog von DESIGNREISEN\",\"potentialAction\":[{\"@type\":\"SearchAction\",\"target\":{\"@type\":\"EntryPoint\",\"urlTemplate\":\"https:\\\/\\\/www.designreisen.de\\\/magazin\\\/?s={search_term_string}\"},\"query-input\":{\"@type\":\"PropertyValueSpecification\",\"valueRequired\":true,\"valueName\":\"search_term_string\"}}],\"inLanguage\":\"de\"},{\"@type\":\"Person\",\"@id\":\"https:\\\/\\\/www.designreisen.de\\\/magazin\\\/#\\\/schema\\\/person\\\/00e9db2a1f275fa0b2868be078a0e8be\",\"name\":\"Friederike Hintze\",\"image\":{\"@type\":\"ImageObject\",\"inLanguage\":\"de\",\"@id\":\"https:\\\/\\\/secure.gravatar.com\\\/avatar\\\/ad516503a11cd5ca435acc9bb6523536?s=96\",\"url\":\"https:\\\/\\\/secure.gravatar.com\\\/avatar\\\/ad516503a11cd5ca435acc9bb6523536?s=96\",\"contentUrl\":\"https:\\\/\\\/secure.gravatar.com\\\/avatar\\\/ad516503a11cd5ca435acc9bb6523536?s=96\",\"caption\":\"Friederike Hintze\"},\"description\":\"Seit vielen Jahren arbeitet Friederike Hintze als Journalistin in den Bereichen Lifestyle, Reise und Beauty, gr\u00fcndete Ende 2014 sogar ihren eigenen Blog Louise et H\u00e9l\u00e8ne. Die Wahl-Berlinerin reist gerne, liebt Italien, den Wein und das Essen (zu ihrem Gl\u00fcck) das Joggen. Vor allem Morgens, wenn die Stadt noch schl\u00e4ft und die Stimmung etwas Erhabenes hat. Dann, so findet Friederike Hintze, zeigt Berlin sich von der sch\u00f6nsten Seite.\"}]}<\/script>\n<!-- \/ Yoast SEO plugin. -->","yoast_head_json":{"title":"Hotel Cap Rocat - Eine Festung der Ruhe auf Mallorca","description":"Viele Hotels bestechen mit historischen Flair. Doch nur wenige reichen an die einzigartige Atmosph\u00e4re heran, die im Hotel Cap Rocat auf Mallorca herrscht.","robots":{"index":"index","follow":"follow","max-snippet":"max-snippet:-1","max-image-preview":"max-image-preview:large","max-video-preview":"max-video-preview:-1"},"canonical":"https:\/\/www.designreisen.de\/magazin\/hotel-cap-rocat-luxus-des-wesentlichen\/","og_locale":"de_DE","og_type":"article","og_title":"Hotel Cap Rocat - Eine Festung der Ruhe auf Mallorca","og_description":"Viele Hotels bestechen mit historischen Flair. Doch nur wenige reichen an die einzigartige Atmosph\u00e4re heran, die im Hotel Cap Rocat auf Mallorca herrscht.","og_url":"https:\/\/www.designreisen.de\/magazin\/hotel-cap-rocat-luxus-des-wesentlichen\/","og_site_name":"Connection to Paradise | Luxusreiseblog","article_publisher":"https:\/\/www.facebook.com\/Designreisen\/","article_published_time":"2016-03-30T14:41:58+00:00","article_modified_time":"2023-08-07T11:14:19+00:00","og_image":[{"width":750,"height":500,"url":"https:\/\/www.designreisen.de\/magazin\/wp-content\/uploads\/2016\/03\/CapRocat-Eingang-e1475231329992.jpg","type":"image\/jpeg"}],"author":"Friederike Hintze","twitter_card":"summary_large_image","twitter_misc":{"Verfasst von":"Friederike Hintze","Gesch\u00e4tzte Lesezeit":"5\u00a0Minuten"},"schema":{"@context":"https:\/\/schema.org","@graph":[{"@type":"Article","@id":"https:\/\/www.designreisen.de\/magazin\/hotel-cap-rocat-luxus-des-wesentlichen\/#article","isPartOf":{"@id":"https:\/\/www.designreisen.de\/magazin\/hotel-cap-rocat-luxus-des-wesentlichen\/"},"author":{"name":"Friederike Hintze","@id":"https:\/\/www.designreisen.de\/magazin\/#\/schema\/person\/00e9db2a1f275fa0b2868be078a0e8be"},"headline":"Cap Rocat: Luxus des Wesentlichen","datePublished":"2016-03-30T14:41:58+00:00","dateModified":"2023-08-07T11:14:19+00:00","mainEntityOfPage":{"@id":"https:\/\/www.designreisen.de\/magazin\/hotel-cap-rocat-luxus-des-wesentlichen\/"},"wordCount":671,"commentCount":0,"image":{"@id":"https:\/\/www.designreisen.de\/magazin\/hotel-cap-rocat-luxus-des-wesentlichen\/#primaryimage"},"thumbnailUrl":"https:\/\/www.designreisen.de\/magazin\/wp-content\/uploads\/2016\/03\/CapRocat-Eingang-e1475231329992.jpg","keywords":["Europa","mallorca","spanien"],"articleSection":["Hotels","Places To Be"],"inLanguage":"de","potentialAction":[{"@type":"CommentAction","name":"Comment","target":["https:\/\/www.designreisen.de\/magazin\/hotel-cap-rocat-luxus-des-wesentlichen\/#respond"]}]},{"@type":"WebPage","@id":"https:\/\/www.designreisen.de\/magazin\/hotel-cap-rocat-luxus-des-wesentlichen\/","url":"https:\/\/www.designreisen.de\/magazin\/hotel-cap-rocat-luxus-des-wesentlichen\/","name":"Hotel Cap Rocat - Eine Festung der Ruhe auf Mallorca","isPartOf":{"@id":"https:\/\/www.designreisen.de\/magazin\/#website"},"primaryImageOfPage":{"@id":"https:\/\/www.designreisen.de\/magazin\/hotel-cap-rocat-luxus-des-wesentlichen\/#primaryimage"},"image":{"@id":"https:\/\/www.designreisen.de\/magazin\/hotel-cap-rocat-luxus-des-wesentlichen\/#primaryimage"},"thumbnailUrl":"https:\/\/www.designreisen.de\/magazin\/wp-content\/uploads\/2016\/03\/CapRocat-Eingang-e1475231329992.jpg","datePublished":"2016-03-30T14:41:58+00:00","dateModified":"2023-08-07T11:14:19+00:00","author":{"@id":"https:\/\/www.designreisen.de\/magazin\/#\/schema\/person\/00e9db2a1f275fa0b2868be078a0e8be"},"description":"Viele Hotels bestechen mit historischen Flair. Doch nur wenige reichen an die einzigartige Atmosph\u00e4re heran, die im Hotel Cap Rocat auf Mallorca herrscht.","breadcrumb":{"@id":"https:\/\/www.designreisen.de\/magazin\/hotel-cap-rocat-luxus-des-wesentlichen\/#breadcrumb"},"inLanguage":"de","potentialAction":[{"@type":"ReadAction","target":["https:\/\/www.designreisen.de\/magazin\/hotel-cap-rocat-luxus-des-wesentlichen\/"]}]},{"@type":"ImageObject","inLanguage":"de","@id":"https:\/\/www.designreisen.de\/magazin\/hotel-cap-rocat-luxus-des-wesentlichen\/#primaryimage","url":"https:\/\/www.designreisen.de\/magazin\/wp-content\/uploads\/2016\/03\/CapRocat-Eingang-e1475231329992.jpg","contentUrl":"https:\/\/www.designreisen.de\/magazin\/wp-content\/uploads\/2016\/03\/CapRocat-Eingang-e1475231329992.jpg","width":750,"height":500,"caption":"CapRocat Eingang"},{"@type":"BreadcrumbList","@id":"https:\/\/www.designreisen.de\/magazin\/hotel-cap-rocat-luxus-des-wesentlichen\/#breadcrumb","itemListElement":[{"@type":"ListItem","position":1,"name":"Home","item":"https:\/\/www.designreisen.de\/magazin\/"},{"@type":"ListItem","position":2,"name":"Cap Rocat: Luxus des Wesentlichen"}]},{"@type":"WebSite","@id":"https:\/\/www.designreisen.de\/magazin\/#website","url":"https:\/\/www.designreisen.de\/magazin\/","name":"Connection to Paradise | Luxusreiseblog","description":"Der exklusive Reiseblog von DESIGNREISEN","potentialAction":[{"@type":"SearchAction","target":{"@type":"EntryPoint","urlTemplate":"https:\/\/www.designreisen.de\/magazin\/?s={search_term_string}"},"query-input":{"@type":"PropertyValueSpecification","valueRequired":true,"valueName":"search_term_string"}}],"inLanguage":"de"},{"@type":"Person","@id":"https:\/\/www.designreisen.de\/magazin\/#\/schema\/person\/00e9db2a1f275fa0b2868be078a0e8be","name":"Friederike Hintze","image":{"@type":"ImageObject","inLanguage":"de","@id":"https:\/\/secure.gravatar.com\/avatar\/ad516503a11cd5ca435acc9bb6523536?s=96","url":"https:\/\/secure.gravatar.com\/avatar\/ad516503a11cd5ca435acc9bb6523536?s=96","contentUrl":"https:\/\/secure.gravatar.com\/avatar\/ad516503a11cd5ca435acc9bb6523536?s=96","caption":"Friederike Hintze"},"description":"Seit vielen Jahren arbeitet Friederike Hintze als Journalistin in den Bereichen Lifestyle, Reise und Beauty, gr\u00fcndete Ende 2014 sogar ihren eigenen Blog Louise et H\u00e9l\u00e8ne. Die Wahl-Berlinerin reist gerne, liebt Italien, den Wein und das Essen (zu ihrem Gl\u00fcck) das Joggen. Vor allem Morgens, wenn die Stadt noch schl\u00e4ft und die Stimmung etwas Erhabenes hat. Dann, so findet Friederike Hintze, zeigt Berlin sich von der sch\u00f6nsten Seite."}]}},"_links":{"self":[{"href":"https:\/\/www.designreisen.de\/magazin\/wp-json\/wp\/v2\/posts\/918","targetHints":{"allow":["GET"]}}],"collection":[{"href":"https:\/\/www.designreisen.de\/magazin\/wp-json\/wp\/v2\/posts"}],"about":[{"href":"https:\/\/www.designreisen.de\/magazin\/wp-json\/wp\/v2\/types\/post"}],"author":[{"embeddable":true,"href":"https:\/\/www.designreisen.de\/magazin\/wp-json\/wp\/v2\/users\/3"}],"replies":[{"embeddable":true,"href":"https:\/\/www.designreisen.de\/magazin\/wp-json\/wp\/v2\/comments?post=918"}],"version-history":[{"count":28,"href":"https:\/\/www.designreisen.de\/magazin\/wp-json\/wp\/v2\/posts\/918\/revisions"}],"predecessor-version":[{"id":8858,"href":"https:\/\/www.designreisen.de\/magazin\/wp-json\/wp\/v2\/posts\/918\/revisions\/8858"}],"wp:featuredmedia":[{"embeddable":true,"href":"https:\/\/www.designreisen.de\/magazin\/wp-json\/wp\/v2\/media\/920"}],"wp:attachment":[{"href":"https:\/\/www.designreisen.de\/magazin\/wp-json\/wp\/v2\/media?parent=918"}],"wp:term":[{"taxonomy":"category","embeddable":true,"href":"https:\/\/www.designreisen.de\/magazin\/wp-json\/wp\/v2\/categories?post=918"},{"taxonomy":"post_tag","embeddable":true,"href":"https:\/\/www.designreisen.de\/magazin\/wp-json\/wp\/v2\/tags?post=918"}],"curies":[{"name":"wp","href":"https:\/\/api.w.org\/{rel}","templated":true}]}}