{"id":9803,"date":"2024-02-23T15:50:48","date_gmt":"2024-02-23T14:50:48","guid":{"rendered":"https:\/\/www.designreisen.de\/magazin\/?p=9803"},"modified":"2024-03-04T10:58:51","modified_gmt":"2024-03-04T09:58:51","slug":"europas-schoenste-plaetze-atemberaubend","status":"publish","type":"post","link":"https:\/\/www.designreisen.de\/magazin\/europas-schoenste-plaetze-atemberaubend\/","title":{"rendered":"Europas sch\u00f6nste Pl\u00e4tze: Atemberaubend!"},"content":{"rendered":"\n<p>Wer tr\u00e4umt nicht davon, einmal im Leben auf <strong>Dubrovniks Stadtmauern<\/strong> zu stehen oder davon, nicht nur die Fassade von Schloss Versailles zu bewundern, sondern auch durch die <strong>k\u00f6niglichen Gem\u00e4cher<\/strong> zu schlendern? Diese f\u00fcnf Ziele sind ohne Zweifel <a href=\"https:\/\/www.designreisen.de\/luxusreisen\/europa\">Europas<\/a> sch\u00f6nste Pl\u00e4tze. <\/p>\n\n\n\n<h2 class=\"wp-block-heading\">Stadtmauern von Dubrovnik, Kroatien<\/h2>\n\n\n\n<figure class=\"wp-block-image size-full\"><img loading=\"lazy\" decoding=\"async\" width=\"1500\" height=\"1000\" src=\"https:\/\/www.designreisen.de\/magazin\/wp-content\/uploads\/2024\/02\/europas-schoenste-plaetze-5.webp\" alt=\"Stadtmauern Dubrovnik\" class=\"wp-image-9817 animated\" srcset=\"https:\/\/www.designreisen.de\/magazin\/wp-content\/uploads\/2024\/02\/europas-schoenste-plaetze-5.webp 1500w, https:\/\/www.designreisen.de\/magazin\/wp-content\/uploads\/2024\/02\/europas-schoenste-plaetze-5-450x300.webp 450w, https:\/\/www.designreisen.de\/magazin\/wp-content\/uploads\/2024\/02\/europas-schoenste-plaetze-5-1024x683.webp 1024w, https:\/\/www.designreisen.de\/magazin\/wp-content\/uploads\/2024\/02\/europas-schoenste-plaetze-5-768x512.webp 768w\" sizes=\"auto, (max-width: 1500px) 100vw, 1500px\" \/><figcaption class=\"wp-element-caption\">\u00a9 Unsplash<\/figcaption><\/figure>\n\n\n\n<p>Sie sind wahrlich imposant. Und faszinierend. Ein architektonisches Meisterwerk sowieso: die Stadtmauern von <a href=\"https:\/\/www.designreisen.de\/luxusreisen\/dubrovnik\/\">Dubrovnik<\/a>. Die beeindruckende Befestigungsanlage ist etwa <strong>zwei Kilometer lang<\/strong>. Sie umgibt die gesamte Altstadt. Gemeinsam sind Altstadt und Festungsmauer Teil des UNESCO-Welterbes. Schon seit dem <strong>9. Jahrhundert<\/strong> pr\u00e4gt die Stadtmauer das Bild der Hafenstadt. War sie fr\u00fcher Befestigungsanlage, ist sie heute Touristenmagnet. Nicht nur wegen des tollen Panoramas und des romantischen Ambientes. Sondern auch wegen <strong>Game of Thrones-Fans<\/strong>, die ihr &#8222;K\u00f6nigsmund&#8220; besuchen wollen. Bei einem Burgrundgang kann man den Nordturm besteigen. Ebenfalls ein Must-Do: Auf der Westseite gibt es drei charmante Bars. Sie erm\u00f6glichen atemberaubende Ausblicke \u00fcbers Meer und auf die umliegenden Inseln. Den gibt&#8217;s \u00fcbrigens auch bei einer Seilbahn-Fahrt auf den Berg Sr\u0111. Ein Must-Do auf Ihrer <a href=\"https:\/\/www.designreisen.de\/luxusreisen\/kroatien\">Kroatien<\/a> Reise.<\/p>\n\n\n\n<h3 class=\"wp-block-heading\">Hoteltipp: Villa Dubrovnik<\/h3>\n\n\n\n<figure class=\"wp-block-image size-full\"><img loading=\"lazy\" decoding=\"async\" width=\"1500\" height=\"1124\" src=\"https:\/\/www.designreisen.de\/magazin\/wp-content\/uploads\/2024\/02\/europas-schoenste-plaetze-9.webp\" alt=\"Villa Dubrovnik\" class=\"wp-image-9811 animated\" srcset=\"https:\/\/www.designreisen.de\/magazin\/wp-content\/uploads\/2024\/02\/europas-schoenste-plaetze-9.webp 1500w, https:\/\/www.designreisen.de\/magazin\/wp-content\/uploads\/2024\/02\/europas-schoenste-plaetze-9-400x300.webp 400w, https:\/\/www.designreisen.de\/magazin\/wp-content\/uploads\/2024\/02\/europas-schoenste-plaetze-9-1024x767.webp 1024w, https:\/\/www.designreisen.de\/magazin\/wp-content\/uploads\/2024\/02\/europas-schoenste-plaetze-9-768x575.webp 768w\" sizes=\"auto, (max-width: 1500px) 100vw, 1500px\" \/><figcaption class=\"wp-element-caption\">\u00a9 Villa Dubrovnik<\/figcaption><\/figure>\n\n\n\n<p>Nur ein paar Fu\u00dfminuten von Dubrovniks Alstadt entfernt liegt die <strong><a href=\"https:\/\/www.designreisen.de\/luxusreisen\/dubrovnik-villa-dubrovnik#reise-planen\">Villa Dubrovnik<\/a><\/strong>. Das von Oleander und Bougainvillea umgebene Hotel verf\u00fcgt \u00fcber moderne, stilvoll eingerichtete Zimmer und Suiten. Au\u00dferdem genie\u00dft man tolle Ausblicke \u00fcbers Meer und die Altstadt. Tolle Skybar!<\/p>\n\n\n\n<div style=\"height:40px\" aria-hidden=\"true\" class=\"wp-block-spacer\"><\/div>\n\n\n<div class=\"gb-container gb-container-f6c38bae\">\n\n<a class=\"gb-button gb-button-d7e70273 gb-button-text\" href=\"https:\/\/www.designreisen.de\/luxusreisen\/dubrovnik-villa-dubrovnik#reise-planen\" target=\"_blank\" rel=\"noopener noreferrer\">Angebot anfordern<\/a>\n\n<\/div>\n\n\n<div style=\"height:40px\" aria-hidden=\"true\" class=\"wp-block-spacer\"><\/div>\n\n\n\n<h2 class=\"wp-block-heading\">Kolosseum, Rom\/Italien<\/h2>\n\n\n\n<figure class=\"wp-block-image size-full\"><img loading=\"lazy\" decoding=\"async\" width=\"1500\" height=\"1000\" src=\"https:\/\/www.designreisen.de\/magazin\/wp-content\/uploads\/2024\/02\/europas-schoenste-plaetze-6.webp\" alt=\"Kolosseum Rom\" class=\"wp-image-9813 animated\" srcset=\"https:\/\/www.designreisen.de\/magazin\/wp-content\/uploads\/2024\/02\/europas-schoenste-plaetze-6.webp 1500w, https:\/\/www.designreisen.de\/magazin\/wp-content\/uploads\/2024\/02\/europas-schoenste-plaetze-6-450x300.webp 450w, https:\/\/www.designreisen.de\/magazin\/wp-content\/uploads\/2024\/02\/europas-schoenste-plaetze-6-1024x683.webp 1024w, https:\/\/www.designreisen.de\/magazin\/wp-content\/uploads\/2024\/02\/europas-schoenste-plaetze-6-768x512.webp 768w\" sizes=\"auto, (max-width: 1500px) 100vw, 1500px\" \/><figcaption class=\"wp-element-caption\">\u00a9 Unsplash<\/figcaption><\/figure>\n\n\n\n<p>Das ikonische Symbol der Stadt ist ein beeindruckendes \u00dcberbeibsel des <strong>antiken R\u00f6mischen Reichs<\/strong>. Urspr\u00fcnglich als Amphitheater geplant, stellte man es <strong>80 n. Chr.<\/strong> auf Anweisung Kaiser Vespasians fertig. Gladiatorenk\u00e4mpfe, Tierhetzen, Exekutionen von Verurteilten fanden hier bis zur Sp\u00e4tantike statt. Im 18. Jahrhundert erkl\u00e4rte es Papst Benedikt XIV. als geweihte <strong>M\u00e4rtyrer St\u00e4tte<\/strong>. Seit 1999 ist es zudem ein Denkmal gegen die Todesstrafe. Die ber\u00fchrende Geschichte des ber\u00fchmten Bauwerks zeigt, dass Europas sch\u00f6nste Pl\u00e4tze oft Teil einer besonders lange zur\u00fcckreichenden Historie sind. Das Kolosseum lockt j\u00e4hrlich <strong>Millionen von Besucher<\/strong> in <a href=\"https:\/\/www.designreisen.de\/luxusreisen\/rom\">Italiens Hauptstadt<\/a>. Man kann nicht anders, als die Architektur, die meisterhafte Baukunst und die reiche Geschichte des Kolosseums zu bewundern.<\/p>\n\n\n\n<h3 class=\"wp-block-heading\">Hoteltipp: Hotel de la Ville Rome<\/h3>\n\n\n\n<figure class=\"wp-block-image size-full\"><img loading=\"lazy\" decoding=\"async\" width=\"1500\" height=\"1000\" src=\"https:\/\/www.designreisen.de\/magazin\/wp-content\/uploads\/2024\/02\/europas-schoenste-plaetze-11.webp\" alt=\"Hotel de la Ville Rome\" class=\"wp-image-9809 animated\" srcset=\"https:\/\/www.designreisen.de\/magazin\/wp-content\/uploads\/2024\/02\/europas-schoenste-plaetze-11.webp 1500w, https:\/\/www.designreisen.de\/magazin\/wp-content\/uploads\/2024\/02\/europas-schoenste-plaetze-11-450x300.webp 450w, https:\/\/www.designreisen.de\/magazin\/wp-content\/uploads\/2024\/02\/europas-schoenste-plaetze-11-1024x683.webp 1024w, https:\/\/www.designreisen.de\/magazin\/wp-content\/uploads\/2024\/02\/europas-schoenste-plaetze-11-768x512.webp 768w\" sizes=\"auto, (max-width: 1500px) 100vw, 1500px\" \/><figcaption class=\"wp-element-caption\">\u00a9 Rocco Forte Hotels<\/figcaption><\/figure>\n\n\n\n<p>Als Teil der ikonischen <strong>Rocco Forte Hotels<\/strong> ist das <a href=\"https:\/\/www.designreisen.de\/luxusreisen\/rom-hotel-de-la-ville-rome-a-rocco-forte-hotel#reise-planen\">Hotel de la Ville Rome<\/a> nat\u00fcrlich eine der ersten Adressen in der &#8222;ewigen Stadt&#8220;. Es liegt inmitten der zauberhaften Altstadt, direkt an der Spanischen Treppe. Und es l\u00e4dt zum Tr\u00e4umen ein! Beeindruckende Eleganz und Architektur aus dem 18. Jahrhundert treffen hier auf <strong>zeitgen\u00f6ssischen Luxus<\/strong>.<\/p>\n\n\n\n<div style=\"height:40px\" aria-hidden=\"true\" class=\"wp-block-spacer\"><\/div>\n\n\n<div class=\"gb-container gb-container-26e9cd3f\">\n\n<a class=\"gb-button gb-button-3d07291f gb-button-text\" href=\"https:\/\/www.designreisen.de\/luxusreisen\/rom-hotel-de-la-ville-rome-a-rocco-forte-hotel#reise-planen\" target=\"_blank\" rel=\"noopener noreferrer\">Angebot anfordern<\/a>\n\n<\/div>\n\n\n<div style=\"height:40px\" aria-hidden=\"true\" class=\"wp-block-spacer\"><\/div>\n\n\n\n<h2 class=\"wp-block-heading\">Mezquita Cathedral de C\u00f3rdoba, Spanien<\/h2>\n\n\n\n<figure class=\"wp-block-image size-full\"><img loading=\"lazy\" decoding=\"async\" width=\"1500\" height=\"1000\" src=\"https:\/\/www.designreisen.de\/magazin\/wp-content\/uploads\/2024\/02\/europas-schoenste-plaetze-4.webp\" alt=\"Kathedrale Cordoba\" class=\"wp-image-9816 animated\" srcset=\"https:\/\/www.designreisen.de\/magazin\/wp-content\/uploads\/2024\/02\/europas-schoenste-plaetze-4.webp 1500w, https:\/\/www.designreisen.de\/magazin\/wp-content\/uploads\/2024\/02\/europas-schoenste-plaetze-4-450x300.webp 450w, https:\/\/www.designreisen.de\/magazin\/wp-content\/uploads\/2024\/02\/europas-schoenste-plaetze-4-1024x683.webp 1024w, https:\/\/www.designreisen.de\/magazin\/wp-content\/uploads\/2024\/02\/europas-schoenste-plaetze-4-768x512.webp 768w\" sizes=\"auto, (max-width: 1500px) 100vw, 1500px\" \/><figcaption class=\"wp-element-caption\">\u00a9 Unsplash<\/figcaption><\/figure>\n\n\n\n<p>Europas sch\u00f6nste Pl\u00e4tze und Must-Visits w\u00e4ren nicht komplett ohne der Mezquita-Catedral de C\u00f3rdoba. Dabei handelt es sich um ein <strong>architektonisches Juwel<\/strong>. Erbaut im 8. Jahrhundert als Moschee wandelte sie sich im Laufe der Jahrhunderte zu einer Kirche. Hier treffen also christliche Elemente auf maurische Architektur. Das macht die Mezquita-Kathedrale zu einem<a href=\"https:\/\/www.designreisen.de\/luxusreisen\/spanien\"> <strong>besonderen Ort<\/strong><\/a><strong> in Europa<\/strong>. Hunderte S\u00e4ulen im Gebetsraum erzeugen ein faszinierendes Spiel von Licht und Schatten und werden jedes Jahr von Millionen Besuchern aus der ganzen Welt bewundert. <\/p>\n\n\n\n<h3 class=\"wp-block-heading\">Hoteltipp: Hospes Palacio del Bail\u00edo<\/h3>\n\n\n\n<figure class=\"wp-block-image size-full\"><img loading=\"lazy\" decoding=\"async\" width=\"1500\" height=\"1125\" src=\"https:\/\/www.designreisen.de\/magazin\/wp-content\/uploads\/2024\/02\/europas-schoenste-plaetze-8.webp\" alt=\"\" class=\"wp-image-9815 animated\" srcset=\"https:\/\/www.designreisen.de\/magazin\/wp-content\/uploads\/2024\/02\/europas-schoenste-plaetze-8.webp 1500w, https:\/\/www.designreisen.de\/magazin\/wp-content\/uploads\/2024\/02\/europas-schoenste-plaetze-8-400x300.webp 400w, https:\/\/www.designreisen.de\/magazin\/wp-content\/uploads\/2024\/02\/europas-schoenste-plaetze-8-1024x768.webp 1024w, https:\/\/www.designreisen.de\/magazin\/wp-content\/uploads\/2024\/02\/europas-schoenste-plaetze-8-768x576.webp 768w\" sizes=\"auto, (max-width: 1500px) 100vw, 1500px\" \/><figcaption class=\"wp-element-caption\">\u00a9 Hotel Palacio del Bail\u00edo<\/figcaption><\/figure>\n\n\n\n<p>Modernes Design mit seinen hellen Farben und klaren Linien trifft auf Geschichte. Denn das <a href=\"https:\/\/www.designreisen.de\/luxusreisen\/cordoba-hospes-palacio-del-bailio#reise-planen\">Hotel Hospes Palacio del Bail\u00edo<\/a> ist in einem <strong>historischen Palast<\/strong> aus dem 16. bis 18. Jahrhundert untergebracht. Umfassend renoviert bietet es neben Patios und Pool auch ein <strong>hervorragendes Restaurant<\/strong>.<\/p>\n\n\n\n<div style=\"height:40px\" aria-hidden=\"true\" class=\"wp-block-spacer\"><\/div>\n\n\n<div class=\"gb-container gb-container-b672d87c\">\n\n<a class=\"gb-button gb-button-9cb52d0e gb-button-text\" href=\"https:\/\/www.designreisen.de\/luxusreisen\/cordoba-hospes-palacio-del-bailio#reise-planen\" target=\"_blank\" rel=\"noopener noreferrer\">Angebot anfordern<\/a>\n\n<\/div>\n\n\n<div style=\"height:40px\" aria-hidden=\"true\" class=\"wp-block-spacer\"><\/div>\n\n\n\n<h2 class=\"wp-block-heading\">Hagia Sophia, Istanbul\/T\u00fcrkei<\/h2>\n\n\n\n<figure class=\"wp-block-image size-large\"><img loading=\"lazy\" decoding=\"async\" width=\"1024\" height=\"683\" src=\"https:\/\/www.designreisen.de\/magazin\/wp-content\/uploads\/2024\/02\/europas-schoenste-plaetze-7-1024x683.webp\" alt=\"Hagia Sophia\" class=\"wp-image-9814 animated\" srcset=\"https:\/\/www.designreisen.de\/magazin\/wp-content\/uploads\/2024\/02\/europas-schoenste-plaetze-7-1024x683.webp 1024w, https:\/\/www.designreisen.de\/magazin\/wp-content\/uploads\/2024\/02\/europas-schoenste-plaetze-7-450x300.webp 450w, https:\/\/www.designreisen.de\/magazin\/wp-content\/uploads\/2024\/02\/europas-schoenste-plaetze-7-768x512.webp 768w, https:\/\/www.designreisen.de\/magazin\/wp-content\/uploads\/2024\/02\/europas-schoenste-plaetze-7.webp 1500w\" sizes=\"auto, (max-width: 1024px) 100vw, 1024px\" \/><figcaption class=\"wp-element-caption\">\u00a9 Unsplash<\/figcaption><\/figure>\n\n\n\n<p>Un\u00fcbertroffene Sch\u00f6nheit trifft hier auf <strong>historische Bedeutung<\/strong>. Denn die urspr\u00fcnglich byzantische Kirche aus dem 6. Jahrhundert n. Chr. wurde im 15. Jahhrundert zur Moschee. Die beeindruckende Kuppel, einst die erste und f\u00fcr \u00fcber 1.000 Jahre einzige ihrer Art, elegante S\u00e4ulen und die <strong>kunstvollen Mosaike<\/strong> machen die <a href=\"https:\/\/www.designreisen.de\/luxusreisen\/tuerkei\">T\u00fcrkei<\/a> und Istanbul zu einem Must-Visit in Europa. Hier kann man nur \u00fcber die architektonische Pracht staunen. Au\u00dferdem umgibt die Hagia Sophia eine <strong>majest\u00e4tische Aura<\/strong>.<\/p>\n\n\n\n<h3 class=\"wp-block-heading\">Hoteltipp: Six Senses Kocata\u015f Mansions<\/h3>\n\n\n\n<figure class=\"wp-block-image size-full\"><img loading=\"lazy\" decoding=\"async\" width=\"1500\" height=\"999\" src=\"https:\/\/www.designreisen.de\/magazin\/wp-content\/uploads\/2024\/02\/europas-schoenste-plaetze-10.webp\" alt=\"Six Senses Istanbul\" class=\"wp-image-9812 animated\" srcset=\"https:\/\/www.designreisen.de\/magazin\/wp-content\/uploads\/2024\/02\/europas-schoenste-plaetze-10.webp 1500w, https:\/\/www.designreisen.de\/magazin\/wp-content\/uploads\/2024\/02\/europas-schoenste-plaetze-10-450x300.webp 450w, https:\/\/www.designreisen.de\/magazin\/wp-content\/uploads\/2024\/02\/europas-schoenste-plaetze-10-1024x682.webp 1024w, https:\/\/www.designreisen.de\/magazin\/wp-content\/uploads\/2024\/02\/europas-schoenste-plaetze-10-768x511.webp 768w\" sizes=\"auto, (max-width: 1500px) 100vw, 1500px\" \/><figcaption class=\"wp-element-caption\">\u00a9 Six Senses<\/figcaption><\/figure>\n\n\n\n<p>Im prestigetr\u00e4chtigen Sariyer Viertel auf der europ\u00e4ischen Seite der Stadt gelegen, ist das <a href=\"https:\/\/www.designreisen.de\/luxusreisen\/istanbul-six-senses-kocatas-mansions#reise-planen\">Six Senses Kocata\u015f Mansions<\/a> eines der besten Hotels der Stadt. 45 G\u00e4stezimmer und Suiten verteilen sich auf zwei <strong>dekmalgesch\u00fctzte Herrenh\u00e4user<\/strong>. Sie bieten wundervolle Ausblike auf den Bosporus und ein abwechslungsreiches gastronomisches Angebot.<\/p>\n\n\n\n<div style=\"height:40px\" aria-hidden=\"true\" class=\"wp-block-spacer\"><\/div>\n\n\n<div class=\"gb-container gb-container-78ec30d2\">\n\n<a class=\"gb-button gb-button-d532ef90 gb-button-text\" href=\"https:\/\/www.designreisen.de\/luxusreisen\/istanbul-six-senses-kocatas-mansions#reise-planen\" target=\"_blank\" rel=\"noopener noreferrer\">Angebot anfordern<\/a>\n\n<\/div>\n\n\n<div style=\"height:40px\" aria-hidden=\"true\" class=\"wp-block-spacer\"><\/div>\n\n\n\n<h2 class=\"wp-block-heading\">Schloss Versailles, Paris<\/h2>\n\n\n\n<figure class=\"wp-block-image size-full\"><img loading=\"lazy\" decoding=\"async\" width=\"1500\" height=\"1048\" src=\"https:\/\/www.designreisen.de\/magazin\/wp-content\/uploads\/2024\/02\/europas-schoenste-plaetze-2.webp\" alt=\"Versailles\" class=\"wp-image-9818 animated\" srcset=\"https:\/\/www.designreisen.de\/magazin\/wp-content\/uploads\/2024\/02\/europas-schoenste-plaetze-2.webp 1500w, https:\/\/www.designreisen.de\/magazin\/wp-content\/uploads\/2024\/02\/europas-schoenste-plaetze-2-429x300.webp 429w, https:\/\/www.designreisen.de\/magazin\/wp-content\/uploads\/2024\/02\/europas-schoenste-plaetze-2-1024x715.webp 1024w, https:\/\/www.designreisen.de\/magazin\/wp-content\/uploads\/2024\/02\/europas-schoenste-plaetze-2-768x537.webp 768w\" sizes=\"auto, (max-width: 1500px) 100vw, 1500px\" \/><figcaption class=\"wp-element-caption\">\u00a9 Unsplash<\/figcaption><\/figure>\n\n\n\n<p>Es war kein Geringerer als <strong>K\u00f6nig Ludwig XIV.<\/strong>, der im 17. Jahrhundert das relativ bescheidene Jagdschloss zu einem der pr\u00e4chtigsten Pal\u00e4ste der Welt ausbauen lie\u00df. Im Laufe der Geschichte war es <strong>Schauplatz vieler wichtiger Ereignisse.<\/strong> Man denke etwa an die Unterzeichnung des Versailler Vertrags. Markant ist auch die Architektur des Schlosses. Die Barockfassade und die kunstvollen, <strong>opulenten Innenr\u00e4ume<\/strong> sowie die \u00fcppigen G\u00e4rten machen es heute zu einem Must-Visit nahe <a href=\"https:\/\/www.designreisen.de\/luxusreisen\/paris-hotel-de-crillon-a-rosewood-hotel-paris\">Paris<\/a>. Bei einer VIP-Tour, die nur wenigen Menschen offen steht, k\u00f6nnen G\u00e4ste die k\u00f6niglichen Gem\u00e4cher exklusiv besuchen und de h\u00f6fischen Leben von einst besonders nah kommen.<\/p>\n\n\n\n<h3 class=\"wp-block-heading\">Hoteltipp: Hotel de Crillon, a Rosewood Hotel<\/h3>\n\n\n\n<figure class=\"wp-block-image size-full\"><img loading=\"lazy\" decoding=\"async\" width=\"1500\" height=\"998\" src=\"https:\/\/www.designreisen.de\/magazin\/wp-content\/uploads\/2024\/02\/europas-schoenste-plaetze-12.webp\" alt=\"Rosewood Hotels\" class=\"wp-image-9810 animated\" srcset=\"https:\/\/www.designreisen.de\/magazin\/wp-content\/uploads\/2024\/02\/europas-schoenste-plaetze-12.webp 1500w, https:\/\/www.designreisen.de\/magazin\/wp-content\/uploads\/2024\/02\/europas-schoenste-plaetze-12-450x300.webp 450w, https:\/\/www.designreisen.de\/magazin\/wp-content\/uploads\/2024\/02\/europas-schoenste-plaetze-12-1024x681.webp 1024w, https:\/\/www.designreisen.de\/magazin\/wp-content\/uploads\/2024\/02\/europas-schoenste-plaetze-12-768x511.webp 768w\" sizes=\"auto, (max-width: 1500px) 100vw, 1500px\" \/><figcaption class=\"wp-element-caption\">\u00a9 Rosewood<\/figcaption><\/figure>\n\n\n\n<p>Es gibt wenige Hotels, die in ihrer Lage und Architektur so au\u00dfergew\u00f6hnlich sind wie das <a href=\"https:\/\/www.designreisen.de\/luxusreisen\/paris-hotel-de-crillon-a-rosewood-hotel-paris#reise-planen\">Hotel de Crillon<\/a>. Es punktet mit <strong>majest\u00e4tischem Ambiente<\/strong> und einzigartiger Lage mitten in Paris. Der Blick f\u00e4llt auf den Place de la Concorde, das Grand Palais und den <strong>Eiffelturm<\/strong>. Seine Geschichte reicht auf K\u00f6nig Louis XV. zur\u00fcck, vor etwa zehn Jahren wandelte man den Palast in ein Luxushotel. <\/p>\n\n\n\n<div style=\"height:40px\" aria-hidden=\"true\" class=\"wp-block-spacer\"><\/div>\n\n\n<div class=\"gb-container gb-container-27276c50\">\n\n<a class=\"gb-button gb-button-02d52b3e gb-button-text\" href=\"https:\/\/www.designreisen.de\/luxusreisen\/paris-hotel-de-crillon-a-rosewood-hotel-paris#reise-planen\" target=\"_blank\" rel=\"noopener noreferrer\">Angebot anfordern<\/a>\n\n<\/div>\n\n\n<div style=\"height:20px\" aria-hidden=\"true\" class=\"wp-block-spacer\"><\/div>\n","protected":false},"excerpt":{"rendered":"<p>Wer tr\u00e4umt nicht davon, einmal im Leben auf Dubrovniks Stadtmauern zu stehen oder davon, nicht nur die Fassade von Schloss Versailles zu bewundern, sondern auch durch die k\u00f6niglichen Gem\u00e4cher zu schlendern? Diese f\u00fcnf Ziele sind ohne Zweifel Europas sch\u00f6nste Pl\u00e4tze. Stadtmauern von Dubrovnik, Kroatien Sie sind wahrlich imposant. Und faszinierend. Ein architektonisches Meisterwerk sowieso: die [&hellip;]<\/p>\n","protected":false},"author":48,"featured_media":9820,"comment_status":"open","ping_status":"open","sticky":false,"template":"","format":"standard","meta":{"_acf_changed":false,"footnotes":""},"categories":[194,91],"tags":[64,271],"class_list":["post-9803","post","type-post","status-publish","format-standard","has-post-thumbnail","hentry","category-places-to-be","category-secret-hideaways","tag-europa","tag-kroatien"],"acf":[],"yoast_head":"<!-- This site is optimized with the Yoast SEO plugin v27.5 - https:\/\/yoast.com\/product\/yoast-seo-wordpress\/ -->\n<title>Europas sch\u00f6nste Pl\u00e4tze: Atemberaubend! - Connection to Paradise | Luxusreiseblog<\/title>\n<meta name=\"description\" content=\"Von der Stadtmauer in Dubrovnik bis zum Kolosseum in Rom: Europas sch\u00f6nste Pl\u00e4tze m\u00fcssen mindestens einmal im Leben besucht werden!\" \/>\n<meta name=\"robots\" content=\"index, follow, max-snippet:-1, max-image-preview:large, max-video-preview:-1\" \/>\n<link rel=\"canonical\" href=\"https:\/\/www.designreisen.de\/magazin\/europas-schoenste-plaetze-atemberaubend\/\" \/>\n<meta property=\"og:locale\" content=\"de_DE\" \/>\n<meta property=\"og:type\" content=\"article\" \/>\n<meta property=\"og:title\" content=\"Europas sch\u00f6nste Pl\u00e4tze: Atemberaubend! - Connection to Paradise | Luxusreiseblog\" \/>\n<meta property=\"og:description\" content=\"Von der Stadtmauer in Dubrovnik bis zum Kolosseum in Rom: Europas sch\u00f6nste Pl\u00e4tze m\u00fcssen mindestens einmal im Leben besucht werden!\" \/>\n<meta property=\"og:url\" content=\"https:\/\/www.designreisen.de\/magazin\/europas-schoenste-plaetze-atemberaubend\/\" \/>\n<meta property=\"og:site_name\" content=\"Connection to Paradise | Luxusreiseblog\" \/>\n<meta property=\"article:publisher\" content=\"https:\/\/www.facebook.com\/Designreisen\/\" \/>\n<meta property=\"article:published_time\" content=\"2024-02-23T14:50:48+00:00\" \/>\n<meta property=\"article:modified_time\" content=\"2024-03-04T09:58:51+00:00\" \/>\n<meta property=\"og:image\" content=\"https:\/\/www.designreisen.de\/magazin\/wp-content\/uploads\/2024\/02\/europas-schoenste-plaetze-1.webp\" \/>\n\t<meta property=\"og:image:width\" content=\"1500\" \/>\n\t<meta property=\"og:image:height\" content=\"1154\" \/>\n\t<meta property=\"og:image:type\" content=\"image\/webp\" \/>\n<meta name=\"author\" content=\"Claudia Hilmbauer\" \/>\n<meta name=\"twitter:card\" content=\"summary_large_image\" \/>\n<meta name=\"twitter:label1\" content=\"Verfasst von\" \/>\n\t<meta name=\"twitter:data1\" content=\"Claudia Hilmbauer\" \/>\n\t<meta name=\"twitter:label2\" content=\"Gesch\u00e4tzte Lesezeit\" \/>\n\t<meta name=\"twitter:data2\" content=\"7\u00a0Minuten\" \/>\n<script type=\"application\/ld+json\" class=\"yoast-schema-graph\">{\"@context\":\"https:\\\/\\\/schema.org\",\"@graph\":[{\"@type\":\"Article\",\"@id\":\"https:\\\/\\\/www.designreisen.de\\\/magazin\\\/europas-schoenste-plaetze-atemberaubend\\\/#article\",\"isPartOf\":{\"@id\":\"https:\\\/\\\/www.designreisen.de\\\/magazin\\\/europas-schoenste-plaetze-atemberaubend\\\/\"},\"author\":{\"name\":\"Claudia Hilmbauer\",\"@id\":\"https:\\\/\\\/www.designreisen.de\\\/magazin\\\/#\\\/schema\\\/person\\\/9efe7468aa3eafad1826be30f72942e7\"},\"headline\":\"Europas sch\u00f6nste Pl\u00e4tze: Atemberaubend!\",\"datePublished\":\"2024-02-23T14:50:48+00:00\",\"dateModified\":\"2024-03-04T09:58:51+00:00\",\"mainEntityOfPage\":{\"@id\":\"https:\\\/\\\/www.designreisen.de\\\/magazin\\\/europas-schoenste-plaetze-atemberaubend\\\/\"},\"wordCount\":894,\"commentCount\":0,\"image\":{\"@id\":\"https:\\\/\\\/www.designreisen.de\\\/magazin\\\/europas-schoenste-plaetze-atemberaubend\\\/#primaryimage\"},\"thumbnailUrl\":\"https:\\\/\\\/www.designreisen.de\\\/magazin\\\/wp-content\\\/uploads\\\/2024\\\/02\\\/europas-schoenste-plaetze-1.webp\",\"keywords\":[\"Europa\",\"Kroatien\"],\"articleSection\":[\"Places To Be\",\"Secret Hideaways\"],\"inLanguage\":\"de\",\"potentialAction\":[{\"@type\":\"CommentAction\",\"name\":\"Comment\",\"target\":[\"https:\\\/\\\/www.designreisen.de\\\/magazin\\\/europas-schoenste-plaetze-atemberaubend\\\/#respond\"]}]},{\"@type\":\"WebPage\",\"@id\":\"https:\\\/\\\/www.designreisen.de\\\/magazin\\\/europas-schoenste-plaetze-atemberaubend\\\/\",\"url\":\"https:\\\/\\\/www.designreisen.de\\\/magazin\\\/europas-schoenste-plaetze-atemberaubend\\\/\",\"name\":\"Europas sch\u00f6nste Pl\u00e4tze: Atemberaubend! - Connection to Paradise | Luxusreiseblog\",\"isPartOf\":{\"@id\":\"https:\\\/\\\/www.designreisen.de\\\/magazin\\\/#website\"},\"primaryImageOfPage\":{\"@id\":\"https:\\\/\\\/www.designreisen.de\\\/magazin\\\/europas-schoenste-plaetze-atemberaubend\\\/#primaryimage\"},\"image\":{\"@id\":\"https:\\\/\\\/www.designreisen.de\\\/magazin\\\/europas-schoenste-plaetze-atemberaubend\\\/#primaryimage\"},\"thumbnailUrl\":\"https:\\\/\\\/www.designreisen.de\\\/magazin\\\/wp-content\\\/uploads\\\/2024\\\/02\\\/europas-schoenste-plaetze-1.webp\",\"datePublished\":\"2024-02-23T14:50:48+00:00\",\"dateModified\":\"2024-03-04T09:58:51+00:00\",\"author\":{\"@id\":\"https:\\\/\\\/www.designreisen.de\\\/magazin\\\/#\\\/schema\\\/person\\\/9efe7468aa3eafad1826be30f72942e7\"},\"description\":\"Von der Stadtmauer in Dubrovnik bis zum Kolosseum in Rom: Europas sch\u00f6nste Pl\u00e4tze m\u00fcssen mindestens einmal im Leben besucht werden!\",\"breadcrumb\":{\"@id\":\"https:\\\/\\\/www.designreisen.de\\\/magazin\\\/europas-schoenste-plaetze-atemberaubend\\\/#breadcrumb\"},\"inLanguage\":\"de\",\"potentialAction\":[{\"@type\":\"ReadAction\",\"target\":[\"https:\\\/\\\/www.designreisen.de\\\/magazin\\\/europas-schoenste-plaetze-atemberaubend\\\/\"]}]},{\"@type\":\"ImageObject\",\"inLanguage\":\"de\",\"@id\":\"https:\\\/\\\/www.designreisen.de\\\/magazin\\\/europas-schoenste-plaetze-atemberaubend\\\/#primaryimage\",\"url\":\"https:\\\/\\\/www.designreisen.de\\\/magazin\\\/wp-content\\\/uploads\\\/2024\\\/02\\\/europas-schoenste-plaetze-1.webp\",\"contentUrl\":\"https:\\\/\\\/www.designreisen.de\\\/magazin\\\/wp-content\\\/uploads\\\/2024\\\/02\\\/europas-schoenste-plaetze-1.webp\",\"width\":1500,\"height\":1154,\"caption\":\"\u00a9 Unsplash\"},{\"@type\":\"BreadcrumbList\",\"@id\":\"https:\\\/\\\/www.designreisen.de\\\/magazin\\\/europas-schoenste-plaetze-atemberaubend\\\/#breadcrumb\",\"itemListElement\":[{\"@type\":\"ListItem\",\"position\":1,\"name\":\"Home\",\"item\":\"https:\\\/\\\/www.designreisen.de\\\/magazin\\\/\"},{\"@type\":\"ListItem\",\"position\":2,\"name\":\"Europas sch\u00f6nste Pl\u00e4tze: Atemberaubend!\"}]},{\"@type\":\"WebSite\",\"@id\":\"https:\\\/\\\/www.designreisen.de\\\/magazin\\\/#website\",\"url\":\"https:\\\/\\\/www.designreisen.de\\\/magazin\\\/\",\"name\":\"Connection to Paradise | Luxusreiseblog\",\"description\":\"Der exklusive Reiseblog von DESIGNREISEN\",\"potentialAction\":[{\"@type\":\"SearchAction\",\"target\":{\"@type\":\"EntryPoint\",\"urlTemplate\":\"https:\\\/\\\/www.designreisen.de\\\/magazin\\\/?s={search_term_string}\"},\"query-input\":{\"@type\":\"PropertyValueSpecification\",\"valueRequired\":true,\"valueName\":\"search_term_string\"}}],\"inLanguage\":\"de\"},{\"@type\":\"Person\",\"@id\":\"https:\\\/\\\/www.designreisen.de\\\/magazin\\\/#\\\/schema\\\/person\\\/9efe7468aa3eafad1826be30f72942e7\",\"name\":\"Claudia Hilmbauer\",\"image\":{\"@type\":\"ImageObject\",\"inLanguage\":\"de\",\"@id\":\"https:\\\/\\\/www.designreisen.de\\\/magazin\\\/wp-content\\\/uploads\\\/2023\\\/03\\\/cropped-claudia-hillmbauer-4083-final-zugeschnitten-96x96.jpg\",\"url\":\"https:\\\/\\\/www.designreisen.de\\\/magazin\\\/wp-content\\\/uploads\\\/2023\\\/03\\\/cropped-claudia-hillmbauer-4083-final-zugeschnitten-96x96.jpg\",\"contentUrl\":\"https:\\\/\\\/www.designreisen.de\\\/magazin\\\/wp-content\\\/uploads\\\/2023\\\/03\\\/cropped-claudia-hillmbauer-4083-final-zugeschnitten-96x96.jpg\",\"caption\":\"Claudia Hilmbauer\"}}]}<\/script>\n<!-- \/ Yoast SEO plugin. -->","yoast_head_json":{"title":"Europas sch\u00f6nste Pl\u00e4tze: Atemberaubend! - Connection to Paradise | Luxusreiseblog","description":"Von der Stadtmauer in Dubrovnik bis zum Kolosseum in Rom: Europas sch\u00f6nste Pl\u00e4tze m\u00fcssen mindestens einmal im Leben besucht werden!","robots":{"index":"index","follow":"follow","max-snippet":"max-snippet:-1","max-image-preview":"max-image-preview:large","max-video-preview":"max-video-preview:-1"},"canonical":"https:\/\/www.designreisen.de\/magazin\/europas-schoenste-plaetze-atemberaubend\/","og_locale":"de_DE","og_type":"article","og_title":"Europas sch\u00f6nste Pl\u00e4tze: Atemberaubend! - Connection to Paradise | Luxusreiseblog","og_description":"Von der Stadtmauer in Dubrovnik bis zum Kolosseum in Rom: Europas sch\u00f6nste Pl\u00e4tze m\u00fcssen mindestens einmal im Leben besucht werden!","og_url":"https:\/\/www.designreisen.de\/magazin\/europas-schoenste-plaetze-atemberaubend\/","og_site_name":"Connection to Paradise | Luxusreiseblog","article_publisher":"https:\/\/www.facebook.com\/Designreisen\/","article_published_time":"2024-02-23T14:50:48+00:00","article_modified_time":"2024-03-04T09:58:51+00:00","og_image":[{"width":1500,"height":1154,"url":"https:\/\/www.designreisen.de\/magazin\/wp-content\/uploads\/2024\/02\/europas-schoenste-plaetze-1.webp","type":"image\/webp"}],"author":"Claudia Hilmbauer","twitter_card":"summary_large_image","twitter_misc":{"Verfasst von":"Claudia Hilmbauer","Gesch\u00e4tzte Lesezeit":"7\u00a0Minuten"},"schema":{"@context":"https:\/\/schema.org","@graph":[{"@type":"Article","@id":"https:\/\/www.designreisen.de\/magazin\/europas-schoenste-plaetze-atemberaubend\/#article","isPartOf":{"@id":"https:\/\/www.designreisen.de\/magazin\/europas-schoenste-plaetze-atemberaubend\/"},"author":{"name":"Claudia Hilmbauer","@id":"https:\/\/www.designreisen.de\/magazin\/#\/schema\/person\/9efe7468aa3eafad1826be30f72942e7"},"headline":"Europas sch\u00f6nste Pl\u00e4tze: Atemberaubend!","datePublished":"2024-02-23T14:50:48+00:00","dateModified":"2024-03-04T09:58:51+00:00","mainEntityOfPage":{"@id":"https:\/\/www.designreisen.de\/magazin\/europas-schoenste-plaetze-atemberaubend\/"},"wordCount":894,"commentCount":0,"image":{"@id":"https:\/\/www.designreisen.de\/magazin\/europas-schoenste-plaetze-atemberaubend\/#primaryimage"},"thumbnailUrl":"https:\/\/www.designreisen.de\/magazin\/wp-content\/uploads\/2024\/02\/europas-schoenste-plaetze-1.webp","keywords":["Europa","Kroatien"],"articleSection":["Places To Be","Secret Hideaways"],"inLanguage":"de","potentialAction":[{"@type":"CommentAction","name":"Comment","target":["https:\/\/www.designreisen.de\/magazin\/europas-schoenste-plaetze-atemberaubend\/#respond"]}]},{"@type":"WebPage","@id":"https:\/\/www.designreisen.de\/magazin\/europas-schoenste-plaetze-atemberaubend\/","url":"https:\/\/www.designreisen.de\/magazin\/europas-schoenste-plaetze-atemberaubend\/","name":"Europas sch\u00f6nste Pl\u00e4tze: Atemberaubend! - Connection to Paradise | Luxusreiseblog","isPartOf":{"@id":"https:\/\/www.designreisen.de\/magazin\/#website"},"primaryImageOfPage":{"@id":"https:\/\/www.designreisen.de\/magazin\/europas-schoenste-plaetze-atemberaubend\/#primaryimage"},"image":{"@id":"https:\/\/www.designreisen.de\/magazin\/europas-schoenste-plaetze-atemberaubend\/#primaryimage"},"thumbnailUrl":"https:\/\/www.designreisen.de\/magazin\/wp-content\/uploads\/2024\/02\/europas-schoenste-plaetze-1.webp","datePublished":"2024-02-23T14:50:48+00:00","dateModified":"2024-03-04T09:58:51+00:00","author":{"@id":"https:\/\/www.designreisen.de\/magazin\/#\/schema\/person\/9efe7468aa3eafad1826be30f72942e7"},"description":"Von der Stadtmauer in Dubrovnik bis zum Kolosseum in Rom: Europas sch\u00f6nste Pl\u00e4tze m\u00fcssen mindestens einmal im Leben besucht werden!","breadcrumb":{"@id":"https:\/\/www.designreisen.de\/magazin\/europas-schoenste-plaetze-atemberaubend\/#breadcrumb"},"inLanguage":"de","potentialAction":[{"@type":"ReadAction","target":["https:\/\/www.designreisen.de\/magazin\/europas-schoenste-plaetze-atemberaubend\/"]}]},{"@type":"ImageObject","inLanguage":"de","@id":"https:\/\/www.designreisen.de\/magazin\/europas-schoenste-plaetze-atemberaubend\/#primaryimage","url":"https:\/\/www.designreisen.de\/magazin\/wp-content\/uploads\/2024\/02\/europas-schoenste-plaetze-1.webp","contentUrl":"https:\/\/www.designreisen.de\/magazin\/wp-content\/uploads\/2024\/02\/europas-schoenste-plaetze-1.webp","width":1500,"height":1154,"caption":"\u00a9 Unsplash"},{"@type":"BreadcrumbList","@id":"https:\/\/www.designreisen.de\/magazin\/europas-schoenste-plaetze-atemberaubend\/#breadcrumb","itemListElement":[{"@type":"ListItem","position":1,"name":"Home","item":"https:\/\/www.designreisen.de\/magazin\/"},{"@type":"ListItem","position":2,"name":"Europas sch\u00f6nste Pl\u00e4tze: Atemberaubend!"}]},{"@type":"WebSite","@id":"https:\/\/www.designreisen.de\/magazin\/#website","url":"https:\/\/www.designreisen.de\/magazin\/","name":"Connection to Paradise | Luxusreiseblog","description":"Der exklusive Reiseblog von DESIGNREISEN","potentialAction":[{"@type":"SearchAction","target":{"@type":"EntryPoint","urlTemplate":"https:\/\/www.designreisen.de\/magazin\/?s={search_term_string}"},"query-input":{"@type":"PropertyValueSpecification","valueRequired":true,"valueName":"search_term_string"}}],"inLanguage":"de"},{"@type":"Person","@id":"https:\/\/www.designreisen.de\/magazin\/#\/schema\/person\/9efe7468aa3eafad1826be30f72942e7","name":"Claudia Hilmbauer","image":{"@type":"ImageObject","inLanguage":"de","@id":"https:\/\/www.designreisen.de\/magazin\/wp-content\/uploads\/2023\/03\/cropped-claudia-hillmbauer-4083-final-zugeschnitten-96x96.jpg","url":"https:\/\/www.designreisen.de\/magazin\/wp-content\/uploads\/2023\/03\/cropped-claudia-hillmbauer-4083-final-zugeschnitten-96x96.jpg","contentUrl":"https:\/\/www.designreisen.de\/magazin\/wp-content\/uploads\/2023\/03\/cropped-claudia-hillmbauer-4083-final-zugeschnitten-96x96.jpg","caption":"Claudia Hilmbauer"}}]}},"_links":{"self":[{"href":"https:\/\/www.designreisen.de\/magazin\/wp-json\/wp\/v2\/posts\/9803","targetHints":{"allow":["GET"]}}],"collection":[{"href":"https:\/\/www.designreisen.de\/magazin\/wp-json\/wp\/v2\/posts"}],"about":[{"href":"https:\/\/www.designreisen.de\/magazin\/wp-json\/wp\/v2\/types\/post"}],"author":[{"embeddable":true,"href":"https:\/\/www.designreisen.de\/magazin\/wp-json\/wp\/v2\/users\/48"}],"replies":[{"embeddable":true,"href":"https:\/\/www.designreisen.de\/magazin\/wp-json\/wp\/v2\/comments?post=9803"}],"version-history":[{"count":19,"href":"https:\/\/www.designreisen.de\/magazin\/wp-json\/wp\/v2\/posts\/9803\/revisions"}],"predecessor-version":[{"id":9852,"href":"https:\/\/www.designreisen.de\/magazin\/wp-json\/wp\/v2\/posts\/9803\/revisions\/9852"}],"wp:featuredmedia":[{"embeddable":true,"href":"https:\/\/www.designreisen.de\/magazin\/wp-json\/wp\/v2\/media\/9820"}],"wp:attachment":[{"href":"https:\/\/www.designreisen.de\/magazin\/wp-json\/wp\/v2\/media?parent=9803"}],"wp:term":[{"taxonomy":"category","embeddable":true,"href":"https:\/\/www.designreisen.de\/magazin\/wp-json\/wp\/v2\/categories?post=9803"},{"taxonomy":"post_tag","embeddable":true,"href":"https:\/\/www.designreisen.de\/magazin\/wp-json\/wp\/v2\/tags?post=9803"}],"curies":[{"name":"wp","href":"https:\/\/api.w.org\/{rel}","templated":true}]}}